{"id":1004,"date":"2011-03-15T18:30:40","date_gmt":"2011-03-15T21:30:40","guid":{"rendered":"http:\/\/caballitotequiero.com.ar\/portal\/?p=1004"},"modified":"2011-03-15T18:30:40","modified_gmt":"2011-03-15T21:30:40","slug":"cuarta-reunion-del-preconsejo-consultivo-comunal-de-2011","status":"publish","type":"post","link":"http:\/\/caballitotequiero.com.ar\/portal\/2011\/03\/15\/cuarta-reunion-del-preconsejo-consultivo-comunal-de-2011\/","title":{"rendered":"CUARTA REUNI\u00d3N DEL PRECONSEJO CONSULTIVO COMUNAL DE 2011"},"content":{"rendered":"<table border=\"0\" cellspacing=\"0\" cellpadding=\"0\" width=\"600\">\n<tbody>\n<tr>\n<td>\n<div>El mi\u00e9rcoles 16 de marzo en correspondencia con la 4\u00aa reuni\u00f3n de 2011 del Preconsejo Consultivo de la Comuna 6, se encontrar\u00e1n las comisiones de trabajo en el CGPC6 sito en Av. D\u00edaz V\u00e9lez 4558 a las 18 horas.<\/p>\n<p>Las comisiones est\u00e1n abiertas a todos los vecinos de Caballito que est\u00e9n interesados y quieran sumarse a la tarea.<\/p><\/div>\n<\/td>\n<\/tr>\n<\/tbody>\n<\/table>\n","protected":false},"excerpt":{"rendered":"<p>El mi\u00e9rcoles 16 de marzo en correspondencia con la 4\u00aa reuni\u00f3n de 2011 del Preconsejo Consultivo de la Comuna 6, se encontrar\u00e1n las comisiones de trabajo en el CGPC6 sito en Av. D\u00edaz V\u00e9lez 4558 a las 18 horas. Las comisiones est\u00e1n abiertas a todos los vecinos de Caballito que est\u00e9n interesados y quieran sumarse [&hellip;]<\/p>\n","protected":false},"author":1,"featured_media":1005,"comment_status":"open","ping_status":"open","sticky":false,"template":"","format":"standard","meta":{"footnotes":""},"categories":[5],"tags":[],"class_list":["post-1004","post","type-post","status-publish","format-standard","has-post-thumbnail","hentry","category-noticias"],"_links":{"self":[{"href":"http:\/\/caballitotequiero.com.ar\/portal\/wp-json\/wp\/v2\/posts\/1004","targetHints":{"allow":["GET"]}}],"collection":[{"href":"http:\/\/caballitotequiero.com.ar\/portal\/wp-json\/wp\/v2\/posts"}],"about":[{"href":"http:\/\/caballitotequiero.com.ar\/portal\/wp-json\/wp\/v2\/types\/post"}],"author":[{"embeddable":true,"href":"http:\/\/caballitotequiero.com.ar\/portal\/wp-json\/wp\/v2\/users\/1"}],"replies":[{"embeddable":true,"href":"http:\/\/caballitotequiero.com.ar\/portal\/wp-json\/wp\/v2\/comments?post=1004"}],"version-history":[{"count":1,"href":"http:\/\/caballitotequiero.com.ar\/portal\/wp-json\/wp\/v2\/posts\/1004\/revisions"}],"predecessor-version":[{"id":1006,"href":"http:\/\/caballitotequiero.com.ar\/portal\/wp-json\/wp\/v2\/posts\/1004\/revisions\/1006"}],"wp:featuredmedia":[{"embeddable":true,"href":"http:\/\/caballitotequiero.com.ar\/portal\/wp-json\/wp\/v2\/media\/1005"}],"wp:attachment":[{"href":"http:\/\/caballitotequiero.com.ar\/portal\/wp-json\/wp\/v2\/media?parent=1004"}],"wp:term":[{"taxonomy":"category","embeddable":true,"href":"http:\/\/caballitotequiero.com.ar\/portal\/wp-json\/wp\/v2\/categories?post=1004"},{"taxonomy":"post_tag","embeddable":true,"href":"http:\/\/caballitotequiero.com.ar\/portal\/wp-json\/wp\/v2\/tags?post=1004"}],"curies":[{"name":"wp","href":"https:\/\/api.w.org\/{rel}","templated":true}]}}