{"id":1140,"date":"2011-03-22T16:25:20","date_gmt":"2011-03-22T19:25:20","guid":{"rendered":"http:\/\/caballitotequiero.com.ar\/portal\/?p=1140"},"modified":"2011-03-22T16:25:20","modified_gmt":"2011-03-22T19:25:20","slug":"falta-de-accesibilidad-para-personas-con-discapacidad-en-banos-de-confiterias-y-bares-de-la-ciudad","status":"publish","type":"post","link":"http:\/\/caballitotequiero.com.ar\/portal\/2011\/03\/22\/falta-de-accesibilidad-para-personas-con-discapacidad-en-banos-de-confiterias-y-bares-de-la-ciudad\/","title":{"rendered":"FALTA DE ACCESIBILIDAD PARA PERSONAS CON DISCAPACIDAD EN BA\u00d1OS DE CONFITER\u00cdAS Y BARES DE LA CIUDAD"},"content":{"rendered":"<p><img loading=\"lazy\" decoding=\"async\" class=\"alignleft size-medium wp-image-1141\" title=\"defensoria\" src=\"http:\/\/caballitotequiero.com.ar\/portal\/wp-content\/uploads\/2011\/03\/defensoria-300x68.jpg\" alt=\"\" width=\"300\" height=\"68\" srcset=\"http:\/\/caballitotequiero.com.ar\/portal\/wp-content\/uploads\/2011\/03\/defensoria-300x68.jpg 300w, http:\/\/caballitotequiero.com.ar\/portal\/wp-content\/uploads\/2011\/03\/defensoria.jpg 441w\" sizes=\"auto, (max-width: 300px) 100vw, 300px\" \/><\/p>\n<p>De acuerdo al derecho previsto en la leyes nacionales y de la Ciudad, se debe garantizar la autonom\u00eda y seguridad de personas con movilidad reducida (personas con discapacidad, mujeres embarazadas o portadoras de cochecitos para beb\u00e9s y adultos mayores) para utilizar los ba\u00f1os que poseen los locales comerciales con asistencia de p\u00fablico como bares y confiter\u00edas.<\/p>\n<p>Luego de numerosos reclamos presentados por vecinos de la Ciudad y en defensa de los principios manifestados en la Convenci\u00f3n sobre los Derechos de las Personas con Discapacidad, la Defensor\u00eda recomend\u00f3 que se promuevan las acciones conducentes para que se respete la normativa y que se ordenen las inspecciones correspondientes en los diferentes locales denunciados.<\/p>\n<p>Fuente: Agencia de Noticias de la Defensor\u00eda del Pueblo<\/p>\n","protected":false},"excerpt":{"rendered":"<p>De acuerdo al derecho previsto en la leyes nacionales y de la Ciudad, se debe garantizar la autonom\u00eda y seguridad de personas con movilidad reducida (personas con discapacidad, mujeres embarazadas o portadoras de cochecitos para beb\u00e9s y adultos mayores) para utilizar los ba\u00f1os que poseen los locales comerciales con asistencia de p\u00fablico como bares y [&hellip;]<\/p>\n","protected":false},"author":1,"featured_media":1142,"comment_status":"open","ping_status":"open","sticky":false,"template":"","format":"standard","meta":{"footnotes":""},"categories":[5],"tags":[],"class_list":["post-1140","post","type-post","status-publish","format-standard","has-post-thumbnail","hentry","category-noticias"],"_links":{"self":[{"href":"http:\/\/caballitotequiero.com.ar\/portal\/wp-json\/wp\/v2\/posts\/1140","targetHints":{"allow":["GET"]}}],"collection":[{"href":"http:\/\/caballitotequiero.com.ar\/portal\/wp-json\/wp\/v2\/posts"}],"about":[{"href":"http:\/\/caballitotequiero.com.ar\/portal\/wp-json\/wp\/v2\/types\/post"}],"author":[{"embeddable":true,"href":"http:\/\/caballitotequiero.com.ar\/portal\/wp-json\/wp\/v2\/users\/1"}],"replies":[{"embeddable":true,"href":"http:\/\/caballitotequiero.com.ar\/portal\/wp-json\/wp\/v2\/comments?post=1140"}],"version-history":[{"count":1,"href":"http:\/\/caballitotequiero.com.ar\/portal\/wp-json\/wp\/v2\/posts\/1140\/revisions"}],"predecessor-version":[{"id":1143,"href":"http:\/\/caballitotequiero.com.ar\/portal\/wp-json\/wp\/v2\/posts\/1140\/revisions\/1143"}],"wp:featuredmedia":[{"embeddable":true,"href":"http:\/\/caballitotequiero.com.ar\/portal\/wp-json\/wp\/v2\/media\/1142"}],"wp:attachment":[{"href":"http:\/\/caballitotequiero.com.ar\/portal\/wp-json\/wp\/v2\/media?parent=1140"}],"wp:term":[{"taxonomy":"category","embeddable":true,"href":"http:\/\/caballitotequiero.com.ar\/portal\/wp-json\/wp\/v2\/categories?post=1140"},{"taxonomy":"post_tag","embeddable":true,"href":"http:\/\/caballitotequiero.com.ar\/portal\/wp-json\/wp\/v2\/tags?post=1140"}],"curies":[{"name":"wp","href":"https:\/\/api.w.org\/{rel}","templated":true}]}}