{"id":1144,"date":"2011-03-22T23:06:00","date_gmt":"2011-03-23T02:06:00","guid":{"rendered":"http:\/\/caballitotequiero.com.ar\/portal\/?p=1144"},"modified":"2011-03-23T11:39:01","modified_gmt":"2011-03-23T14:39:01","slug":"el-sabado-26-de-marzo-concluyen-los-festejos-de-los-190-anos-de-caballito-en-el-parque-rivadavia","status":"publish","type":"post","link":"http:\/\/caballitotequiero.com.ar\/portal\/2011\/03\/22\/el-sabado-26-de-marzo-concluyen-los-festejos-de-los-190-anos-de-caballito-en-el-parque-rivadavia\/","title":{"rendered":"EL SABADO 26 DE MARZO CONCLUYEN LOS FESTEJOS DE LOS 190 A\u00d1OS DE CABALLITO EN EL PARQUE RIVADAVIA"},"content":{"rendered":"<p>El s\u00e1bado 26 de marzo, a partir de las 17 horas en el Parque Rivadavia, tendr\u00e1 lugar el cierre de los festejos por los 190 a\u00f1os del barrio de Caballito, organizados por la Red de Cultura.<\/p>\n<p><strong>El programa es el siguiente:<\/strong><\/p>\n<p><strong>17 hs:<\/strong> Se realizar\u00e1n paseos gratuitos en el Tranv\u00eda Hist\u00f3rico de Caballito, partiendo de su parada habitual de Emilio Mitre y Jos\u00e9 Bonifacio<\/p>\n<p><strong>18 hs:<\/strong> Clases abiertas de Tango y Milonga a cargo de docentes de los Centros Culturales Lola Mora y Alberto Olmedo, pertenecientes al Gobierno de la Ciudad de Buenos Aires.<\/p>\n<p><strong>19 hs:<\/strong> Show de Tango y Balada con Jaqueline Sigaut y su tr\u00edo<\/p>\n<p><strong>Cierre con fuegos artificiales<\/strong>: espectacular fin de los festejos a cargo del CGPC6.<\/p>\n<p><img loading=\"lazy\" decoding=\"async\" class=\"alignleft size-full wp-image-1145\" title=\"ANIVERSARIO DE CABALLITO 2011\" src=\"http:\/\/caballitotequiero.com.ar\/portal\/wp-content\/uploads\/2011\/03\/ANIVERSARIO-DE-CABALLITO-2011.jpg\" alt=\"\" width=\"680\" height=\"386\" srcset=\"http:\/\/caballitotequiero.com.ar\/portal\/wp-content\/uploads\/2011\/03\/ANIVERSARIO-DE-CABALLITO-2011.jpg 680w, http:\/\/caballitotequiero.com.ar\/portal\/wp-content\/uploads\/2011\/03\/ANIVERSARIO-DE-CABALLITO-2011-300x170.jpg 300w\" sizes=\"auto, (max-width: 680px) 100vw, 680px\" \/><\/p>\n","protected":false},"excerpt":{"rendered":"<p>El s\u00e1bado 26 de marzo, a partir de las 17 horas en el Parque Rivadavia, tendr\u00e1 lugar el cierre de los festejos por los 190 a\u00f1os del barrio de Caballito, organizados por la Red de Cultura. El programa es el siguiente: 17 hs: Se realizar\u00e1n paseos gratuitos en el Tranv\u00eda Hist\u00f3rico de Caballito, partiendo de [&hellip;]<\/p>\n","protected":false},"author":1,"featured_media":1146,"comment_status":"open","ping_status":"open","sticky":false,"template":"","format":"standard","meta":{"footnotes":""},"categories":[5],"tags":[],"class_list":["post-1144","post","type-post","status-publish","format-standard","has-post-thumbnail","hentry","category-noticias"],"_links":{"self":[{"href":"http:\/\/caballitotequiero.com.ar\/portal\/wp-json\/wp\/v2\/posts\/1144","targetHints":{"allow":["GET"]}}],"collection":[{"href":"http:\/\/caballitotequiero.com.ar\/portal\/wp-json\/wp\/v2\/posts"}],"about":[{"href":"http:\/\/caballitotequiero.com.ar\/portal\/wp-json\/wp\/v2\/types\/post"}],"author":[{"embeddable":true,"href":"http:\/\/caballitotequiero.com.ar\/portal\/wp-json\/wp\/v2\/users\/1"}],"replies":[{"embeddable":true,"href":"http:\/\/caballitotequiero.com.ar\/portal\/wp-json\/wp\/v2\/comments?post=1144"}],"version-history":[{"count":3,"href":"http:\/\/caballitotequiero.com.ar\/portal\/wp-json\/wp\/v2\/posts\/1144\/revisions"}],"predecessor-version":[{"id":1162,"href":"http:\/\/caballitotequiero.com.ar\/portal\/wp-json\/wp\/v2\/posts\/1144\/revisions\/1162"}],"wp:featuredmedia":[{"embeddable":true,"href":"http:\/\/caballitotequiero.com.ar\/portal\/wp-json\/wp\/v2\/media\/1146"}],"wp:attachment":[{"href":"http:\/\/caballitotequiero.com.ar\/portal\/wp-json\/wp\/v2\/media?parent=1144"}],"wp:term":[{"taxonomy":"category","embeddable":true,"href":"http:\/\/caballitotequiero.com.ar\/portal\/wp-json\/wp\/v2\/categories?post=1144"},{"taxonomy":"post_tag","embeddable":true,"href":"http:\/\/caballitotequiero.com.ar\/portal\/wp-json\/wp\/v2\/tags?post=1144"}],"curies":[{"name":"wp","href":"https:\/\/api.w.org\/{rel}","templated":true}]}}