{"id":1148,"date":"2011-03-22T23:22:23","date_gmt":"2011-03-23T02:22:23","guid":{"rendered":"http:\/\/caballitotequiero.com.ar\/portal\/?p=1148"},"modified":"2011-03-22T23:22:23","modified_gmt":"2011-03-23T02:22:23","slug":"cumple-80-anos-el-hospital-maria-curie","status":"publish","type":"post","link":"http:\/\/caballitotequiero.com.ar\/portal\/2011\/03\/22\/cumple-80-anos-el-hospital-maria-curie\/","title":{"rendered":"CUMPLE 80 A\u00d1OS EL HOSPITAL MARIA CURIE"},"content":{"rendered":"<div id=\"_mcePaste\">\n<p class=\"MsoNormal\" style=\"line-height: 14.25pt; background: white;\"><span style=\"font-size: 10.0pt; font-family: Arial; color: black;\">El Hospital de Oncolog\u00eda Mar\u00eda Curie abri\u00f3 sus puertas el 31 de marzo de 1931.<\/span><\/p>\n<p class=\"MsoNormal\" style=\"line-height: 14.25pt; background: white;\"><span style=\"font-size: 10.0pt; font-family: Arial; color: black;\"> <\/span><span style=\"font-family: Arial;\">Ubicado en el Parque Centenario, su primer nombre fue Hospital de Radiolog\u00eda, posteriormente cambi\u00f3 por el de Hospital Central de Radiaciones y Fisioterapia. Luego se llam\u00f3 Hospital Municipal de Oncolog\u00eda y finalmente, a partir de 1992, pas\u00f3 a denominarse: Hospital de Oncolog\u00eda Mar\u00eda Curie, en  honor a quien obtuviera dos premios nobel y descubridora del Radium.<\/span><\/p>\n<p class=\"MsoNormal\" style=\"line-height: 14.25pt; background: white;\"><span style=\"font-size: 10.0pt; font-family: Arial; color: black;\"> <\/span><span style=\"font-family: Arial;\">El Dr. Guillermo  Jos\u00e9 Temperley fue designado por concurso Director del Hospital del Oncolog\u00eda Mar\u00eda Curie el d\u00eda 2 de marzo de 2009.<\/span><\/p>\n<p class=\"MsoNormal\" style=\"line-height: 14.25pt; background: white;\"><span style=\"font-size: 10.0pt; font-family: Arial; color: black;\">El Hospital est\u00e1 compuesto por un Director M\u00e9dico, un Subdirector M\u00e9dico, cuatro Jefaturas Departamentales, dos Jefaturas de Divisi\u00f3n y tres Jefaturas de Unidad. Tiene consutorios matutinos y vespertinos, Unidad de Internaci\u00f3n con 120 camas y Guardia M\u00e9dica del Internado. Es un Hospital monovalente con atenci\u00f3n exclusiva de pacientes oncol\u00f3gicos, abarcando el \u00e1rea quir\u00fargica, radiante y quimioterapia. Tambi\u00e9n posee un centro de cuidados paliativos para aquellos pacientes que as\u00ed lo requieran.<\/span><\/p>\n<p class=\"MsoNormal\" style=\"line-height: 14.25pt; background: white;\"><span style=\"font-size: 10.0pt; font-family: Arial; color: black;\"> <\/span><span style=\"font-family: Arial;\">El Hospital  que se encuentra ubicado en  la calle Patricias Argentinas 750, del barrio de Caballito, est\u00e1  pr\u00f3ximo a cumplir sus primeros 80 a\u00f1os.<\/span><\/p>\n<p class=\"MsoNormal\" style=\"line-height: 14.25pt; background: white;\"><span style=\"font-size: 10.0pt; font-family: Arial; color: black;\">Por tal motivo se realizar\u00e1n diversos eventos.<\/span><\/p>\n<p class=\"MsoNormal\" style=\"line-height: 14.25pt; background: white;\"><span style=\"font-size: 10.0pt; font-family: Arial; color: black;\"> <\/span><span style=\"font-family: Arial;\">Se realizar\u00e1 un Congreso, cuyo lugar de encuentro ser\u00e1 el Hospital y se trasmitir\u00e1 en simult\u00e1neo al Instituto Leloir.<\/span><\/p>\n<p class=\"MsoNormal\" style=\"line-height: 14.25pt; background: white;\"><span style=\"font-size: 10.0pt; font-family: Arial; color: black;\">El d\u00eda 28 de marzo a las 08.30, se realizar\u00e1 la inauguraci\u00f3n de las jornadas, con la participaci\u00f3n del Ministro de Salud de la Naci\u00f3n, Dr. Juan Manzur y el Ministro de Salud del Gobierno de la Ciudad de Buenos Aires, Dr. Jorge Lemus.<\/span><\/p>\n<p class=\"MsoNormal\" style=\"line-height: 14.25pt; background: white;\"><span style=\"font-size: 10.0pt; font-family: Arial; color: black;\">Se proyectar\u00e1 una pel\u00edcula muda de tres minutos  filmada el 31 de marzo de 1931, cuando fue la inauguraci\u00f3n del Hospital; seguidamente se proyectar\u00e1 otra pel\u00edcula que muestra la actualidad del Hospital.<\/span><\/p>\n<p class=\"MsoNormal\" style=\"line-height: 14.25pt; background: white;\"><span style=\"font-size: 10.0pt; font-family: Arial; color: black;\">Posteriormente comenzar\u00e1n las sesiones cient\u00edficas en el horario de 08.30 a 18.30, los d\u00edas lunes, martes y mi\u00e9rcoles.<\/span><\/p>\n<p class=\"MsoNormal\" style=\"line-height: 14.25pt; background: white;\"><span style=\"font-size: 10.0pt; font-family: Arial; color: black;\"> <\/span><span style=\"font-family: Arial;\">El d\u00eda mi\u00e9rcoles 30 de marzo, por la noche, se realizar\u00e1 una recepci\u00f3n en el Sal\u00f3n Dorado de la Legislatura porte\u00f1a y una concertista de piano ejecutar\u00e1 piezas de Chopin, Debussy y compositores argentinos. Tambi\u00e9n se presentar\u00e1 un show de tango.<\/span><\/p>\n<p class=\"MsoNormal\" style=\"line-height: 14.25pt; background: white;\"><span style=\"font-size: 10.0pt; font-family: Arial; color: black;\"> <\/span><\/p>\n<p class=\"MsoNormal\" style=\"line-height: 14.25pt; background: white;\"><span style=\"font-size: 10.0pt; font-family: Arial; color: black;\">El d\u00eda 31 de marzo (d\u00eda del aniversario del Hospital), la f\u00edsica nuclear H\u00e8lenne Langevein Joliot (nieta de Mar\u00eda Curie) dictar\u00e1 una conferencia \u201cLa Mujer y la Ciencia\u201d.<\/span><\/p>\n<p class=\"MsoNormal\" style=\"line-height: 14.25pt; background: white;\"><span style=\"font-size: 10.0pt; font-family: Arial; color: black;\">Posteriormente se desarrollar\u00e1 el acto principal del aniversario descubri\u00e9ndose una placa en el aula principal del hospital, recordando el 80 aniversario del mismo con la presencia de la nieta de Mar\u00eda Curie.<\/span><\/p>\n<p class=\"MsoNormal\" style=\"line-height: 14.25pt; background: white;\"><span style=\"font-size: 10.0pt; font-family: Arial; color: black;\">En los jardines del Hospital tocara la Banda del Regimiento Patricios, y en el momento del izamiento de nuestra ense\u00f1a patria, un tenor cantar\u00e1 Aurora.<\/span><\/p>\n<p class=\"MsoNormal\" style=\"line-height: 14.25pt; background: white;\"><span style=\"font-size: 10.0pt; font-family: Arial; color: black;\">Participar\u00e1 tambien un Coro y a continuaci\u00f3n se servir\u00e1 un vino de honor en el Hospital.<\/span><\/p>\n<p class=\"MsoNormal\" style=\"line-height: 14.25pt; background: white;\"><span><span style=\"font-size: 10.0pt; font-family: Arial; color: #333333;\"><span>Tambi\u00e9n el jueves 31 de marzo, a partir de las 12.30 hs. y bajo el lema de \u00bb 80 a\u00f1os &#8211; 80 \u00e1rboles\u00bb<\/span><\/span>,<span><span style=\"font-size: 10.0pt; font-family: Arial; color: #333333;\"> la Asociaci\u00f3n Vecinos del Parque del Centenario, junto con alumnos de las distintas escuelas de Caballito, plantar\u00e1n 80 \u00e1rboles en el Parque del Centenario.<\/span><\/span><\/span><\/p>\n<p class=\"MsoNormal\" style=\"line-height: 14.25pt; background: white;\"><span><span><span style=\"font-size: 10.0pt; font-family: Arial; color: #333333;\"><img loading=\"lazy\" decoding=\"async\" class=\"alignleft size-full wp-image-1149\" title=\"0 maria curie 1\" src=\"http:\/\/caballitotequiero.com.ar\/portal\/wp-content\/uploads\/2011\/03\/0-maria-curie-1.jpg\" alt=\"\" width=\"510\" height=\"383\" srcset=\"http:\/\/caballitotequiero.com.ar\/portal\/wp-content\/uploads\/2011\/03\/0-maria-curie-1.jpg 510w, http:\/\/caballitotequiero.com.ar\/portal\/wp-content\/uploads\/2011\/03\/0-maria-curie-1-300x225.jpg 300w, http:\/\/caballitotequiero.com.ar\/portal\/wp-content\/uploads\/2011\/03\/0-maria-curie-1-80x60.jpg 80w\" sizes=\"auto, (max-width: 510px) 100vw, 510px\" \/><img loading=\"lazy\" decoding=\"async\" class=\"alignleft size-full wp-image-1150\" title=\"0 maria curie 2\" src=\"http:\/\/caballitotequiero.com.ar\/portal\/wp-content\/uploads\/2011\/03\/0-maria-curie-2.jpg\" alt=\"\" width=\"510\" height=\"383\" srcset=\"http:\/\/caballitotequiero.com.ar\/portal\/wp-content\/uploads\/2011\/03\/0-maria-curie-2.jpg 510w, http:\/\/caballitotequiero.com.ar\/portal\/wp-content\/uploads\/2011\/03\/0-maria-curie-2-300x225.jpg 300w, http:\/\/caballitotequiero.com.ar\/portal\/wp-content\/uploads\/2011\/03\/0-maria-curie-2-80x60.jpg 80w\" sizes=\"auto, (max-width: 510px) 100vw, 510px\" \/><\/span><\/span><\/span><\/p>\n<div id=\"attachment_1151\" style=\"width: 520px\" class=\"wp-caption alignleft\"><a href=\"http:\/\/caballitotequiero.com.ar\/portal\/wp-content\/uploads\/2011\/03\/0-maria-curie-dr-temperley.jpg\"><img loading=\"lazy\" decoding=\"async\" aria-describedby=\"caption-attachment-1151\" class=\"size-full wp-image-1151\" title=\"0 maria curie dr temperley\" src=\"http:\/\/caballitotequiero.com.ar\/portal\/wp-content\/uploads\/2011\/03\/0-maria-curie-dr-temperley.jpg\" alt=\"\" width=\"510\" height=\"383\" srcset=\"http:\/\/caballitotequiero.com.ar\/portal\/wp-content\/uploads\/2011\/03\/0-maria-curie-dr-temperley.jpg 510w, http:\/\/caballitotequiero.com.ar\/portal\/wp-content\/uploads\/2011\/03\/0-maria-curie-dr-temperley-300x225.jpg 300w, http:\/\/caballitotequiero.com.ar\/portal\/wp-content\/uploads\/2011\/03\/0-maria-curie-dr-temperley-80x60.jpg 80w\" sizes=\"auto, (max-width: 510px) 100vw, 510px\" \/><\/a><p id=\"caption-attachment-1151\" class=\"wp-caption-text\">Dr. Guilllermo Temperley, director del Hospital Mar\u00eda Curie<\/p><\/div>\n<p class=\"MsoNormal\">\n<\/div>\n","protected":false},"excerpt":{"rendered":"<p>El Hospital de Oncolog\u00eda Mar\u00eda Curie abri\u00f3 sus puertas el 31 de marzo de 1931. Ubicado en el Parque Centenario, su primer nombre fue Hospital de Radiolog\u00eda, posteriormente cambi\u00f3 por el de Hospital Central de Radiaciones y Fisioterapia. Luego se llam\u00f3 Hospital Municipal de Oncolog\u00eda y finalmente, a partir de 1992, pas\u00f3 a denominarse: Hospital [&hellip;]<\/p>\n","protected":false},"author":1,"featured_media":1152,"comment_status":"open","ping_status":"open","sticky":false,"template":"","format":"standard","meta":{"footnotes":""},"categories":[5],"tags":[],"class_list":["post-1148","post","type-post","status-publish","format-standard","has-post-thumbnail","hentry","category-noticias"],"_links":{"self":[{"href":"http:\/\/caballitotequiero.com.ar\/portal\/wp-json\/wp\/v2\/posts\/1148","targetHints":{"allow":["GET"]}}],"collection":[{"href":"http:\/\/caballitotequiero.com.ar\/portal\/wp-json\/wp\/v2\/posts"}],"about":[{"href":"http:\/\/caballitotequiero.com.ar\/portal\/wp-json\/wp\/v2\/types\/post"}],"author":[{"embeddable":true,"href":"http:\/\/caballitotequiero.com.ar\/portal\/wp-json\/wp\/v2\/users\/1"}],"replies":[{"embeddable":true,"href":"http:\/\/caballitotequiero.com.ar\/portal\/wp-json\/wp\/v2\/comments?post=1148"}],"version-history":[{"count":2,"href":"http:\/\/caballitotequiero.com.ar\/portal\/wp-json\/wp\/v2\/posts\/1148\/revisions"}],"predecessor-version":[{"id":1154,"href":"http:\/\/caballitotequiero.com.ar\/portal\/wp-json\/wp\/v2\/posts\/1148\/revisions\/1154"}],"wp:featuredmedia":[{"embeddable":true,"href":"http:\/\/caballitotequiero.com.ar\/portal\/wp-json\/wp\/v2\/media\/1152"}],"wp:attachment":[{"href":"http:\/\/caballitotequiero.com.ar\/portal\/wp-json\/wp\/v2\/media?parent=1148"}],"wp:term":[{"taxonomy":"category","embeddable":true,"href":"http:\/\/caballitotequiero.com.ar\/portal\/wp-json\/wp\/v2\/categories?post=1148"},{"taxonomy":"post_tag","embeddable":true,"href":"http:\/\/caballitotequiero.com.ar\/portal\/wp-json\/wp\/v2\/tags?post=1148"}],"curies":[{"name":"wp","href":"https:\/\/api.w.org\/{rel}","templated":true}]}}