{"id":1155,"date":"2011-03-22T23:30:55","date_gmt":"2011-03-23T02:30:55","guid":{"rendered":"http:\/\/caballitotequiero.com.ar\/portal\/?p=1155"},"modified":"2011-03-22T23:30:55","modified_gmt":"2011-03-23T02:30:55","slug":"maraton-por-los-80-anos-del-hospital-maria-curie","status":"publish","type":"post","link":"http:\/\/caballitotequiero.com.ar\/portal\/2011\/03\/22\/maraton-por-los-80-anos-del-hospital-maria-curie\/","title":{"rendered":"MARAT\u00d3N POR LOS 80 A\u00d1OS DEL HOSPITAL MAR\u00cdA CURIE"},"content":{"rendered":"<p>El domingo 27 de marzo, a partir de las 10.30 hs. se realizar\u00e1 una marat\u00f3n como parte de los festejos por los 80 a\u00f1os del Hospital de Oncolog\u00eda Mar\u00eda Curie.<\/p>\n<div id=\"_mcePaste\"><strong>El recorrido ser\u00e1:<\/strong><\/div>\n<div id=\"_mcePaste\"><strong>Largada:<\/strong> Hospital Mar\u00eda Curie. (Patricias Argentinas 750)<\/div>\n<div id=\"_mcePaste\">Av. Patricias Argentinas, Av. Angel Gallardo, Rotonda Cid Campeador, Av. D\u00edaz V\u00e9lez, Av. Patricias Argentinas.<\/div>\n<div id=\"_mcePaste\"><strong>Habr\u00e1 dos modalidades:<\/strong><\/div>\n<div id=\"_mcePaste\">Competitiva: 6 km  y Participativa: 3 km.<\/div>\n<div id=\"_mcePaste\">Los interesados podr\u00e1n inscribirse en el Hospital Mar\u00eda Curie, en la Federaci\u00f3n Atl\u00e9tica Metropolitana (H.Yrigoyen 3549, tel: 4864-2515) o en Aerorunners (Av. C\u00f3rdoba 1360, tel: 5811-1043)<\/div>\n<p><img loading=\"lazy\" decoding=\"async\" class=\"alignleft size-full wp-image-1156\" title=\"maraton parque centenario\" src=\"http:\/\/caballitotequiero.com.ar\/portal\/wp-content\/uploads\/2011\/03\/maraton-parque-centenario.jpg\" alt=\"\" width=\"544\" height=\"384\" srcset=\"http:\/\/caballitotequiero.com.ar\/portal\/wp-content\/uploads\/2011\/03\/maraton-parque-centenario.jpg 680w, http:\/\/caballitotequiero.com.ar\/portal\/wp-content\/uploads\/2011\/03\/maraton-parque-centenario-300x211.jpg 300w\" sizes=\"auto, (max-width: 544px) 100vw, 544px\" \/><\/p>\n","protected":false},"excerpt":{"rendered":"<p>El domingo 27 de marzo, a partir de las 10.30 hs. se realizar\u00e1 una marat\u00f3n como parte de los festejos por los 80 a\u00f1os del Hospital de Oncolog\u00eda Mar\u00eda Curie. El recorrido ser\u00e1: Largada: Hospital Mar\u00eda Curie. (Patricias Argentinas 750) Av. Patricias Argentinas, Av. Angel Gallardo, Rotonda Cid Campeador, Av. D\u00edaz V\u00e9lez, Av. Patricias Argentinas. [&hellip;]<\/p>\n","protected":false},"author":1,"featured_media":1157,"comment_status":"open","ping_status":"open","sticky":false,"template":"","format":"standard","meta":{"footnotes":""},"categories":[5],"tags":[],"class_list":["post-1155","post","type-post","status-publish","format-standard","has-post-thumbnail","hentry","category-noticias"],"_links":{"self":[{"href":"http:\/\/caballitotequiero.com.ar\/portal\/wp-json\/wp\/v2\/posts\/1155","targetHints":{"allow":["GET"]}}],"collection":[{"href":"http:\/\/caballitotequiero.com.ar\/portal\/wp-json\/wp\/v2\/posts"}],"about":[{"href":"http:\/\/caballitotequiero.com.ar\/portal\/wp-json\/wp\/v2\/types\/post"}],"author":[{"embeddable":true,"href":"http:\/\/caballitotequiero.com.ar\/portal\/wp-json\/wp\/v2\/users\/1"}],"replies":[{"embeddable":true,"href":"http:\/\/caballitotequiero.com.ar\/portal\/wp-json\/wp\/v2\/comments?post=1155"}],"version-history":[{"count":1,"href":"http:\/\/caballitotequiero.com.ar\/portal\/wp-json\/wp\/v2\/posts\/1155\/revisions"}],"predecessor-version":[{"id":1158,"href":"http:\/\/caballitotequiero.com.ar\/portal\/wp-json\/wp\/v2\/posts\/1155\/revisions\/1158"}],"wp:featuredmedia":[{"embeddable":true,"href":"http:\/\/caballitotequiero.com.ar\/portal\/wp-json\/wp\/v2\/media\/1157"}],"wp:attachment":[{"href":"http:\/\/caballitotequiero.com.ar\/portal\/wp-json\/wp\/v2\/media?parent=1155"}],"wp:term":[{"taxonomy":"category","embeddable":true,"href":"http:\/\/caballitotequiero.com.ar\/portal\/wp-json\/wp\/v2\/categories?post=1155"},{"taxonomy":"post_tag","embeddable":true,"href":"http:\/\/caballitotequiero.com.ar\/portal\/wp-json\/wp\/v2\/tags?post=1155"}],"curies":[{"name":"wp","href":"https:\/\/api.w.org\/{rel}","templated":true}]}}