{"id":1164,"date":"2011-03-24T01:20:31","date_gmt":"2011-03-24T04:20:31","guid":{"rendered":"http:\/\/caballitotequiero.com.ar\/portal\/?p=1164"},"modified":"2011-03-24T01:22:43","modified_gmt":"2011-03-24T04:22:43","slug":"un-recorrido-por-el-caballito-de-ayer","status":"publish","type":"post","link":"http:\/\/caballitotequiero.com.ar\/portal\/2011\/03\/24\/un-recorrido-por-el-caballito-de-ayer\/","title":{"rendered":"UN RECORRIDO POR EL CABALLITO DE AYER"},"content":{"rendered":"<p>A pedido de nuestros lectores y visitantes, publicamos una peque\u00f1a selecci\u00f3n de fotos antiguas de nuestro querido Caballito.<\/p>\n<p>Cada una de estas im\u00e1genes nos lleva a pasear por un pasado, a veces no muy lejano y nos despierta recuerdos y nostalgias.<\/p>\n<p>Los invitamos a dejar sus comentarios y compartir sus recuerdos, relatos, an\u00e9cdotas, sensaciones y sentimientos.<\/p>\n<p>Las fotos son parte del Archivo de Horizonte, de colecciones privadas, colaboraci\u00f3n de vecinos, del Archivo General de la Naci\u00f3n; algunas de ellas se est\u00e1n exponiendo en este momento, y hasta el 3 de abril, en el Museo de Esculturas Luis Perlotti. Una importante selecci\u00f3n de fotograf\u00edas ha sido publicada en nuestro libro, \u00abDe la Quinta Lezica al Parque Rivadavia\u00bb.<\/p>\n<p>Con ustedes, las fotos:<\/p>\n<div id=\"attachment_1165\" style=\"width: 520px\" class=\"wp-caption alignleft\"><img loading=\"lazy\" decoding=\"async\" aria-describedby=\"caption-attachment-1165\" class=\"size-full wp-image-1165\" title=\"Rivadavia al 5300 cine primera junta\" src=\"http:\/\/caballitotequiero.com.ar\/portal\/wp-content\/uploads\/2011\/03\/Rivadavia-al-5300-cine-primera-junta.jpg\" alt=\"\" width=\"510\" height=\"212\" srcset=\"http:\/\/caballitotequiero.com.ar\/portal\/wp-content\/uploads\/2011\/03\/Rivadavia-al-5300-cine-primera-junta.jpg 510w, http:\/\/caballitotequiero.com.ar\/portal\/wp-content\/uploads\/2011\/03\/Rivadavia-al-5300-cine-primera-junta-300x124.jpg 300w\" sizes=\"auto, (max-width: 510px) 100vw, 510px\" \/><p id=\"caption-attachment-1165\" class=\"wp-caption-text\">Av. Rivadavia al 5300, vereda par. Se observa a la izquierda el Cine Primera Junta, donde hoy est\u00e1 la Galer\u00eda Primera Junta y la Optica Saracco.<\/p><\/div>\n<div id=\"attachment_1166\" style=\"width: 520px\" class=\"wp-caption alignleft\"><img loading=\"lazy\" decoding=\"async\" aria-describedby=\"caption-attachment-1166\" class=\"size-full wp-image-1166\" title=\"El Hogar Obrero\" src=\"http:\/\/caballitotequiero.com.ar\/portal\/wp-content\/uploads\/2011\/03\/El-Hogar-Obrero.jpg\" alt=\"\" width=\"510\" height=\"323\" srcset=\"http:\/\/caballitotequiero.com.ar\/portal\/wp-content\/uploads\/2011\/03\/El-Hogar-Obrero.jpg 510w, http:\/\/caballitotequiero.com.ar\/portal\/wp-content\/uploads\/2011\/03\/El-Hogar-Obrero-300x190.jpg 300w, http:\/\/caballitotequiero.com.ar\/portal\/wp-content\/uploads\/2011\/03\/El-Hogar-Obrero-160x100.jpg 160w\" sizes=\"auto, (max-width: 510px) 100vw, 510px\" \/><p id=\"caption-attachment-1166\" class=\"wp-caption-text\">Rivadavia y Angel Gim\u00e9nez, edificio de la Cooperativa El Hogar Obrero<\/p><\/div>\n<div id=\"attachment_1167\" style=\"width: 520px\" class=\"wp-caption alignleft\"><img loading=\"lazy\" decoding=\"async\" aria-describedby=\"caption-attachment-1167\" class=\"size-full wp-image-1167\" title=\"Galeria Rivadavia 1956\" src=\"http:\/\/caballitotequiero.com.ar\/portal\/wp-content\/uploads\/2011\/03\/Galeria-Rivadavia-1956.jpg\" alt=\"\" width=\"510\" height=\"372\" srcset=\"http:\/\/caballitotequiero.com.ar\/portal\/wp-content\/uploads\/2011\/03\/Galeria-Rivadavia-1956.jpg 510w, http:\/\/caballitotequiero.com.ar\/portal\/wp-content\/uploads\/2011\/03\/Galeria-Rivadavia-1956-300x218.jpg 300w\" sizes=\"auto, (max-width: 510px) 100vw, 510px\" \/><p id=\"caption-attachment-1167\" class=\"wp-caption-text\">1956. Se acababa de inaugurar la Galer\u00eda Rivadavia, al lado, la Galer\u00eda Par\u00eds, todav\u00eda estaba en obra.<\/p><\/div>\n<div id=\"attachment_1168\" style=\"width: 520px\" class=\"wp-caption alignleft\"><img loading=\"lazy\" decoding=\"async\" aria-describedby=\"caption-attachment-1168\" class=\"size-full wp-image-1168\" title=\"riv y j m moreno decada 50\" src=\"http:\/\/caballitotequiero.com.ar\/portal\/wp-content\/uploads\/2011\/03\/riv-y-j-m-moreno-decada-50.jpg\" alt=\"\" width=\"510\" height=\"370\" srcset=\"http:\/\/caballitotequiero.com.ar\/portal\/wp-content\/uploads\/2011\/03\/riv-y-j-m-moreno-decada-50.jpg 510w, http:\/\/caballitotequiero.com.ar\/portal\/wp-content\/uploads\/2011\/03\/riv-y-j-m-moreno-decada-50-300x217.jpg 300w\" sizes=\"auto, (max-width: 510px) 100vw, 510px\" \/><p id=\"caption-attachment-1168\" class=\"wp-caption-text\">Rivadavia y Jos\u00e9 Mar\u00eda Moreno. (esquina 0este). Confiter\u00eda Ideal. Se llega a ver a la derecha el Cine Moreno.<\/p><\/div>\n<div id=\"attachment_1169\" style=\"width: 520px\" class=\"wp-caption alignleft\"><img loading=\"lazy\" decoding=\"async\" aria-describedby=\"caption-attachment-1169\" class=\"size-full wp-image-1169\" title=\"riv y j ma moreno esq sudeste\" src=\"http:\/\/caballitotequiero.com.ar\/portal\/wp-content\/uploads\/2011\/03\/riv-y-j-ma-moreno-esq-sudeste.jpg\" alt=\"\" width=\"510\" height=\"383\" srcset=\"http:\/\/caballitotequiero.com.ar\/portal\/wp-content\/uploads\/2011\/03\/riv-y-j-ma-moreno-esq-sudeste.jpg 510w, http:\/\/caballitotequiero.com.ar\/portal\/wp-content\/uploads\/2011\/03\/riv-y-j-ma-moreno-esq-sudeste-300x225.jpg 300w, http:\/\/caballitotequiero.com.ar\/portal\/wp-content\/uploads\/2011\/03\/riv-y-j-ma-moreno-esq-sudeste-80x60.jpg 80w\" sizes=\"auto, (max-width: 510px) 100vw, 510px\" \/><p id=\"caption-attachment-1169\" class=\"wp-caption-text\">Rivadavia y Jos\u00e9 Mar\u00eda Moreno (esquina este), donde hoy est\u00e1 &quot;Army&quot;. Llega a verse el edificio del Normal 4. A\u00fan no estaba el Sanatorio Ant\u00e1rtida.<\/p><\/div>\n<div id=\"attachment_1170\" style=\"width: 520px\" class=\"wp-caption alignleft\"><img loading=\"lazy\" decoding=\"async\" aria-describedby=\"caption-attachment-1170\" class=\"size-full wp-image-1170\" title=\"Cid Campeador\" src=\"http:\/\/caballitotequiero.com.ar\/portal\/wp-content\/uploads\/2011\/03\/Cid-Campeador.jpg\" alt=\"\" width=\"510\" height=\"326\" srcset=\"http:\/\/caballitotequiero.com.ar\/portal\/wp-content\/uploads\/2011\/03\/Cid-Campeador.jpg 510w, http:\/\/caballitotequiero.com.ar\/portal\/wp-content\/uploads\/2011\/03\/Cid-Campeador-300x191.jpg 300w\" sizes=\"auto, (max-width: 510px) 100vw, 510px\" \/><p id=\"caption-attachment-1170\" class=\"wp-caption-text\">Monumento al Cid Campeador con su pedestal original. Se observa en la esquina de Honorio Pueyrred\u00f3n y San Mart\u00edn el Cine R\u00edo de la Plata.<\/p><\/div>\n<div id=\"attachment_1171\" style=\"width: 520px\" class=\"wp-caption alignleft\"><a href=\"http:\/\/caballitotequiero.com.ar\/portal\/wp-content\/uploads\/2011\/03\/parque-visita-antigua-4.jpg\"><img loading=\"lazy\" decoding=\"async\" aria-describedby=\"caption-attachment-1171\" class=\"size-full wp-image-1171\" title=\"parque visita antigua 4\" src=\"http:\/\/caballitotequiero.com.ar\/portal\/wp-content\/uploads\/2011\/03\/parque-visita-antigua-4.jpg\" alt=\"\" width=\"510\" height=\"378\" srcset=\"http:\/\/caballitotequiero.com.ar\/portal\/wp-content\/uploads\/2011\/03\/parque-visita-antigua-4.jpg 510w, http:\/\/caballitotequiero.com.ar\/portal\/wp-content\/uploads\/2011\/03\/parque-visita-antigua-4-300x222.jpg 300w, http:\/\/caballitotequiero.com.ar\/portal\/wp-content\/uploads\/2011\/03\/parque-visita-antigua-4-80x60.jpg 80w\" sizes=\"auto, (max-width: 510px) 100vw, 510px\" \/><\/a><p id=\"caption-attachment-1171\" class=\"wp-caption-text\">Un paseo por el Parque Rivadavia <\/p><\/div>\n<div id=\"attachment_1172\" style=\"width: 520px\" class=\"wp-caption alignleft\"><img loading=\"lazy\" decoding=\"async\" aria-describedby=\"caption-attachment-1172\" class=\"size-full wp-image-1172\" title=\"Rivadavia y Parral\" src=\"http:\/\/caballitotequiero.com.ar\/portal\/wp-content\/uploads\/2011\/03\/Rivadavia-y-Parral.jpg\" alt=\"\" width=\"510\" height=\"337\" srcset=\"http:\/\/caballitotequiero.com.ar\/portal\/wp-content\/uploads\/2011\/03\/Rivadavia-y-Parral.jpg 510w, http:\/\/caballitotequiero.com.ar\/portal\/wp-content\/uploads\/2011\/03\/Rivadavia-y-Parral-300x198.jpg 300w\" sizes=\"auto, (max-width: 510px) 100vw, 510px\" \/><p id=\"caption-attachment-1172\" class=\"wp-caption-text\">Rivadavia al 5200. Donde se ve &quot;la Pitman&quot; est\u00e1 hoy Garbarino.<\/p><\/div>\n<div id=\"attachment_1174\" style=\"width: 520px\" class=\"wp-caption alignleft\"><img loading=\"lazy\" decoding=\"async\" aria-describedby=\"caption-attachment-1174\" class=\"size-full wp-image-1174\" title=\"Rojas y Yerbal   ferreteria\" src=\"http:\/\/caballitotequiero.com.ar\/portal\/wp-content\/uploads\/2011\/03\/Rojas-y-Yerbal-ferreteria.jpg\" alt=\"\" width=\"510\" height=\"341\" srcset=\"http:\/\/caballitotequiero.com.ar\/portal\/wp-content\/uploads\/2011\/03\/Rojas-y-Yerbal-ferreteria.jpg 510w, http:\/\/caballitotequiero.com.ar\/portal\/wp-content\/uploads\/2011\/03\/Rojas-y-Yerbal-ferreteria-300x200.jpg 300w\" sizes=\"auto, (max-width: 510px) 100vw, 510px\" \/><p id=\"caption-attachment-1174\" class=\"wp-caption-text\">Rojas del 0 al 100. La cuadra que se obserba es donde est\u00e1 hoy la placita Cris\u00f3logo Larralde (Rojas y Yerbal). Al fondo, la Plaza Primera Junta<\/p><\/div>\n<div id=\"attachment_1176\" style=\"width: 520px\" class=\"wp-caption alignleft\"><img loading=\"lazy\" decoding=\"async\" aria-describedby=\"caption-attachment-1176\" class=\"size-full wp-image-1176\" title=\"Banquito parque\" src=\"http:\/\/caballitotequiero.com.ar\/portal\/wp-content\/uploads\/2011\/03\/Banquito-parque.jpg\" alt=\"\" width=\"510\" height=\"345\" srcset=\"http:\/\/caballitotequiero.com.ar\/portal\/wp-content\/uploads\/2011\/03\/Banquito-parque.jpg 510w, http:\/\/caballitotequiero.com.ar\/portal\/wp-content\/uploads\/2011\/03\/Banquito-parque-300x202.jpg 300w\" sizes=\"auto, (max-width: 510px) 100vw, 510px\" \/><p id=\"caption-attachment-1176\" class=\"wp-caption-text\">Parque Rivadavia &quot;mini Banco Ciudad&quot;, funcion\u00f3 solo dos a\u00f1os: 1989 y 1990. Fue demolido en 1997.<\/p><\/div>\n<div id=\"attachment_1177\" style=\"width: 520px\" class=\"wp-caption alignleft\"><img loading=\"lazy\" decoding=\"async\" aria-describedby=\"caption-attachment-1177\" class=\"size-full wp-image-1177\" title=\"Veleta Almacen  Domato\" src=\"http:\/\/caballitotequiero.com.ar\/portal\/wp-content\/uploads\/2011\/03\/Veleta-Almacen-Domato.jpg\" alt=\"\" width=\"510\" height=\"342\" srcset=\"http:\/\/caballitotequiero.com.ar\/portal\/wp-content\/uploads\/2011\/03\/Veleta-Almacen-Domato.jpg 510w, http:\/\/caballitotequiero.com.ar\/portal\/wp-content\/uploads\/2011\/03\/Veleta-Almacen-Domato-300x201.jpg 300w\" sizes=\"auto, (max-width: 510px) 100vw, 510px\" \/><p id=\"caption-attachment-1177\" class=\"wp-caption-text\">Rivadavia y Emilio Mitre (esquina sudeste). Almac\u00e9n de la familia Domato. Fue la \u00faltima ubicaci\u00f3n de la hist\u00f3rica veleta antes de ser donada al Museo de Luj\u00e1n.<\/p><\/div>\n","protected":false},"excerpt":{"rendered":"<p>A pedido de nuestros lectores y visitantes, publicamos una peque\u00f1a selecci\u00f3n de fotos antiguas de nuestro querido Caballito. Cada una de estas im\u00e1genes nos lleva a pasear por un pasado, a veces no muy lejano y nos despierta recuerdos y nostalgias. Los invitamos a dejar sus comentarios y compartir sus recuerdos, relatos, an\u00e9cdotas, sensaciones y [&hellip;]<\/p>\n","protected":false},"author":1,"featured_media":1178,"comment_status":"open","ping_status":"open","sticky":false,"template":"","format":"standard","meta":{"footnotes":""},"categories":[5],"tags":[],"class_list":["post-1164","post","type-post","status-publish","format-standard","has-post-thumbnail","hentry","category-noticias"],"_links":{"self":[{"href":"http:\/\/caballitotequiero.com.ar\/portal\/wp-json\/wp\/v2\/posts\/1164","targetHints":{"allow":["GET"]}}],"collection":[{"href":"http:\/\/caballitotequiero.com.ar\/portal\/wp-json\/wp\/v2\/posts"}],"about":[{"href":"http:\/\/caballitotequiero.com.ar\/portal\/wp-json\/wp\/v2\/types\/post"}],"author":[{"embeddable":true,"href":"http:\/\/caballitotequiero.com.ar\/portal\/wp-json\/wp\/v2\/users\/1"}],"replies":[{"embeddable":true,"href":"http:\/\/caballitotequiero.com.ar\/portal\/wp-json\/wp\/v2\/comments?post=1164"}],"version-history":[{"count":3,"href":"http:\/\/caballitotequiero.com.ar\/portal\/wp-json\/wp\/v2\/posts\/1164\/revisions"}],"predecessor-version":[{"id":1180,"href":"http:\/\/caballitotequiero.com.ar\/portal\/wp-json\/wp\/v2\/posts\/1164\/revisions\/1180"}],"wp:featuredmedia":[{"embeddable":true,"href":"http:\/\/caballitotequiero.com.ar\/portal\/wp-json\/wp\/v2\/media\/1178"}],"wp:attachment":[{"href":"http:\/\/caballitotequiero.com.ar\/portal\/wp-json\/wp\/v2\/media?parent=1164"}],"wp:term":[{"taxonomy":"category","embeddable":true,"href":"http:\/\/caballitotequiero.com.ar\/portal\/wp-json\/wp\/v2\/categories?post=1164"},{"taxonomy":"post_tag","embeddable":true,"href":"http:\/\/caballitotequiero.com.ar\/portal\/wp-json\/wp\/v2\/tags?post=1164"}],"curies":[{"name":"wp","href":"https:\/\/api.w.org\/{rel}","templated":true}]}}