{"id":1182,"date":"2011-03-27T20:51:50","date_gmt":"2011-03-27T23:51:50","guid":{"rendered":"http:\/\/caballitotequiero.com.ar\/portal\/?p=1182"},"modified":"2011-04-26T11:57:26","modified_gmt":"2011-04-26T14:57:26","slug":"cierre-de-los-festejos-por-los-190-anos-del-barrio-de-caballito","status":"publish","type":"post","link":"http:\/\/caballitotequiero.com.ar\/portal\/2011\/03\/27\/cierre-de-los-festejos-por-los-190-anos-del-barrio-de-caballito\/","title":{"rendered":"CIERRE DE LOS FESTEJOS POR LOS 190 A\u00d1OS DEL BARRIO DE CABALLITO"},"content":{"rendered":"<p>El s\u00e1bado 26 de marzo, tuvo lugar en el Parque Rivadavia el postergado cierre de los festejos por el 190\u00ba Aniversario del barrio de Caballito.<\/p>\n<p>Adem\u00e1s de los vecinos que acercaron a participar de los festejos, pudo verse a  representantes de diferentes ONGs e instituciones del barrio ,  tambi\u00e9n la Defensor\u00eda del Pueblo se hizo presente, a trav\u00e9s de Ezequiel Cuervo.<\/p>\n<p>A las 18.30, el Centro Cultural Lola Mora, a trav\u00e9s de sus profesores de tango, Anita Monteagudo y Pablo Retamar, ofreci\u00f3 una clase abierta de esa danza popular.<\/p>\n<p>Fueron varios los vecinos y vecinas que participaron de la actividad. Luego, los propios docentes, Anita y Pablo, bailaron un tango con cortes y quebradas que arranc\u00f3 los aplausos del p\u00fablico.<\/p>\n<p>Seguidamente, hizo su presentaci\u00f3n la cantante Jacqueline Sigaut, acompa\u00f1ada por su tr\u00edo: Franco Polimeni, en piano; Clemente Carrascal en bandone\u00f3n y Juan Kaunitz en contrabajo.<\/p>\n<p>Jacqueline. Vecina del barrio de Caballito, Jaqueline acaba de arribar del Festival de Tango de Granada (Espa\u00f1a), donde fuera merecedora de elogiosas cr\u00edticas por parte de la prensa local.<\/p>\n<p>Bast\u00f3 un primer tema para que, la voz y el carisma de la artista conquistaran al p\u00fablico.<\/p>\n<p>Uno a uno, cada tango, cosecharon aplausos y ovaciones. Uno a uno, cada tango, fue creando ese clima especial, que s\u00f3lo algunos artistas consiguen. Una c\u00e1lida comuni\u00f3n entre el cantante y el espectador.<\/p>\n<p>Durante un corto intervalo, el Director del CGPC 6, Marcelo Iambrich, otorg\u00f3 distinciones a asociaciones y vecinos del barrio, integrantes de la Red de Cultura, y a los artistas presentes.<\/p>\n<p>En cada entrega, el Director, Iambrich, destac\u00f3 el trabajo y apoyo que cada uno de los integrantes de la Red, ofreci\u00f3 para que, la Semana del Barrio de Caballito fuera una realidad a trav\u00e9s de los m\u00faltiples festejos, que tuvieran lugar el pasado mes de febrero.<\/p>\n<p>La segunda entrada de Jacqueline Sigaut pareci\u00f3 llenar la noche del Parque Rivadavia con  emoci\u00f3n y romanticismo.<\/p>\n<p>El cierre encerraba una grata sorpresa para los asistentes. Una versi\u00f3n libre (de Marcelo Iambrich), del tango de Eladia Bl\u00e1zquez: \u201cMi ciudad y mi gente\u201d, como agasajo al barrio.<\/p>\n<p>Con el \u00faltimo verso, con la voz de Jacqueline todav\u00eda enredada en el arco del monumento a Bol\u00edvar; estall\u00f3 la noche en fuegos artificiales.<\/p>\n<p>Los aplausos de los m\u00e1s de quinientos vecinos asistentes, prolongaron por m\u00e1s de diez minutos el cierre de los festejos.<\/p>\n<p>As\u00ed Caballito tuvo su merecido homenaje. Un homenaje para el cual trabajaron los integrantes de la  Red de Cultura, el CGPC 6, a trav\u00e9s de sus funcionarios y empleados, en especial la cuadrilla que pone el hombro para cada evento en el barrio. Pero sobre todo los vecinos, ya que sin su apoyo y presencia nada de lo que se organiza, tendr\u00eda trascendencia.<\/p>\n<p>Vale, para estos 190 a\u00f1os, rescatar las palabras de cierre del Director del CGPC 6, Macrelo Iambrich: \u201cPara so\u00f1ar, no hace falta estar dormido. Para so\u00f1ar hacen falta tener ganas de so\u00f1ar\u201d .<\/p>\n<p><strong>Invitamos a nuestros lectores a ver el video (4 minutos), en esta misma p\u00e1gina, donde podr\u00e1n disfrutar el \u00faltimo tema de Jaqueline Siguat y parte de los fuegos artificiales.<\/strong><\/p>\n<div id=\"attachment_1183\" style=\"width: 520px\" class=\"wp-caption alignleft\"><img loading=\"lazy\" decoding=\"async\" aria-describedby=\"caption-attachment-1183\" class=\"size-full wp-image-1183\" title=\"0 dia caballito cartel\" src=\"http:\/\/caballitotequiero.com.ar\/portal\/wp-content\/uploads\/2011\/03\/0-dia-caballito-cartel.jpg\" alt=\"\" width=\"510\" height=\"303\" srcset=\"http:\/\/caballitotequiero.com.ar\/portal\/wp-content\/uploads\/2011\/03\/0-dia-caballito-cartel.jpg 510w, http:\/\/caballitotequiero.com.ar\/portal\/wp-content\/uploads\/2011\/03\/0-dia-caballito-cartel-300x178.jpg 300w\" sizes=\"auto, (max-width: 510px) 100vw, 510px\" \/><p id=\"caption-attachment-1183\" class=\"wp-caption-text\">El evento estuvo organizado por la Red de Cultura de Caballito<\/p><\/div>\n<div id=\"attachment_1184\" style=\"width: 520px\" class=\"wp-caption alignleft\"><img loading=\"lazy\" decoding=\"async\" aria-describedby=\"caption-attachment-1184\" class=\"size-full wp-image-1184\" title=\"0 dia caballito clases tango 1\" src=\"http:\/\/caballitotequiero.com.ar\/portal\/wp-content\/uploads\/2011\/03\/0-dia-caballito-clases-tango-1.jpg\" alt=\"\" width=\"510\" height=\"383\" srcset=\"http:\/\/caballitotequiero.com.ar\/portal\/wp-content\/uploads\/2011\/03\/0-dia-caballito-clases-tango-1.jpg 510w, http:\/\/caballitotequiero.com.ar\/portal\/wp-content\/uploads\/2011\/03\/0-dia-caballito-clases-tango-1-300x225.jpg 300w, http:\/\/caballitotequiero.com.ar\/portal\/wp-content\/uploads\/2011\/03\/0-dia-caballito-clases-tango-1-80x60.jpg 80w\" sizes=\"auto, (max-width: 510px) 100vw, 510px\" \/><p id=\"caption-attachment-1184\" class=\"wp-caption-text\">Clases de Tango a cargo del Centro Cultural Lola Mora<\/p><\/div>\n<div id=\"attachment_1206\" style=\"width: 520px\" class=\"wp-caption alignleft\"><img loading=\"lazy\" decoding=\"async\" aria-describedby=\"caption-attachment-1206\" class=\"size-full wp-image-1206\" title=\"0 dia caballito MESA DEFENSOR\u00cdA\" src=\"http:\/\/caballitotequiero.com.ar\/portal\/wp-content\/uploads\/2011\/03\/0-dia-caballito-MESA-DEFENSOR\u00cdA2.jpg\" alt=\"\" width=\"510\" height=\"383\" srcset=\"http:\/\/caballitotequiero.com.ar\/portal\/wp-content\/uploads\/2011\/03\/0-dia-caballito-MESA-DEFENSOR\u00cdA2.jpg 510w, http:\/\/caballitotequiero.com.ar\/portal\/wp-content\/uploads\/2011\/03\/0-dia-caballito-MESA-DEFENSOR\u00cdA2-300x225.jpg 300w, http:\/\/caballitotequiero.com.ar\/portal\/wp-content\/uploads\/2011\/03\/0-dia-caballito-MESA-DEFENSOR\u00cdA2-80x60.jpg 80w\" sizes=\"auto, (max-width: 510px) 100vw, 510px\" \/><p id=\"caption-attachment-1206\" class=\"wp-caption-text\">Los directores de Horizonte junto a Marcelo Iambrich, director del CGPC6; Fabi\u00e1n Bullota, jefe de gabinete del CGPC6 y Ezequiel Cuervo de la Defensor\u00eda del Pueblo. &quot;Horizonte, la Revista de Caballito&quot; entreg\u00f3 durante el evento m\u00e1d de 500 ejemplares de su \u00faltima edici\u00f3n.<\/p><\/div>\n<div id=\"attachment_1186\" style=\"width: 520px\" class=\"wp-caption alignleft\"><a href=\"http:\/\/caballitotequiero.com.ar\/portal\/wp-content\/uploads\/2011\/03\/0-dia-caballito-jaqueline-0.jpg\"><img loading=\"lazy\" decoding=\"async\" aria-describedby=\"caption-attachment-1186\" class=\"size-full wp-image-1186\" title=\"0 dia caballito jaqueline 0\" src=\"http:\/\/caballitotequiero.com.ar\/portal\/wp-content\/uploads\/2011\/03\/0-dia-caballito-jaqueline-0.jpg\" alt=\"Jaqueline Sigaut present\u00f3 su nuevo \u00e1lbum &quot;Porque Quiero&quot;.\" width=\"510\" height=\"383\" srcset=\"http:\/\/caballitotequiero.com.ar\/portal\/wp-content\/uploads\/2011\/03\/0-dia-caballito-jaqueline-0.jpg 510w, http:\/\/caballitotequiero.com.ar\/portal\/wp-content\/uploads\/2011\/03\/0-dia-caballito-jaqueline-0-300x225.jpg 300w, http:\/\/caballitotequiero.com.ar\/portal\/wp-content\/uploads\/2011\/03\/0-dia-caballito-jaqueline-0-80x60.jpg 80w\" sizes=\"auto, (max-width: 510px) 100vw, 510px\" \/><\/a><p id=\"caption-attachment-1186\" class=\"wp-caption-text\">Jaqueline Sigaut present\u00f3 su nuevo \u00e1lbum &quot;Porque Quiero&quot;.<\/p><\/div>\n<p><img loading=\"lazy\" decoding=\"async\" class=\"alignleft size-full wp-image-1185\" title=\"0 dia caballito clases tango 2\" src=\"http:\/\/caballitotequiero.com.ar\/portal\/wp-content\/uploads\/2011\/03\/0-dia-caballito-clases-tango-2.jpg\" alt=\"\" width=\"510\" height=\"401\" srcset=\"http:\/\/caballitotequiero.com.ar\/portal\/wp-content\/uploads\/2011\/03\/0-dia-caballito-clases-tango-2.jpg 510w, http:\/\/caballitotequiero.com.ar\/portal\/wp-content\/uploads\/2011\/03\/0-dia-caballito-clases-tango-2-300x235.jpg 300w\" sizes=\"auto, (max-width: 510px) 100vw, 510px\" \/><img loading=\"lazy\" decoding=\"async\" class=\"alignleft size-full wp-image-1187\" title=\"0 dia caballito jaqueline 1\" src=\"http:\/\/caballitotequiero.com.ar\/portal\/wp-content\/uploads\/2011\/03\/0-dia-caballito-jaqueline-1.jpg\" alt=\"\" width=\"510\" height=\"383\" srcset=\"http:\/\/caballitotequiero.com.ar\/portal\/wp-content\/uploads\/2011\/03\/0-dia-caballito-jaqueline-1.jpg 510w, http:\/\/caballitotequiero.com.ar\/portal\/wp-content\/uploads\/2011\/03\/0-dia-caballito-jaqueline-1-300x225.jpg 300w, http:\/\/caballitotequiero.com.ar\/portal\/wp-content\/uploads\/2011\/03\/0-dia-caballito-jaqueline-1-80x60.jpg 80w\" sizes=\"auto, (max-width: 510px) 100vw, 510px\" \/><\/p>\n<div id=\"attachment_1188\" style=\"width: 520px\" class=\"wp-caption alignleft\"><a href=\"http:\/\/caballitotequiero.com.ar\/portal\/wp-content\/uploads\/2011\/03\/0-dia-caballito-jaqueline-premio.jpg\"><img loading=\"lazy\" decoding=\"async\" aria-describedby=\"caption-attachment-1188\" class=\"size-full wp-image-1188\" title=\"0 dia caballito jaqueline premio\" src=\"http:\/\/caballitotequiero.com.ar\/portal\/wp-content\/uploads\/2011\/03\/0-dia-caballito-jaqueline-premio.jpg\" alt=\"\" width=\"510\" height=\"383\" srcset=\"http:\/\/caballitotequiero.com.ar\/portal\/wp-content\/uploads\/2011\/03\/0-dia-caballito-jaqueline-premio.jpg 510w, http:\/\/caballitotequiero.com.ar\/portal\/wp-content\/uploads\/2011\/03\/0-dia-caballito-jaqueline-premio-300x225.jpg 300w, http:\/\/caballitotequiero.com.ar\/portal\/wp-content\/uploads\/2011\/03\/0-dia-caballito-jaqueline-premio-80x60.jpg 80w\" sizes=\"auto, (max-width: 510px) 100vw, 510px\" \/><\/a><p id=\"caption-attachment-1188\" class=\"wp-caption-text\">El director del CGPC6, Marcelo Iambrich, entreg\u00f3 un reconocimiento a la artista Jaqueline Sigaut<\/p><\/div>\n<div id=\"attachment_1189\" style=\"width: 520px\" class=\"wp-caption alignleft\"><img loading=\"lazy\" decoding=\"async\" aria-describedby=\"caption-attachment-1189\" class=\"size-full wp-image-1189\" title=\"0 dia caballito horizonte\" src=\"http:\/\/caballitotequiero.com.ar\/portal\/wp-content\/uploads\/2011\/03\/0-dia-caballito-horizonte.jpg\" alt=\"\" width=\"510\" height=\"383\" srcset=\"http:\/\/caballitotequiero.com.ar\/portal\/wp-content\/uploads\/2011\/03\/0-dia-caballito-horizonte.jpg 510w, http:\/\/caballitotequiero.com.ar\/portal\/wp-content\/uploads\/2011\/03\/0-dia-caballito-horizonte-300x225.jpg 300w, http:\/\/caballitotequiero.com.ar\/portal\/wp-content\/uploads\/2011\/03\/0-dia-caballito-horizonte-80x60.jpg 80w\" sizes=\"auto, (max-width: 510px) 100vw, 510px\" \/><p id=\"caption-attachment-1189\" class=\"wp-caption-text\">Los directores de &quot;Horizonte, la Revista de Caballito&quot;, Marina Bussio y H\u00e9ctor N\u00fa\u00f1ez Castro, tambi\u00e9n fueron distinguidos por su participaci\u00f3n.<\/p><\/div>\n<div id=\"attachment_1190\" style=\"width: 520px\" class=\"wp-caption alignleft\"><img loading=\"lazy\" decoding=\"async\" aria-describedby=\"caption-attachment-1190\" class=\"size-full wp-image-1190\" title=\"0 dia caballito ferro\" src=\"http:\/\/caballitotequiero.com.ar\/portal\/wp-content\/uploads\/2011\/03\/0-dia-caballito-ferro.jpg\" alt=\"\" width=\"510\" height=\"383\" srcset=\"http:\/\/caballitotequiero.com.ar\/portal\/wp-content\/uploads\/2011\/03\/0-dia-caballito-ferro.jpg 510w, http:\/\/caballitotequiero.com.ar\/portal\/wp-content\/uploads\/2011\/03\/0-dia-caballito-ferro-300x225.jpg 300w, http:\/\/caballitotequiero.com.ar\/portal\/wp-content\/uploads\/2011\/03\/0-dia-caballito-ferro-80x60.jpg 80w\" sizes=\"auto, (max-width: 510px) 100vw, 510px\" \/><p id=\"caption-attachment-1190\" class=\"wp-caption-text\">Eleonora Mart\u00edn, representando al Club Ferrocarril Oeste, recibe su distinci\u00f3n por la participaci\u00f3n en los festejos.<\/p><\/div>\n<div id=\"attachment_1191\" style=\"width: 520px\" class=\"wp-caption alignleft\"><img loading=\"lazy\" decoding=\"async\" aria-describedby=\"caption-attachment-1191\" class=\"size-full wp-image-1191\" title=\"0 dia caballito vec pque cent\" src=\"http:\/\/caballitotequiero.com.ar\/portal\/wp-content\/uploads\/2011\/03\/0-dia-caballito-vec-pque-cent.jpg\" alt=\"\" width=\"510\" height=\"383\" srcset=\"http:\/\/caballitotequiero.com.ar\/portal\/wp-content\/uploads\/2011\/03\/0-dia-caballito-vec-pque-cent.jpg 510w, http:\/\/caballitotequiero.com.ar\/portal\/wp-content\/uploads\/2011\/03\/0-dia-caballito-vec-pque-cent-300x225.jpg 300w, http:\/\/caballitotequiero.com.ar\/portal\/wp-content\/uploads\/2011\/03\/0-dia-caballito-vec-pque-cent-80x60.jpg 80w\" sizes=\"auto, (max-width: 510px) 100vw, 510px\" \/><p id=\"caption-attachment-1191\" class=\"wp-caption-text\">Marcelo Iambrich y Silvia Molina, entregan la distinci\u00f3n a la Asociaci\u00f3n Vecinos del Parque Centenario, reciben Ana Paulino y Beatriz Oller.<\/p><\/div>\n<div id=\"attachment_1193\" style=\"width: 520px\" class=\"wp-caption alignleft\"><img loading=\"lazy\" decoding=\"async\" aria-describedby=\"caption-attachment-1193\" class=\"size-full wp-image-1193\" title=\"0 dia caballito caballito puede\" src=\"http:\/\/caballitotequiero.com.ar\/portal\/wp-content\/uploads\/2011\/03\/0-dia-caballito-caballito-puede.jpg\" alt=\"\" width=\"510\" height=\"383\" srcset=\"http:\/\/caballitotequiero.com.ar\/portal\/wp-content\/uploads\/2011\/03\/0-dia-caballito-caballito-puede.jpg 510w, http:\/\/caballitotequiero.com.ar\/portal\/wp-content\/uploads\/2011\/03\/0-dia-caballito-caballito-puede-300x225.jpg 300w, http:\/\/caballitotequiero.com.ar\/portal\/wp-content\/uploads\/2011\/03\/0-dia-caballito-caballito-puede-80x60.jpg 80w\" sizes=\"auto, (max-width: 510px) 100vw, 510px\" \/><p id=\"caption-attachment-1193\" class=\"wp-caption-text\">La Asociaci\u00f3n Civil Caballito Puede recibi\u00f3 su distinci\u00f3n por su participaci\u00f3n en la Semana de Caballito. Marcelo Hotasegui, presidente y Liliana Fuente, vicepresidente recibieron el reconocimiento.<\/p><\/div>\n<div id=\"attachment_1194\" style=\"width: 520px\" class=\"wp-caption alignleft\"><img loading=\"lazy\" decoding=\"async\" aria-describedby=\"caption-attachment-1194\" class=\"size-full wp-image-1194\" title=\"0 dia caballito lola mora\" src=\"http:\/\/caballitotequiero.com.ar\/portal\/wp-content\/uploads\/2011\/03\/0-dia-caballito-lola-mora.jpg\" alt=\"\" width=\"510\" height=\"383\" srcset=\"http:\/\/caballitotequiero.com.ar\/portal\/wp-content\/uploads\/2011\/03\/0-dia-caballito-lola-mora.jpg 510w, http:\/\/caballitotequiero.com.ar\/portal\/wp-content\/uploads\/2011\/03\/0-dia-caballito-lola-mora-300x225.jpg 300w, http:\/\/caballitotequiero.com.ar\/portal\/wp-content\/uploads\/2011\/03\/0-dia-caballito-lola-mora-80x60.jpg 80w\" sizes=\"auto, (max-width: 510px) 100vw, 510px\" \/><p id=\"caption-attachment-1194\" class=\"wp-caption-text\">Lidia Colimodio, del Centro Cultural Lola Mora, recibe su distinci\u00f3n.<\/p><\/div>\n<div id=\"attachment_1195\" style=\"width: 520px\" class=\"wp-caption alignleft\"><img loading=\"lazy\" decoding=\"async\" aria-describedby=\"caption-attachment-1195\" class=\"size-full wp-image-1195\" title=\"0 dia caballito olmedo\" src=\"http:\/\/caballitotequiero.com.ar\/portal\/wp-content\/uploads\/2011\/03\/0-dia-caballito-olmedo.jpg\" alt=\"\" width=\"510\" height=\"383\" srcset=\"http:\/\/caballitotequiero.com.ar\/portal\/wp-content\/uploads\/2011\/03\/0-dia-caballito-olmedo.jpg 510w, http:\/\/caballitotequiero.com.ar\/portal\/wp-content\/uploads\/2011\/03\/0-dia-caballito-olmedo-300x225.jpg 300w, http:\/\/caballitotequiero.com.ar\/portal\/wp-content\/uploads\/2011\/03\/0-dia-caballito-olmedo-80x60.jpg 80w\" sizes=\"auto, (max-width: 510px) 100vw, 510px\" \/><p id=\"caption-attachment-1195\" class=\"wp-caption-text\">Tambi\u00e9n fue reconocida Graciela Gatorna, del Centro Cultural Alberto Olmedo por la participaci\u00f3n en los festejos.<\/p><\/div>\n<div id=\"attachment_1196\" style=\"width: 520px\" class=\"wp-caption alignleft\"><img loading=\"lazy\" decoding=\"async\" aria-describedby=\"caption-attachment-1196\" class=\"size-full wp-image-1196\" title=\"0 dia caballito arnaldo\" src=\"http:\/\/caballitotequiero.com.ar\/portal\/wp-content\/uploads\/2011\/03\/0-dia-caballito-arnaldo.jpg\" alt=\"\" width=\"510\" height=\"383\" srcset=\"http:\/\/caballitotequiero.com.ar\/portal\/wp-content\/uploads\/2011\/03\/0-dia-caballito-arnaldo.jpg 510w, http:\/\/caballitotequiero.com.ar\/portal\/wp-content\/uploads\/2011\/03\/0-dia-caballito-arnaldo-300x225.jpg 300w, http:\/\/caballitotequiero.com.ar\/portal\/wp-content\/uploads\/2011\/03\/0-dia-caballito-arnaldo-80x60.jpg 80w\" sizes=\"auto, (max-width: 510px) 100vw, 510px\" \/><p id=\"caption-attachment-1196\" class=\"wp-caption-text\">Marcelo Iambrich entrega una de las distinciones a Arnaldo Goenaga, director del Peri\u00f3dico ABC y presidente de la Asociaci\u00f3n de Fomento General Alvear.<\/p><\/div>\n<div id=\"attachment_1197\" style=\"width: 520px\" class=\"wp-caption alignleft\"><img loading=\"lazy\" decoding=\"async\" aria-describedby=\"caption-attachment-1197\" class=\"size-full wp-image-1197\" title=\"0 dia caballito chela\" src=\"http:\/\/caballitotequiero.com.ar\/portal\/wp-content\/uploads\/2011\/03\/0-dia-caballito-chela.jpg\" alt=\"\" width=\"510\" height=\"383\" srcset=\"http:\/\/caballitotequiero.com.ar\/portal\/wp-content\/uploads\/2011\/03\/0-dia-caballito-chela.jpg 510w, http:\/\/caballitotequiero.com.ar\/portal\/wp-content\/uploads\/2011\/03\/0-dia-caballito-chela-300x225.jpg 300w, http:\/\/caballitotequiero.com.ar\/portal\/wp-content\/uploads\/2011\/03\/0-dia-caballito-chela-80x60.jpg 80w\" sizes=\"auto, (max-width: 510px) 100vw, 510px\" \/><p id=\"caption-attachment-1197\" class=\"wp-caption-text\">Celia Albornoz, representando a los Vecinos de la Plaza Giordano Bruno, agradece la distinci\u00f3n.<\/p><\/div>\n<div id=\"attachment_1198\" style=\"width: 520px\" class=\"wp-caption alignleft\"><img loading=\"lazy\" decoding=\"async\" aria-describedby=\"caption-attachment-1198\" class=\"size-full wp-image-1198\" title=\"0 dia caballito personal cgp\" src=\"http:\/\/caballitotequiero.com.ar\/portal\/wp-content\/uploads\/2011\/03\/0-dia-caballito-personal-cgp.jpg\" alt=\"\" width=\"510\" height=\"383\" srcset=\"http:\/\/caballitotequiero.com.ar\/portal\/wp-content\/uploads\/2011\/03\/0-dia-caballito-personal-cgp.jpg 510w, http:\/\/caballitotequiero.com.ar\/portal\/wp-content\/uploads\/2011\/03\/0-dia-caballito-personal-cgp-300x225.jpg 300w, http:\/\/caballitotequiero.com.ar\/portal\/wp-content\/uploads\/2011\/03\/0-dia-caballito-personal-cgp-80x60.jpg 80w\" sizes=\"auto, (max-width: 510px) 100vw, 510px\" \/><p id=\"caption-attachment-1198\" class=\"wp-caption-text\">El personal del CGPC6 fue aplaudido por los vecinos y reconocido por su director.<\/p><\/div>\n<div id=\"attachment_1199\" style=\"width: 520px\" class=\"wp-caption alignleft\"><img loading=\"lazy\" decoding=\"async\" aria-describedby=\"caption-attachment-1199\" class=\"size-full wp-image-1199\" title=\"0 dia caballito fuegos 1\" src=\"http:\/\/caballitotequiero.com.ar\/portal\/wp-content\/uploads\/2011\/03\/0-dia-caballito-fuegos-1.jpg\" alt=\"\" width=\"510\" height=\"282\" srcset=\"http:\/\/caballitotequiero.com.ar\/portal\/wp-content\/uploads\/2011\/03\/0-dia-caballito-fuegos-1.jpg 510w, http:\/\/caballitotequiero.com.ar\/portal\/wp-content\/uploads\/2011\/03\/0-dia-caballito-fuegos-1-300x165.jpg 300w\" sizes=\"auto, (max-width: 510px) 100vw, 510px\" \/><p id=\"caption-attachment-1199\" class=\"wp-caption-text\">Finalmente, lleg\u00f3 la hora del cierre con un espect\u00e1culo de fuegos artificiales.<\/p><\/div>\n<p><img loading=\"lazy\" decoding=\"async\" class=\"alignleft size-full wp-image-1200\" title=\"0 dia caballito fuegos 2\" src=\"http:\/\/caballitotequiero.com.ar\/portal\/wp-content\/uploads\/2011\/03\/0-dia-caballito-fuegos-2.jpg\" alt=\"\" width=\"510\" height=\"286\" srcset=\"http:\/\/caballitotequiero.com.ar\/portal\/wp-content\/uploads\/2011\/03\/0-dia-caballito-fuegos-2.jpg 510w, http:\/\/caballitotequiero.com.ar\/portal\/wp-content\/uploads\/2011\/03\/0-dia-caballito-fuegos-2-300x168.jpg 300w\" sizes=\"auto, (max-width: 510px) 100vw, 510px\" \/><img loading=\"lazy\" decoding=\"async\" class=\"alignleft size-full wp-image-1201\" title=\"0 dia caballito fuegos 3\" src=\"http:\/\/caballitotequiero.com.ar\/portal\/wp-content\/uploads\/2011\/03\/0-dia-caballito-fuegos-3.jpg\" alt=\"\" width=\"510\" height=\"287\" srcset=\"http:\/\/caballitotequiero.com.ar\/portal\/wp-content\/uploads\/2011\/03\/0-dia-caballito-fuegos-3.jpg 510w, http:\/\/caballitotequiero.com.ar\/portal\/wp-content\/uploads\/2011\/03\/0-dia-caballito-fuegos-3-300x168.jpg 300w\" sizes=\"auto, (max-width: 510px) 100vw, 510px\" \/><\/p>\n<div id=\"attachment_1202\" style=\"width: 520px\" class=\"wp-caption alignleft\"><img loading=\"lazy\" decoding=\"async\" aria-describedby=\"caption-attachment-1202\" class=\"size-full wp-image-1202\" title=\"0 dia caballito jaqueline caballito puede\" src=\"http:\/\/caballitotequiero.com.ar\/portal\/wp-content\/uploads\/2011\/03\/0-dia-caballito-jaqueline-caballito-puede1.jpg\" alt=\"\" width=\"510\" height=\"383\" srcset=\"http:\/\/caballitotequiero.com.ar\/portal\/wp-content\/uploads\/2011\/03\/0-dia-caballito-jaqueline-caballito-puede1.jpg 510w, http:\/\/caballitotequiero.com.ar\/portal\/wp-content\/uploads\/2011\/03\/0-dia-caballito-jaqueline-caballito-puede1-300x225.jpg 300w, http:\/\/caballitotequiero.com.ar\/portal\/wp-content\/uploads\/2011\/03\/0-dia-caballito-jaqueline-caballito-puede1-80x60.jpg 80w\" sizes=\"auto, (max-width: 510px) 100vw, 510px\" \/><p id=\"caption-attachment-1202\" class=\"wp-caption-text\">La artista Jaqueline Sigaut y sus m\u00fasicos junto a los integrantes de la Asociaci\u00f3n Caballito Puede.<\/p><\/div>\n<div id=\"attachment_1203\" style=\"width: 520px\" class=\"wp-caption alignleft\"><img loading=\"lazy\" decoding=\"async\" aria-describedby=\"caption-attachment-1203\" class=\"size-full wp-image-1203\" title=\"0 dia caballito jaqueline musicos\" src=\"http:\/\/caballitotequiero.com.ar\/portal\/wp-content\/uploads\/2011\/03\/0-dia-caballito-jaqueline-musicos.jpg\" alt=\"\" width=\"510\" height=\"383\" srcset=\"http:\/\/caballitotequiero.com.ar\/portal\/wp-content\/uploads\/2011\/03\/0-dia-caballito-jaqueline-musicos.jpg 510w, http:\/\/caballitotequiero.com.ar\/portal\/wp-content\/uploads\/2011\/03\/0-dia-caballito-jaqueline-musicos-300x225.jpg 300w, http:\/\/caballitotequiero.com.ar\/portal\/wp-content\/uploads\/2011\/03\/0-dia-caballito-jaqueline-musicos-80x60.jpg 80w\" sizes=\"auto, (max-width: 510px) 100vw, 510px\" \/><p id=\"caption-attachment-1203\" class=\"wp-caption-text\">Jaqueline y sus m\u00fasicos: Franco Polimeni piano, Clemente Carrascal bandoneon y Juan Kaunitz contrabajo<\/p><\/div>\n","protected":false},"excerpt":{"rendered":"<p>El s\u00e1bado 26 de marzo, tuvo lugar en el Parque Rivadavia el postergado cierre de los festejos por el 190\u00ba Aniversario del barrio de Caballito. Adem\u00e1s de los vecinos que acercaron a participar de los festejos, pudo verse a representantes de diferentes ONGs e instituciones del barrio , tambi\u00e9n la Defensor\u00eda del Pueblo se hizo [&hellip;]<\/p>\n","protected":false},"author":1,"featured_media":1207,"comment_status":"open","ping_status":"open","sticky":false,"template":"","format":"standard","meta":{"footnotes":""},"categories":[5],"tags":[],"class_list":["post-1182","post","type-post","status-publish","format-standard","has-post-thumbnail","hentry","category-noticias"],"_links":{"self":[{"href":"http:\/\/caballitotequiero.com.ar\/portal\/wp-json\/wp\/v2\/posts\/1182","targetHints":{"allow":["GET"]}}],"collection":[{"href":"http:\/\/caballitotequiero.com.ar\/portal\/wp-json\/wp\/v2\/posts"}],"about":[{"href":"http:\/\/caballitotequiero.com.ar\/portal\/wp-json\/wp\/v2\/types\/post"}],"author":[{"embeddable":true,"href":"http:\/\/caballitotequiero.com.ar\/portal\/wp-json\/wp\/v2\/users\/1"}],"replies":[{"embeddable":true,"href":"http:\/\/caballitotequiero.com.ar\/portal\/wp-json\/wp\/v2\/comments?post=1182"}],"version-history":[{"count":5,"href":"http:\/\/caballitotequiero.com.ar\/portal\/wp-json\/wp\/v2\/posts\/1182\/revisions"}],"predecessor-version":[{"id":1209,"href":"http:\/\/caballitotequiero.com.ar\/portal\/wp-json\/wp\/v2\/posts\/1182\/revisions\/1209"}],"wp:featuredmedia":[{"embeddable":true,"href":"http:\/\/caballitotequiero.com.ar\/portal\/wp-json\/wp\/v2\/media\/1207"}],"wp:attachment":[{"href":"http:\/\/caballitotequiero.com.ar\/portal\/wp-json\/wp\/v2\/media?parent=1182"}],"wp:term":[{"taxonomy":"category","embeddable":true,"href":"http:\/\/caballitotequiero.com.ar\/portal\/wp-json\/wp\/v2\/categories?post=1182"},{"taxonomy":"post_tag","embeddable":true,"href":"http:\/\/caballitotequiero.com.ar\/portal\/wp-json\/wp\/v2\/tags?post=1182"}],"curies":[{"name":"wp","href":"https:\/\/api.w.org\/{rel}","templated":true}]}}