{"id":1212,"date":"2011-03-28T00:12:57","date_gmt":"2011-03-28T03:12:57","guid":{"rendered":"http:\/\/caballitotequiero.com.ar\/portal\/?p=1212"},"modified":"2011-03-28T00:19:54","modified_gmt":"2011-03-28T03:19:54","slug":"maraton-por-los-80-anos-del-hospital-maria-curie-2","status":"publish","type":"post","link":"http:\/\/caballitotequiero.com.ar\/portal\/2011\/03\/28\/maraton-por-los-80-anos-del-hospital-maria-curie-2\/","title":{"rendered":"MARAT\u00d3N POR LOS 80 A\u00d1OS DEL HOSPITAL MARIA CURIE"},"content":{"rendered":"<p>Con un marat\u00f3n, quedaron inaugurados los festejos por el 80\u00ba Aniversario del Hospital Mar\u00eda Curie<\/p>\n<p>Ya, a las 09.30, la avenida Patricias Argentinas, frente al Hospital Oncol\u00f3gico Mar\u00eda Curie, se encontraba colmada de p\u00fablico.<\/p>\n<p>Es que a las 10.30 se largaba el marat\u00f3n que formaba parte de los festejos por los 80 a\u00f1os del hospital.<\/p>\n<p>Una perfecta organizaci\u00f3n, en la que colaboraron el CGPC 6, en la presencia de su Director Marcelo Iambrich y su Jefe de Gabinete, Fab\u00edan Bullota, junto a personal de la  Comisar\u00eda 11\u00aa.<\/p>\n<p>En la carpa dispuesta para la inscripci\u00f3n de corredores, se formaba una larga fila de participantes. Mientras, quienes ya se hab\u00edan inscripto realizaban ejercicios de elongaci\u00f3n y precalentamiento, dirigidos por un profesor de Educaci\u00f3n F\u00edsica.<\/p>\n<p>A las 10.30, en punto, la cuenta regresiva lleg\u00f3 a su fin y el marat\u00f3n de 6 y 3 Km., se larg\u00f3.<\/p>\n<p>M\u00e1s de 150 corredores, de ambos sexos y de todas las categor\u00edas, fueron formando una larga y, nutrida, l\u00ednea por las calles adyacentes al Parque Centenario.<\/p>\n<p>Mientras transcurr\u00eda la prueba pedestre, el Director del Hospital Mar\u00eda Curie, Dr. Guillermo Temperley, recib\u00eda las felicitaciones de los concurrentes al evento. Entre otros se distingui\u00f3 la presencia de las damas de la Cooperadora del Hospital, personal profesional y administrativo e, incluso pacientes.<\/p>\n<p>Escalonados, a lo largo de una hora, fueron completando los distintos circuitos los participantes.<\/p>\n<p>Finalizado el marat\u00f3n, el Dr. Temperley hizo entrega de los premios para los ganadores en cada categor\u00eda.<\/p>\n<p>En la  Categor\u00eda General los primeros en llegar fueron:<\/p>\n<p>Categor\u00eda Caballeros: Diego Canavese \u2013 21\u2019 07\u201d<\/p>\n<p>Categor\u00eda Damas: Eugenia Arias \u2013 26\u2019<\/p>\n<p>Con este marat\u00f3n dieron comienzo los eventos en conmemoraci\u00f3n del 80\u00ba Aniversario del Hospital Oncol\u00f3gico Mar\u00eda Curie. Los mismos continuar\u00e1n, con distintas actividades durante la semana, culminando el jueves 31, d\u00eda en que se cumplen los 80 a\u00f1os del nosocomio.<\/p>\n<p><img loading=\"lazy\" decoding=\"async\" class=\"alignleft size-full wp-image-1213\" title=\"0 maraton 0\" src=\"http:\/\/caballitotequiero.com.ar\/portal\/wp-content\/uploads\/2011\/03\/0-maraton-0.jpg\" alt=\"\" width=\"510\" height=\"383\" srcset=\"http:\/\/caballitotequiero.com.ar\/portal\/wp-content\/uploads\/2011\/03\/0-maraton-0.jpg 510w, http:\/\/caballitotequiero.com.ar\/portal\/wp-content\/uploads\/2011\/03\/0-maraton-0-300x225.jpg 300w, http:\/\/caballitotequiero.com.ar\/portal\/wp-content\/uploads\/2011\/03\/0-maraton-0-80x60.jpg 80w\" sizes=\"auto, (max-width: 510px) 100vw, 510px\" \/><\/p>\n<div id=\"attachment_1214\" style=\"width: 520px\" class=\"wp-caption alignleft\"><img loading=\"lazy\" decoding=\"async\" aria-describedby=\"caption-attachment-1214\" class=\"size-full wp-image-1214\" title=\"0 maraton 1\" src=\"http:\/\/caballitotequiero.com.ar\/portal\/wp-content\/uploads\/2011\/03\/0-maraton-1.jpg\" alt=\"\" width=\"510\" height=\"383\" srcset=\"http:\/\/caballitotequiero.com.ar\/portal\/wp-content\/uploads\/2011\/03\/0-maraton-1.jpg 510w, http:\/\/caballitotequiero.com.ar\/portal\/wp-content\/uploads\/2011\/03\/0-maraton-1-300x225.jpg 300w, http:\/\/caballitotequiero.com.ar\/portal\/wp-content\/uploads\/2011\/03\/0-maraton-1-80x60.jpg 80w\" sizes=\"auto, (max-width: 510px) 100vw, 510px\" \/><p id=\"caption-attachment-1214\" class=\"wp-caption-text\">M\u00e1s de 150 participantes se inscribieron en la Marat\u00f3n de los 80 a\u00f1os del Mar\u00eda Curie<\/p><\/div>\n<div id=\"attachment_1215\" style=\"width: 520px\" class=\"wp-caption alignleft\"><img loading=\"lazy\" decoding=\"async\" aria-describedby=\"caption-attachment-1215\" class=\"size-full wp-image-1215\" title=\"0 maraton 1 b\" src=\"http:\/\/caballitotequiero.com.ar\/portal\/wp-content\/uploads\/2011\/03\/0-maraton-1-b.jpg\" alt=\"\" width=\"510\" height=\"383\" srcset=\"http:\/\/caballitotequiero.com.ar\/portal\/wp-content\/uploads\/2011\/03\/0-maraton-1-b.jpg 510w, http:\/\/caballitotequiero.com.ar\/portal\/wp-content\/uploads\/2011\/03\/0-maraton-1-b-300x225.jpg 300w, http:\/\/caballitotequiero.com.ar\/portal\/wp-content\/uploads\/2011\/03\/0-maraton-1-b-80x60.jpg 80w\" sizes=\"auto, (max-width: 510px) 100vw, 510px\" \/><p id=\"caption-attachment-1215\" class=\"wp-caption-text\">El Dr. Guillermo Temperley, director del Hospital; Marcelo Iambrich, director del CGPC6 y Fabi\u00e1n Bullota, jefe de gabinete; presentes en el evento.<\/p><\/div>\n<div id=\"attachment_1216\" style=\"width: 520px\" class=\"wp-caption alignleft\"><img loading=\"lazy\" decoding=\"async\" aria-describedby=\"caption-attachment-1216\" class=\"size-full wp-image-1216\" title=\"0 maraton 2\" src=\"http:\/\/caballitotequiero.com.ar\/portal\/wp-content\/uploads\/2011\/03\/0-maraton-2.jpg\" alt=\"\" width=\"510\" height=\"383\" srcset=\"http:\/\/caballitotequiero.com.ar\/portal\/wp-content\/uploads\/2011\/03\/0-maraton-2.jpg 510w, http:\/\/caballitotequiero.com.ar\/portal\/wp-content\/uploads\/2011\/03\/0-maraton-2-300x225.jpg 300w, http:\/\/caballitotequiero.com.ar\/portal\/wp-content\/uploads\/2011\/03\/0-maraton-2-80x60.jpg 80w\" sizes=\"auto, (max-width: 510px) 100vw, 510px\" \/><p id=\"caption-attachment-1216\" class=\"wp-caption-text\">Ejercicios previos a la largada<\/p><\/div>\n<p><img loading=\"lazy\" decoding=\"async\" class=\"alignleft size-full wp-image-1217\" title=\"0 maraton 3\" src=\"http:\/\/caballitotequiero.com.ar\/portal\/wp-content\/uploads\/2011\/03\/0-maraton-3.jpg\" alt=\"\" width=\"510\" height=\"383\" srcset=\"http:\/\/caballitotequiero.com.ar\/portal\/wp-content\/uploads\/2011\/03\/0-maraton-3.jpg 510w, http:\/\/caballitotequiero.com.ar\/portal\/wp-content\/uploads\/2011\/03\/0-maraton-3-300x225.jpg 300w, http:\/\/caballitotequiero.com.ar\/portal\/wp-content\/uploads\/2011\/03\/0-maraton-3-80x60.jpg 80w\" sizes=\"auto, (max-width: 510px) 100vw, 510px\" \/><img loading=\"lazy\" decoding=\"async\" class=\"alignleft size-full wp-image-1218\" title=\"0 maraton 4\" src=\"http:\/\/caballitotequiero.com.ar\/portal\/wp-content\/uploads\/2011\/03\/0-maraton-4.jpg\" alt=\"\" width=\"510\" height=\"383\" srcset=\"http:\/\/caballitotequiero.com.ar\/portal\/wp-content\/uploads\/2011\/03\/0-maraton-4.jpg 510w, http:\/\/caballitotequiero.com.ar\/portal\/wp-content\/uploads\/2011\/03\/0-maraton-4-300x225.jpg 300w, http:\/\/caballitotequiero.com.ar\/portal\/wp-content\/uploads\/2011\/03\/0-maraton-4-80x60.jpg 80w\" sizes=\"auto, (max-width: 510px) 100vw, 510px\" \/><\/p>\n<div id=\"attachment_1219\" style=\"width: 520px\" class=\"wp-caption alignleft\"><img loading=\"lazy\" decoding=\"async\" aria-describedby=\"caption-attachment-1219\" class=\"size-full wp-image-1219\" title=\"0 maraton 5\" src=\"http:\/\/caballitotequiero.com.ar\/portal\/wp-content\/uploads\/2011\/03\/0-maraton-5.jpg\" alt=\"\" width=\"510\" height=\"383\" srcset=\"http:\/\/caballitotequiero.com.ar\/portal\/wp-content\/uploads\/2011\/03\/0-maraton-5.jpg 510w, http:\/\/caballitotequiero.com.ar\/portal\/wp-content\/uploads\/2011\/03\/0-maraton-5-300x225.jpg 300w, http:\/\/caballitotequiero.com.ar\/portal\/wp-content\/uploads\/2011\/03\/0-maraton-5-80x60.jpg 80w\" sizes=\"auto, (max-width: 510px) 100vw, 510px\" \/><p id=\"caption-attachment-1219\" class=\"wp-caption-text\">Los maratonistas preparados para la largada.<\/p><\/div>\n<div id=\"attachment_1220\" style=\"width: 520px\" class=\"wp-caption alignleft\"><img loading=\"lazy\" decoding=\"async\" aria-describedby=\"caption-attachment-1220\" class=\"size-full wp-image-1220\" title=\"0 maraton 6\" src=\"http:\/\/caballitotequiero.com.ar\/portal\/wp-content\/uploads\/2011\/03\/0-maraton-6.jpg\" alt=\"\" width=\"510\" height=\"383\" srcset=\"http:\/\/caballitotequiero.com.ar\/portal\/wp-content\/uploads\/2011\/03\/0-maraton-6.jpg 510w, http:\/\/caballitotequiero.com.ar\/portal\/wp-content\/uploads\/2011\/03\/0-maraton-6-300x225.jpg 300w, http:\/\/caballitotequiero.com.ar\/portal\/wp-content\/uploads\/2011\/03\/0-maraton-6-80x60.jpg 80w\" sizes=\"auto, (max-width: 510px) 100vw, 510px\" \/><p id=\"caption-attachment-1220\" class=\"wp-caption-text\">\u00a1Largaron!<\/p><\/div>\n<div id=\"attachment_1221\" style=\"width: 520px\" class=\"wp-caption alignleft\"><img loading=\"lazy\" decoding=\"async\" aria-describedby=\"caption-attachment-1221\" class=\"size-full wp-image-1221\" title=\"0 maraton 7\" src=\"http:\/\/caballitotequiero.com.ar\/portal\/wp-content\/uploads\/2011\/03\/0-maraton-7.jpg\" alt=\"\" width=\"510\" height=\"389\" srcset=\"http:\/\/caballitotequiero.com.ar\/portal\/wp-content\/uploads\/2011\/03\/0-maraton-7.jpg 510w, http:\/\/caballitotequiero.com.ar\/portal\/wp-content\/uploads\/2011\/03\/0-maraton-7-300x228.jpg 300w, http:\/\/caballitotequiero.com.ar\/portal\/wp-content\/uploads\/2011\/03\/0-maraton-7-80x60.jpg 80w\" sizes=\"auto, (max-width: 510px) 100vw, 510px\" \/><p id=\"caption-attachment-1221\" class=\"wp-caption-text\">Comienzan a llegar los primeros a la meta<\/p><\/div>\n<div id=\"attachment_1222\" style=\"width: 520px\" class=\"wp-caption alignleft\"><img loading=\"lazy\" decoding=\"async\" aria-describedby=\"caption-attachment-1222\" class=\"size-full wp-image-1222\" title=\"0 maraton 8\" src=\"http:\/\/caballitotequiero.com.ar\/portal\/wp-content\/uploads\/2011\/03\/0-maraton-8.jpg\" alt=\"\" width=\"510\" height=\"383\" srcset=\"http:\/\/caballitotequiero.com.ar\/portal\/wp-content\/uploads\/2011\/03\/0-maraton-8.jpg 510w, http:\/\/caballitotequiero.com.ar\/portal\/wp-content\/uploads\/2011\/03\/0-maraton-8-300x225.jpg 300w, http:\/\/caballitotequiero.com.ar\/portal\/wp-content\/uploads\/2011\/03\/0-maraton-8-80x60.jpg 80w\" sizes=\"auto, (max-width: 510px) 100vw, 510px\" \/><p id=\"caption-attachment-1222\" class=\"wp-caption-text\">Estuvieron presentes diferentes instituciones barriales, entre ellos la Asociaci\u00f3n Vecinos del Parque Centenario, con su presidenta Marisa Mor\u00e1n y Sergio Mosquera. Tambi\u00e9n estuvo la Asociaci\u00f3n Caballito Puede.<\/p><\/div>\n<div id=\"attachment_1223\" style=\"width: 520px\" class=\"wp-caption alignleft\"><img loading=\"lazy\" decoding=\"async\" aria-describedby=\"caption-attachment-1223\" class=\"size-full wp-image-1223\" title=\"0 maraton 9\" src=\"http:\/\/caballitotequiero.com.ar\/portal\/wp-content\/uploads\/2011\/03\/0-maraton-9.jpg\" alt=\"\" width=\"510\" height=\"383\" srcset=\"http:\/\/caballitotequiero.com.ar\/portal\/wp-content\/uploads\/2011\/03\/0-maraton-9.jpg 510w, http:\/\/caballitotequiero.com.ar\/portal\/wp-content\/uploads\/2011\/03\/0-maraton-9-300x225.jpg 300w, http:\/\/caballitotequiero.com.ar\/portal\/wp-content\/uploads\/2011\/03\/0-maraton-9-80x60.jpg 80w\" sizes=\"auto, (max-width: 510px) 100vw, 510px\" \/><p id=\"caption-attachment-1223\" class=\"wp-caption-text\">Estela Zalazar, Marcelo Iambrich y Fabi\u00e1n Bullotta, del CGPC6, junto a autoridades de la Comisar\u00eda 11\u00aa<\/p><\/div>\n<div id=\"attachment_1224\" style=\"width: 520px\" class=\"wp-caption alignleft\"><img loading=\"lazy\" decoding=\"async\" aria-describedby=\"caption-attachment-1224\" class=\"size-full wp-image-1224\" title=\"0 maraton 10\" src=\"http:\/\/caballitotequiero.com.ar\/portal\/wp-content\/uploads\/2011\/03\/0-maraton-10.jpg\" alt=\"\" width=\"510\" height=\"383\" srcset=\"http:\/\/caballitotequiero.com.ar\/portal\/wp-content\/uploads\/2011\/03\/0-maraton-10.jpg 510w, http:\/\/caballitotequiero.com.ar\/portal\/wp-content\/uploads\/2011\/03\/0-maraton-10-300x225.jpg 300w, http:\/\/caballitotequiero.com.ar\/portal\/wp-content\/uploads\/2011\/03\/0-maraton-10-80x60.jpg 80w\" sizes=\"auto, (max-width: 510px) 100vw, 510px\" \/><p id=\"caption-attachment-1224\" class=\"wp-caption-text\">Integrantes de la Asociaci\u00f3n Cooperadora del Hospital, presidida por la Sra. N\u00e9lida Spinazzola.<\/p><\/div>\n<p><img loading=\"lazy\" decoding=\"async\" class=\"alignleft size-full wp-image-1225\" title=\"0 maraton 11\" src=\"http:\/\/caballitotequiero.com.ar\/portal\/wp-content\/uploads\/2011\/03\/0-maraton-11.jpg\" alt=\"\" width=\"510\" height=\"608\" srcset=\"http:\/\/caballitotequiero.com.ar\/portal\/wp-content\/uploads\/2011\/03\/0-maraton-11.jpg 510w, http:\/\/caballitotequiero.com.ar\/portal\/wp-content\/uploads\/2011\/03\/0-maraton-11-251x300.jpg 251w\" sizes=\"auto, (max-width: 510px) 100vw, 510px\" \/><\/p>\n<div id=\"attachment_1226\" style=\"width: 520px\" class=\"wp-caption alignleft\"><img loading=\"lazy\" decoding=\"async\" aria-describedby=\"caption-attachment-1226\" class=\"size-full wp-image-1226\" title=\"0 maraton 12\" src=\"http:\/\/caballitotequiero.com.ar\/portal\/wp-content\/uploads\/2011\/03\/0-maraton-12.jpg\" alt=\"\" width=\"510\" height=\"383\" srcset=\"http:\/\/caballitotequiero.com.ar\/portal\/wp-content\/uploads\/2011\/03\/0-maraton-12.jpg 510w, http:\/\/caballitotequiero.com.ar\/portal\/wp-content\/uploads\/2011\/03\/0-maraton-12-300x225.jpg 300w, http:\/\/caballitotequiero.com.ar\/portal\/wp-content\/uploads\/2011\/03\/0-maraton-12-80x60.jpg 80w\" sizes=\"auto, (max-width: 510px) 100vw, 510px\" \/><p id=\"caption-attachment-1226\" class=\"wp-caption-text\">El Dr. Guillermo Temperley entreg\u00f3 los trofeos a los ganadores.<\/p><\/div>\n<p><img loading=\"lazy\" decoding=\"async\" class=\"alignleft size-full wp-image-1227\" title=\"0 maraton 13\" src=\"http:\/\/caballitotequiero.com.ar\/portal\/wp-content\/uploads\/2011\/03\/0-maraton-13.jpg\" alt=\"\" width=\"510\" height=\"383\" srcset=\"http:\/\/caballitotequiero.com.ar\/portal\/wp-content\/uploads\/2011\/03\/0-maraton-13.jpg 510w, http:\/\/caballitotequiero.com.ar\/portal\/wp-content\/uploads\/2011\/03\/0-maraton-13-300x225.jpg 300w, http:\/\/caballitotequiero.com.ar\/portal\/wp-content\/uploads\/2011\/03\/0-maraton-13-80x60.jpg 80w\" sizes=\"auto, (max-width: 510px) 100vw, 510px\" \/><\/p>\n","protected":false},"excerpt":{"rendered":"<p>Con un marat\u00f3n, quedaron inaugurados los festejos por el 80\u00ba Aniversario del Hospital Mar\u00eda Curie Ya, a las 09.30, la avenida Patricias Argentinas, frente al Hospital Oncol\u00f3gico Mar\u00eda Curie, se encontraba colmada de p\u00fablico. Es que a las 10.30 se largaba el marat\u00f3n que formaba parte de los festejos por los 80 a\u00f1os del hospital. [&hellip;]<\/p>\n","protected":false},"author":1,"featured_media":1228,"comment_status":"open","ping_status":"open","sticky":false,"template":"","format":"standard","meta":{"footnotes":""},"categories":[5],"tags":[],"class_list":["post-1212","post","type-post","status-publish","format-standard","has-post-thumbnail","hentry","category-noticias"],"_links":{"self":[{"href":"http:\/\/caballitotequiero.com.ar\/portal\/wp-json\/wp\/v2\/posts\/1212","targetHints":{"allow":["GET"]}}],"collection":[{"href":"http:\/\/caballitotequiero.com.ar\/portal\/wp-json\/wp\/v2\/posts"}],"about":[{"href":"http:\/\/caballitotequiero.com.ar\/portal\/wp-json\/wp\/v2\/types\/post"}],"author":[{"embeddable":true,"href":"http:\/\/caballitotequiero.com.ar\/portal\/wp-json\/wp\/v2\/users\/1"}],"replies":[{"embeddable":true,"href":"http:\/\/caballitotequiero.com.ar\/portal\/wp-json\/wp\/v2\/comments?post=1212"}],"version-history":[{"count":3,"href":"http:\/\/caballitotequiero.com.ar\/portal\/wp-json\/wp\/v2\/posts\/1212\/revisions"}],"predecessor-version":[{"id":1230,"href":"http:\/\/caballitotequiero.com.ar\/portal\/wp-json\/wp\/v2\/posts\/1212\/revisions\/1230"}],"wp:featuredmedia":[{"embeddable":true,"href":"http:\/\/caballitotequiero.com.ar\/portal\/wp-json\/wp\/v2\/media\/1228"}],"wp:attachment":[{"href":"http:\/\/caballitotequiero.com.ar\/portal\/wp-json\/wp\/v2\/media?parent=1212"}],"wp:term":[{"taxonomy":"category","embeddable":true,"href":"http:\/\/caballitotequiero.com.ar\/portal\/wp-json\/wp\/v2\/categories?post=1212"},{"taxonomy":"post_tag","embeddable":true,"href":"http:\/\/caballitotequiero.com.ar\/portal\/wp-json\/wp\/v2\/tags?post=1212"}],"curies":[{"name":"wp","href":"https:\/\/api.w.org\/{rel}","templated":true}]}}