{"id":1233,"date":"2011-03-29T11:02:54","date_gmt":"2011-03-29T14:02:54","guid":{"rendered":"http:\/\/caballitotequiero.com.ar\/portal\/?p=1233"},"modified":"2011-03-29T11:04:47","modified_gmt":"2011-03-29T14:04:47","slug":"semana-de-la-memoria-en-la-escuela-normal-n%c2%ba4","status":"publish","type":"post","link":"http:\/\/caballitotequiero.com.ar\/portal\/2011\/03\/29\/semana-de-la-memoria-en-la-escuela-normal-n%c2%ba4\/","title":{"rendered":"SEMANA DE LA MEMORIA EN LA ESCUELA NORMAL N\u00ba4"},"content":{"rendered":"<p>Con motivo de celebrarse el 24 de marzo el D\u00eda de la Memoria, la Escuela Normal N\u00ba4, est\u00e1 llevando adelante durante la presente semana, una serie de actividades que llevan por t\u00edtulo \u00abMemoria, Derechos Humanos y Escuela\u00bb.<\/p>\n<p>Entre otras actividades, habr\u00e1 narraciones, proyecci\u00f3n de videos, debates y mesas redondas . Las diferentes propuestas est\u00e1n dirigidas a tres niveles del establecimiento: primaria, secundaria y terciaria.<\/p>\n<p>En la primer jornada, los alumnos asistieron a exposiciones en la sala de videos y en el sal\u00f3n de actos. La actividades continuar\u00e1n durante toda la semana.<\/p>\n<div id=\"attachment_1234\" style=\"width: 520px\" class=\"wp-caption alignleft\"><img loading=\"lazy\" decoding=\"async\" aria-describedby=\"caption-attachment-1234\" class=\"size-full wp-image-1234\" title=\"0 normal 4 memoria 1\" src=\"http:\/\/caballitotequiero.com.ar\/portal\/wp-content\/uploads\/2011\/03\/0-normal-4-memoria-1.jpg\" alt=\"\" width=\"510\" height=\"383\" srcset=\"http:\/\/caballitotequiero.com.ar\/portal\/wp-content\/uploads\/2011\/03\/0-normal-4-memoria-1.jpg 510w, http:\/\/caballitotequiero.com.ar\/portal\/wp-content\/uploads\/2011\/03\/0-normal-4-memoria-1-300x225.jpg 300w, http:\/\/caballitotequiero.com.ar\/portal\/wp-content\/uploads\/2011\/03\/0-normal-4-memoria-1-80x60.jpg 80w\" sizes=\"auto, (max-width: 510px) 100vw, 510px\" \/><p id=\"caption-attachment-1234\" class=\"wp-caption-text\">Inicio de las actividades por la Semana de la Memoria en el Sal\u00f3n de actos de la Escuela Normal N\u00ba4<\/p><\/div>\n<div id=\"attachment_1235\" style=\"width: 520px\" class=\"wp-caption alignleft\"><img loading=\"lazy\" decoding=\"async\" aria-describedby=\"caption-attachment-1235\" class=\"size-full wp-image-1235\" title=\"0 normal 4 memoria 2\" src=\"http:\/\/caballitotequiero.com.ar\/portal\/wp-content\/uploads\/2011\/03\/0-normal-4-memoria-2.jpg\" alt=\"\" width=\"510\" height=\"383\" srcset=\"http:\/\/caballitotequiero.com.ar\/portal\/wp-content\/uploads\/2011\/03\/0-normal-4-memoria-2.jpg 510w, http:\/\/caballitotequiero.com.ar\/portal\/wp-content\/uploads\/2011\/03\/0-normal-4-memoria-2-300x225.jpg 300w, http:\/\/caballitotequiero.com.ar\/portal\/wp-content\/uploads\/2011\/03\/0-normal-4-memoria-2-80x60.jpg 80w\" sizes=\"auto, (max-width: 510px) 100vw, 510px\" \/><p id=\"caption-attachment-1235\" class=\"wp-caption-text\">Profesora Susana Reyes, directora de la escuela, da la bienvenida a los expositores invitados.<\/p><\/div>\n<div id=\"attachment_1236\" style=\"width: 520px\" class=\"wp-caption alignleft\"><a href=\"http:\/\/caballitotequiero.com.ar\/portal\/wp-content\/uploads\/2011\/03\/0-normal-4-memoria-3.jpg\"><img loading=\"lazy\" decoding=\"async\" aria-describedby=\"caption-attachment-1236\" class=\"size-full wp-image-1236\" title=\"0 normal 4 memoria 3\" src=\"http:\/\/caballitotequiero.com.ar\/portal\/wp-content\/uploads\/2011\/03\/0-normal-4-memoria-3.jpg\" alt=\"\" width=\"510\" height=\"383\" srcset=\"http:\/\/caballitotequiero.com.ar\/portal\/wp-content\/uploads\/2011\/03\/0-normal-4-memoria-3.jpg 510w, http:\/\/caballitotequiero.com.ar\/portal\/wp-content\/uploads\/2011\/03\/0-normal-4-memoria-3-300x225.jpg 300w, http:\/\/caballitotequiero.com.ar\/portal\/wp-content\/uploads\/2011\/03\/0-normal-4-memoria-3-80x60.jpg 80w\" sizes=\"auto, (max-width: 510px) 100vw, 510px\" \/><\/a><p id=\"caption-attachment-1236\" class=\"wp-caption-text\">Silvia Finocchio y Cecilia Parrile, hermana y querellante por la desaparici\u00f3n de Silvana, alumna de la escuela en 1976<\/p><\/div>\n<div id=\"attachment_1237\" style=\"width: 520px\" class=\"wp-caption alignleft\"><img loading=\"lazy\" decoding=\"async\" aria-describedby=\"caption-attachment-1237\" class=\"size-full wp-image-1237\" title=\"0 normal 4 memoria 4\" src=\"http:\/\/caballitotequiero.com.ar\/portal\/wp-content\/uploads\/2011\/03\/0-normal-4-memoria-4.jpg\" alt=\"\" width=\"510\" height=\"383\" srcset=\"http:\/\/caballitotequiero.com.ar\/portal\/wp-content\/uploads\/2011\/03\/0-normal-4-memoria-4.jpg 510w, http:\/\/caballitotequiero.com.ar\/portal\/wp-content\/uploads\/2011\/03\/0-normal-4-memoria-4-300x225.jpg 300w, http:\/\/caballitotequiero.com.ar\/portal\/wp-content\/uploads\/2011\/03\/0-normal-4-memoria-4-80x60.jpg 80w\" sizes=\"auto, (max-width: 510px) 100vw, 510px\" \/><p id=\"caption-attachment-1237\" class=\"wp-caption-text\">Hubo diferentes diferentes actividades, dirigidas a tres niveles: primario, secundario y terciario.<\/p><\/div>\n<div id=\"attachment_1238\" style=\"width: 520px\" class=\"wp-caption alignleft\"><img loading=\"lazy\" decoding=\"async\" aria-describedby=\"caption-attachment-1238\" class=\"size-full wp-image-1238\" title=\"0 normal 4 memoria 5\" src=\"http:\/\/caballitotequiero.com.ar\/portal\/wp-content\/uploads\/2011\/03\/0-normal-4-memoria-5.jpg\" alt=\"\" width=\"510\" height=\"383\" srcset=\"http:\/\/caballitotequiero.com.ar\/portal\/wp-content\/uploads\/2011\/03\/0-normal-4-memoria-5.jpg 510w, http:\/\/caballitotequiero.com.ar\/portal\/wp-content\/uploads\/2011\/03\/0-normal-4-memoria-5-300x225.jpg 300w, http:\/\/caballitotequiero.com.ar\/portal\/wp-content\/uploads\/2011\/03\/0-normal-4-memoria-5-80x60.jpg 80w\" sizes=\"auto, (max-width: 510px) 100vw, 510px\" \/><p id=\"caption-attachment-1238\" class=\"wp-caption-text\">Otra de las actividades se desarroll\u00f3 en la Sala de Videos.<\/p><\/div>\n<p><strong><br \/>\n<\/strong><\/p>\n<table border=\"1\" cellspacing=\"0\" cellpadding=\"0\">\n<tbody>\n<tr>\n<td width=\"151\" valign=\"top\"><strong>Eje\/D\u00eda<\/strong><\/td>\n<td width=\"240\" valign=\"top\"><strong>Actividad<\/strong><\/td>\n<td width=\"192\" valign=\"top\"><strong>Temas <\/strong><\/td>\n<td width=\"168\" valign=\"top\"><strong>Participantes<\/strong><\/td>\n<td width=\"168\" valign=\"top\"><strong>Coordinador\/<\/strong><\/p>\n<p><strong>recursos<\/strong><\/td>\n<td width=\"144\" valign=\"top\"><strong>Lugar<\/strong><\/td>\n<td width=\"108\" valign=\"top\"><strong>Hora<\/strong><\/td>\n<\/tr>\n<tr>\n<td width=\"151\" valign=\"top\"><strong>Lunes 28-3<\/strong><\/td>\n<td width=\"240\" valign=\"top\"><strong> <\/strong><\/td>\n<td width=\"192\" valign=\"top\"><strong> <\/strong><\/td>\n<td width=\"168\" valign=\"top\"><strong> <\/strong><\/td>\n<td width=\"168\" valign=\"top\"><strong> <\/strong><\/td>\n<td width=\"144\" valign=\"top\"><strong> <\/strong><\/td>\n<td width=\"108\" valign=\"top\"><strong> <\/strong><\/td>\n<\/tr>\n<tr>\n<td rowspan=\"7\" width=\"151\" valign=\"top\"><strong>La escuela:<\/strong><\/p>\n<p><strong>ayer y hoy<\/strong><\/td>\n<td width=\"240\" valign=\"top\"><strong>Mesa debate:<\/strong> Corto 2007\/ Ex alumna 1978-2010 Victoria Tasso\/ Florencia y Octavio<\/td>\n<td width=\"192\" valign=\"top\"><em>La escuela ayer y hoy<\/em><\/td>\n<td width=\"168\" valign=\"top\">3\u00ba 1; 3\u00ba6 y 5\u00ba5<\/td>\n<td width=\"168\" valign=\"top\">Video y tele y DVD Tres   tigres<\/td>\n<td width=\"144\" valign=\"top\">Sala de video<\/td>\n<td width=\"108\" valign=\"top\">8<\/td>\n<\/tr>\n<tr>\n<td width=\"240\" valign=\"top\">Lilian Prieto. Narradora<\/td>\n<td width=\"192\" valign=\"top\">Narraci\u00f3n de cuentos<\/td>\n<td width=\"168\" valign=\"top\">1\u00ba 1 y 1\u00ba 3<\/td>\n<td width=\"168\" valign=\"top\"><\/td>\n<td width=\"144\" valign=\"top\">Biblioteca \u00f2<\/p>\n<p>Aula 113<\/td>\n<td width=\"108\" valign=\"top\">9<\/td>\n<\/tr>\n<tr>\n<td width=\"240\" valign=\"top\"><strong>Mesa debate:<\/strong> Corto 2007\/ Ex alumna 1978-2010 Cecilia Parrile (s\u00f3lo en 1 de   media)<strong> <\/strong><\/td>\n<td width=\"192\" valign=\"top\"><em> <\/em><\/p>\n<p><em>La escuela ayer y hoy<\/em><\/p>\n<p><em> <\/em><\/p>\n<p><em> <\/em><\/td>\n<td width=\"168\" valign=\"top\">5\u00ba 1, 3\u00ba5, 3\u00ba3<\/td>\n<td width=\"168\" valign=\"top\">Video y tele y DVD Tres   tigres<\/td>\n<td width=\"144\" valign=\"top\">Sala de video<\/td>\n<td width=\"108\" valign=\"top\">9:15<\/td>\n<\/tr>\n<tr>\n<td width=\"240\" valign=\"top\"><strong>PANEL: <\/strong>Silvia   Finocchio<\/p>\n<p>Cecilia Parrile (hermana   y querellante  x la desaparici\u00f3n de   Silvana  en 1976)<\/td>\n<td width=\"192\" valign=\"top\"><em>Instrucci\u00f3n y disciplina .La escuela en dictadura<\/em><\/td>\n<td width=\"168\" valign=\"top\">Terciario \u2013<\/p>\n<p>5\u00ba 2, 5\u00ba 5 y 5\u00ba 7, 4\u00ba 2,   4\u00ba, 5 y 4\u00ba7.<\/td>\n<td width=\"168\" valign=\"top\">Ca\u00f1\u00f3n o video p\/ corto <em>\u201cTres Tigres\u201d<\/em> u otro<\/td>\n<td width=\"144\" valign=\"top\">Sal\u00f3n de actos<\/td>\n<td width=\"108\" valign=\"top\">10<\/td>\n<\/tr>\n<tr>\n<td width=\"240\" valign=\"top\">Ver\u00f3nica Mundt<\/p>\n<p>Soci\u00f3loga<strong> <\/strong><\/td>\n<td width=\"192\" valign=\"top\"><em>Rock y dictadura<\/em><\/td>\n<td width=\"168\" valign=\"top\">4\u00ba<\/p>\n<p>1\u00aa, 2\u00aa, 4\u00aa ,5\u00aa, 7\u00aa<\/td>\n<td width=\"168\" valign=\"top\">Equipo audio<\/td>\n<td width=\"144\" valign=\"top\">Aula jard\u00edn 113<\/td>\n<td width=\"108\" valign=\"top\">11<\/td>\n<\/tr>\n<tr>\n<td width=\"240\" valign=\"top\"><strong> <\/strong><\/p>\n<p><strong>Mesa debate:<\/strong> Corto 2007\/ Ex alumna 1978-2010 Victoria Taso Florencia y Octavio<strong> <\/strong><\/p>\n<p><strong> <\/strong><\/td>\n<td width=\"192\" valign=\"top\"><em> <\/em><\/p>\n<p><em>La escuela ayer y hoy<\/em><\/p>\n<p><em> <\/em><\/p>\n<p><em> <\/em><\/td>\n<td width=\"168\" valign=\"top\">3\u00ba 4, 3\u00ba2 y 3\u00ba7<\/td>\n<td width=\"168\" valign=\"top\">Video y tele y DVD Tres   tigres<\/td>\n<td width=\"144\" valign=\"top\">Sala de video<\/td>\n<td width=\"108\" valign=\"top\">11<\/td>\n<\/tr>\n<tr>\n<td width=\"240\" valign=\"top\">Lilian Prieto. Narradora<\/td>\n<td width=\"192\" valign=\"top\"><em>Narraci\u00f3n de cuentos<\/em><\/td>\n<td width=\"168\" valign=\"top\">1\u00ba2 y 1\u00ba6<\/td>\n<td width=\"168\" valign=\"top\"><\/td>\n<td width=\"144\" valign=\"top\">Biblioteca o<\/p>\n<p>Aula 113<\/td>\n<td width=\"108\" valign=\"top\">11<\/td>\n<\/tr>\n<tr>\n<td width=\"151\" valign=\"top\"><strong>Martes 29-3<\/strong><\/td>\n<td width=\"240\" valign=\"top\"><strong> <\/strong><\/td>\n<td width=\"192\" valign=\"top\"><strong> <\/strong><\/td>\n<td width=\"168\" valign=\"top\"><strong> <\/strong><\/td>\n<td width=\"168\" valign=\"top\"><strong> <\/strong><\/td>\n<td width=\"144\" valign=\"top\"><strong> <\/strong><\/td>\n<td width=\"108\" valign=\"top\"><strong> <\/strong><\/td>\n<\/tr>\n<tr>\n<td rowspan=\"9\" width=\"151\" valign=\"top\"><strong>Los trabajos de los que  trabajan por los DDHH<\/strong><\/td>\n<td width=\"240\" valign=\"top\">Mesa: Susana Reyes.   Directora de escuela<\/td>\n<td width=\"192\" valign=\"top\"><em>C\u00f3mo se trabaja desde la escuela por los derechos   humanos hoy<\/em><\/td>\n<td width=\"168\" valign=\"top\">Terciaria<\/p>\n<p>4\u00ba2, 4\u00ba 5 y 4\u00ba 7<\/p>\n<p>5\u00ba2, 5\u00ba 5 y 5\u00ba7<\/td>\n<td width=\"168\" valign=\"top\">Ca\u00f1on-video<\/td>\n<td width=\"144\" valign=\"top\">Sal\u00f3n de actos<\/td>\n<td width=\"108\" valign=\"top\">9<\/td>\n<\/tr>\n<tr>\n<td width=\"240\" valign=\"top\">Andrea Conforti,   Federico Velaz<\/td>\n<td width=\"192\" valign=\"top\"><em>Proyecci\u00f3n \u201cHistoria de un pa\u00eds: Argentina Siglo   XX, del Golpe a Malvinas<\/em><\/p>\n<p><em> <\/em><\/p>\n<p><em>Actividad con alumnos y padres<\/em><\/td>\n<td width=\"168\" valign=\"top\">5\u00b0 grado<\/td>\n<td width=\"168\" valign=\"top\">Ca\u00f1\u00f3n<\/td>\n<td width=\"144\" valign=\"top\">Aula 113<\/td>\n<td width=\"108\" valign=\"top\">9<\/td>\n<\/tr>\n<tr>\n<td width=\"240\" valign=\"top\">Nora Fonollosa .   Narradora<\/td>\n<td width=\"192\" valign=\"top\"><em>Los cuentos perdidos<\/em><\/td>\n<td width=\"168\" valign=\"top\">7\u00ba primaria<\/td>\n<td width=\"168\" valign=\"top\"><\/td>\n<td width=\"144\" valign=\"top\">Biblioteca<\/td>\n<td width=\"108\" valign=\"top\">9<\/td>\n<\/tr>\n<tr>\n<td width=\"240\" valign=\"top\">Gustavo Lesberguelis<\/p>\n<p>Defensor\u00eda del Pueblo<\/td>\n<td width=\"192\" valign=\"top\"><em>Los derechos de los j\u00f3venes\/los derechos en la   escuela.<\/em><\/td>\n<td width=\"168\" valign=\"top\">2\u00ba 4, 2\u00ba3 , 2\u00ba1 y 2\u00ba2<\/td>\n<td width=\"168\" valign=\"top\">Ca\u00f1\u00f3n<\/td>\n<td width=\"144\" valign=\"top\">Sala de video<\/td>\n<td width=\"108\" valign=\"top\">10<\/td>\n<\/tr>\n<tr>\n<td width=\"240\" valign=\"top\">Antrop\u00f3loga Forense  Celeste Perosino<\/td>\n<td width=\"192\" valign=\"top\"><em>El papel de los antrop\u00f3logos en la b\u00fasqueda y la   recuperaci\u00f3n de la memoria<\/em><\/td>\n<td width=\"168\" valign=\"top\">4\u00aa 6\u00aa y 4\u00aa 8\u00aa<\/p>\n<p>Todos los 5\u00ba<\/td>\n<td width=\"168\" valign=\"top\">Ca\u00f1\u00f3n<\/td>\n<td width=\"144\" valign=\"top\">Sal\u00f3n de actos<\/td>\n<td width=\"108\" valign=\"top\">11<\/td>\n<\/tr>\n<tr>\n<td width=\"240\" valign=\"top\">Lilian Prieto. Narradora<\/td>\n<td width=\"192\" valign=\"top\"><em>Narraci\u00f3n de cuentos<\/em><\/td>\n<td width=\"168\" valign=\"top\">1\u00ba5<\/td>\n<td width=\"168\" valign=\"top\"><\/td>\n<td width=\"144\" valign=\"top\">Aula 113<\/td>\n<td width=\"108\" valign=\"top\">11<\/td>\n<\/tr>\n<tr>\n<td width=\"240\" valign=\"top\">Gustavo Lesberguelis<\/p>\n<p>Defensor\u00eda del Pueblo<\/td>\n<td width=\"192\" valign=\"top\"><em> <\/em><\/p>\n<p><em>Los derechos de los j\u00f3venes\/los derechos en la   escuela<\/em><\/td>\n<td width=\"168\" valign=\"top\">2\u00ba5, 2\u00ba6 y 2\u00ba7<\/td>\n<td width=\"168\" valign=\"top\">Ca\u00f1\u00f3n<\/td>\n<td width=\"144\" valign=\"top\">Sala de video<\/td>\n<td width=\"108\" valign=\"top\">11:15<\/td>\n<\/tr>\n<tr>\n<td width=\"240\" valign=\"top\">Gustavo Lesberguelis<\/p>\n<p>Defensor\u00eda del Pueblo<\/td>\n<td width=\"192\" valign=\"top\"><em> <\/em><\/p>\n<p><em>Los derechos de los j\u00f3venes\/los derechos en la   escuela<\/em><\/td>\n<td width=\"168\" valign=\"top\">Terciaria TT<\/td>\n<td width=\"168\" valign=\"top\">Ca\u00f1\u00f3n<\/td>\n<td width=\"144\" valign=\"top\">Salon de actos<\/td>\n<td width=\"108\" valign=\"top\">13:30<\/td>\n<\/tr>\n<tr>\n<td width=\"240\" valign=\"top\">Nora Fonollosa .   Narradora<\/td>\n<td width=\"192\" valign=\"top\"><em> <\/em><\/p>\n<p><em>Los cuentos perdidos<\/em><\/td>\n<td width=\"168\" valign=\"top\">Terciaria 1er a\u00f1o<\/td>\n<td width=\"168\" valign=\"top\"><\/td>\n<td width=\"144\" valign=\"top\">Biblioteca<\/td>\n<td width=\"108\" valign=\"top\">14<\/td>\n<\/tr>\n<tr>\n<td width=\"151\" valign=\"top\"><strong>Mi\u00e9rcoles 30-3<\/strong><\/td>\n<td width=\"240\" valign=\"top\"><strong> <\/strong><\/td>\n<td width=\"192\" valign=\"top\"><strong> <\/strong><\/td>\n<td width=\"168\" valign=\"top\"><strong> <\/strong><\/td>\n<td width=\"168\" valign=\"top\"><strong> <\/strong><\/td>\n<td width=\"144\" valign=\"top\"><strong> <\/strong><\/td>\n<td width=\"108\" valign=\"top\"><strong> <\/strong><\/td>\n<\/tr>\n<tr>\n<td rowspan=\"3\" width=\"151\" valign=\"top\"><strong>Las B\u00fasquedas<\/strong><\/td>\n<td width=\"240\" valign=\"top\">Lilian Prieto. Narradora<\/td>\n<td width=\"192\" valign=\"top\"><em>Narraci\u00f3n de cuentos<\/em><\/td>\n<td width=\"168\" valign=\"top\">1\u00ba 4 y 1\u00ba 7<\/td>\n<td width=\"168\" valign=\"top\"><\/td>\n<td width=\"144\" valign=\"top\">Aula 113<\/td>\n<td width=\"108\" valign=\"top\">9<\/td>\n<\/tr>\n<tr>\n<td width=\"240\" valign=\"top\">Julio Morresi, Fundaci\u00f2n   Padres de la Plaza<\/p>\n<p>Nieto Recuperado<\/td>\n<td width=\"192\" valign=\"top\"><em>Familiares por la    identidad<\/em><\/td>\n<td width=\"168\" valign=\"top\">5\u00ba6 ,3\u00ba7 y 5\u00ba4<\/td>\n<td width=\"168\" valign=\"top\"><\/td>\n<td width=\"144\" valign=\"top\">Sal\u00f3n de video<\/td>\n<td width=\"108\" valign=\"top\">10<\/td>\n<\/tr>\n<tr>\n<td width=\"240\" valign=\"top\">Inauguraci\u00f3n de la Biblioteca de la Memoria Asamblea   Permanente<\/p>\n<p>Cels<\/p>\n<p>Teatro x la Identidad<\/td>\n<td width=\"192\" valign=\"top\"><em>La tarea de las organizaciones, distintos caminos   de b\u00fasqueda<\/em><\/td>\n<td width=\"168\" valign=\"top\">Delegaci\u00f3n de 10 alumnos   de cada divisi\u00f3n,<\/p>\n<p>4\u00ba y 5\u00ba letras completos<\/p>\n<p>7\u00ba y Terciaria<\/td>\n<td width=\"168\" valign=\"top\">Biblioteca   circulante, mesas con libros, video   y afiches<\/td>\n<td width=\"144\" valign=\"top\">Sal\u00f3n de actos<\/td>\n<td width=\"108\" valign=\"top\">10:45<\/td>\n<\/tr>\n<tr>\n<td width=\"151\" valign=\"top\"><strong>Jueves 31-3<\/strong><\/td>\n<td width=\"240\" valign=\"top\"><strong> <\/strong><\/td>\n<td width=\"192\" valign=\"top\"><strong> <\/strong><\/td>\n<td width=\"168\" valign=\"top\"><strong> <\/strong><\/td>\n<td width=\"168\" valign=\"top\"><strong> <\/strong><\/td>\n<td width=\"144\" valign=\"top\"><strong> <\/strong><\/td>\n<td width=\"108\" valign=\"top\"><strong> <\/strong><\/td>\n<\/tr>\n<tr>\n<td width=\"151\" valign=\"top\"><strong>Los trabajos de quienes se ocupan de DDHH<\/strong><\/td>\n<td width=\"240\" valign=\"top\">Panel:<\/p>\n<p>Lic. Anabella Romano y<\/p>\n<p>Una madre por los   derechos<\/td>\n<td width=\"192\" valign=\"top\"><em>Los derechos de g\u00e9nero. <\/em><\/p>\n<p><em>La trata \u00bfde qu\u00e9 se trata? Gatillo F\u00e1cil.<\/em><\/td>\n<td width=\"168\" valign=\"top\">Delegaci\u00f3n de 10 alumnos   que no fueron el d\u00eda anterior, 5\u00ba 4; 5\u00ba 8, 5\u00ba6 y 3\u00ba2<\/td>\n<td width=\"168\" valign=\"top\"><\/td>\n<td width=\"144\" valign=\"top\">Sal\u00f3n de Actos<\/td>\n<td width=\"108\" valign=\"top\">10:30<\/td>\n<\/tr>\n<tr>\n<td width=\"151\" valign=\"top\"><strong>Viernes 1-4<\/strong><\/td>\n<td width=\"240\" valign=\"top\"><strong> <\/strong><\/td>\n<td width=\"192\" valign=\"top\"><strong> <\/strong><\/td>\n<td width=\"168\" valign=\"top\"><strong> <\/strong><\/td>\n<td width=\"168\" valign=\"top\"><strong> <\/strong><\/td>\n<td width=\"144\" valign=\"top\"><strong> <\/strong><\/td>\n<td width=\"108\" valign=\"top\"><strong> <\/strong><\/td>\n<\/tr>\n<tr>\n<td width=\"151\" valign=\"top\"><strong>Los trabajos y las b\u00fasquedas<\/strong><\/td>\n<td width=\"240\" valign=\"top\">Dra. Mar\u00eda Bel\u00e9n   Rodr\u00edguez Cardoso y equipo,<\/p>\n<p>Directora del Banco   Nacional de Datos gen\u00e9ticos H. Durand<\/td>\n<td width=\"192\" valign=\"top\"><em>Su aporte a la sociedad en la resoluci\u00f3n de las   dudas de filiaci\u00f3n. B\u00fasqueda e identificaci\u00f3n. <\/em><\/td>\n<td width=\"168\" valign=\"top\">5\u00ba a\u00f1os<\/p>\n<p>4\u00ba a\u00f1os<\/p>\n<p>3\u00ba3<\/p>\n<p>Terciaria Campo de la   pr\u00e1ctica PNP<\/td>\n<td width=\"168\" valign=\"top\">Ca\u00f1\u00f3n, micr\u00f3fono<\/td>\n<td width=\"144\" valign=\"top\">Sal\u00f3n de actos<\/td>\n<td width=\"108\" valign=\"top\">10<\/td>\n<\/tr>\n<tr>\n<td width=\"151\" valign=\"top\"><strong>Mi\u00e9rcoles 6-4<\/strong><\/td>\n<td width=\"240\" valign=\"top\"><\/td>\n<td width=\"192\" valign=\"top\"><em> <\/em><\/td>\n<td width=\"168\" valign=\"top\"><\/td>\n<td width=\"168\" valign=\"top\"><\/td>\n<td width=\"144\" valign=\"top\"><\/td>\n<td width=\"108\" valign=\"top\"><\/td>\n<\/tr>\n<tr>\n<td width=\"151\" valign=\"top\"><\/td>\n<td width=\"240\" valign=\"top\">Teatro por la identidad<\/td>\n<td width=\"192\" valign=\"top\"><em>Obra de teatro. Debate<\/em><\/td>\n<td width=\"168\" valign=\"top\">4\u00ba y 5\u00ba<\/p>\n<p>Terciario<\/td>\n<td width=\"168\" valign=\"top\">Sonido en el CGP<\/td>\n<td width=\"144\" valign=\"top\">Sal\u00f3n de actos<\/td>\n<td width=\"108\" valign=\"top\">11<\/td>\n<\/tr>\n<\/tbody>\n<\/table>\n","protected":false},"excerpt":{"rendered":"<p>Con motivo de celebrarse el 24 de marzo el D\u00eda de la Memoria, la Escuela Normal N\u00ba4, est\u00e1 llevando adelante durante la presente semana, una serie de actividades que llevan por t\u00edtulo \u00abMemoria, Derechos Humanos y Escuela\u00bb. Entre otras actividades, habr\u00e1 narraciones, proyecci\u00f3n de videos, debates y mesas redondas . Las diferentes propuestas est\u00e1n dirigidas [&hellip;]<\/p>\n","protected":false},"author":1,"featured_media":1241,"comment_status":"open","ping_status":"open","sticky":false,"template":"","format":"standard","meta":{"footnotes":""},"categories":[5],"tags":[],"class_list":["post-1233","post","type-post","status-publish","format-standard","has-post-thumbnail","hentry","category-noticias"],"_links":{"self":[{"href":"http:\/\/caballitotequiero.com.ar\/portal\/wp-json\/wp\/v2\/posts\/1233","targetHints":{"allow":["GET"]}}],"collection":[{"href":"http:\/\/caballitotequiero.com.ar\/portal\/wp-json\/wp\/v2\/posts"}],"about":[{"href":"http:\/\/caballitotequiero.com.ar\/portal\/wp-json\/wp\/v2\/types\/post"}],"author":[{"embeddable":true,"href":"http:\/\/caballitotequiero.com.ar\/portal\/wp-json\/wp\/v2\/users\/1"}],"replies":[{"embeddable":true,"href":"http:\/\/caballitotequiero.com.ar\/portal\/wp-json\/wp\/v2\/comments?post=1233"}],"version-history":[{"count":3,"href":"http:\/\/caballitotequiero.com.ar\/portal\/wp-json\/wp\/v2\/posts\/1233\/revisions"}],"predecessor-version":[{"id":1240,"href":"http:\/\/caballitotequiero.com.ar\/portal\/wp-json\/wp\/v2\/posts\/1233\/revisions\/1240"}],"wp:featuredmedia":[{"embeddable":true,"href":"http:\/\/caballitotequiero.com.ar\/portal\/wp-json\/wp\/v2\/media\/1241"}],"wp:attachment":[{"href":"http:\/\/caballitotequiero.com.ar\/portal\/wp-json\/wp\/v2\/media?parent=1233"}],"wp:term":[{"taxonomy":"category","embeddable":true,"href":"http:\/\/caballitotequiero.com.ar\/portal\/wp-json\/wp\/v2\/categories?post=1233"},{"taxonomy":"post_tag","embeddable":true,"href":"http:\/\/caballitotequiero.com.ar\/portal\/wp-json\/wp\/v2\/tags?post=1233"}],"curies":[{"name":"wp","href":"https:\/\/api.w.org\/{rel}","templated":true}]}}