{"id":1243,"date":"2011-03-29T14:52:09","date_gmt":"2011-03-29T17:52:09","guid":{"rendered":"http:\/\/caballitotequiero.com.ar\/portal\/?p=1243"},"modified":"2011-03-29T14:52:09","modified_gmt":"2011-03-29T17:52:09","slug":"milonga-en-el-centro-cultural-lola-mora","status":"publish","type":"post","link":"http:\/\/caballitotequiero.com.ar\/portal\/2011\/03\/29\/milonga-en-el-centro-cultural-lola-mora\/","title":{"rendered":"MILONGA EN EL CENTRO CULTURAL LOLA MORA"},"content":{"rendered":"<p>El Centro Cultural Lola Mora (R\u00edo de Janeiro 986) invita a la primera Milonga del a\u00f1o que tendr\u00e1 lugar el s\u00e1bado 2 de abril, con entrada libre y gratuita.<\/p>\n<p><img loading=\"lazy\" decoding=\"async\" class=\"alignleft size-full wp-image-1244\" title=\"lola mora milonga\" src=\"http:\/\/caballitotequiero.com.ar\/portal\/wp-content\/uploads\/2011\/03\/lola-mora-milonga.jpg\" alt=\"\" width=\"510\" height=\"364\" srcset=\"http:\/\/caballitotequiero.com.ar\/portal\/wp-content\/uploads\/2011\/03\/lola-mora-milonga.jpg 510w, http:\/\/caballitotequiero.com.ar\/portal\/wp-content\/uploads\/2011\/03\/lola-mora-milonga-300x214.jpg 300w\" sizes=\"auto, (max-width: 510px) 100vw, 510px\" \/><\/p>\n<p>Desde hace diez a\u00f1os el Centro Cultural Lola Mora realiza la Milonga el primer s\u00e1bado de cada mes. Un espacio para bailar y disfrutar de la m\u00fasica ciudadana que nos identifica por el mundo.<\/p>\n<p>Dentro de la milonga el Ciclo \u201cVoces de mi ciudad\u201d  dirigido a promover a cantantes de tango, d\u00e1ndoles la posibilidad de darse a conocer en un espacio no convencional. En la primera edici\u00f3n 2011 de \u201cLa Milonga del Lola\u201d contaremos con la presencia del tr\u00edo de tango \u201cFulanos de Tal\u201d. El tr\u00edo rescata la esencia de la orquesta t\u00edpica de los a\u00f1os cuarenta con arreglos originales y particularmente pensados para la formaci\u00f3n, trabajando desde el contrapunto tanguero con sus caracter\u00edsticas articulaciones r\u00edtmicas. Se complementa el trabajo con una cuidadosa selecci\u00f3n de repertorio, abarcando todas las etapas del tango. El tr\u00edo se formo en el a\u00f1o 2006. Desde entonces realiz\u00f3 distintas actuaciones en milongas de capital federal. Durante el a\u00f1o 2008 se lleva a cabo la grabaci\u00f3n de su primer disco \u201cBien Criollo\u201d que incluye un variado repertorio de valses, tangos y milongas. En enero y febrero de 2010 realizaron una gira por Holanda, Alemania, Suiza y Francia, en distintos teatros y milongas Europeas. Actualmente se encuentran realizando su segundo disco y preparando la gira europea 2011.<\/p>\n<p>Exhibici\u00f3n de tango a cargo de la pareja de baile: Anita Monteagudo y Pablo Retamar, bailarines de trayectoria internacional y miembros del jurado del Campeonato Mundial de Tango 2010.<\/p>\n","protected":false},"excerpt":{"rendered":"<p>El Centro Cultural Lola Mora (R\u00edo de Janeiro 986) invita a la primera Milonga del a\u00f1o que tendr\u00e1 lugar el s\u00e1bado 2 de abril, con entrada libre y gratuita. Desde hace diez a\u00f1os el Centro Cultural Lola Mora realiza la Milonga el primer s\u00e1bado de cada mes. Un espacio para bailar y disfrutar de la [&hellip;]<\/p>\n","protected":false},"author":1,"featured_media":1245,"comment_status":"open","ping_status":"open","sticky":false,"template":"","format":"standard","meta":{"footnotes":""},"categories":[5],"tags":[],"class_list":["post-1243","post","type-post","status-publish","format-standard","has-post-thumbnail","hentry","category-noticias"],"_links":{"self":[{"href":"http:\/\/caballitotequiero.com.ar\/portal\/wp-json\/wp\/v2\/posts\/1243","targetHints":{"allow":["GET"]}}],"collection":[{"href":"http:\/\/caballitotequiero.com.ar\/portal\/wp-json\/wp\/v2\/posts"}],"about":[{"href":"http:\/\/caballitotequiero.com.ar\/portal\/wp-json\/wp\/v2\/types\/post"}],"author":[{"embeddable":true,"href":"http:\/\/caballitotequiero.com.ar\/portal\/wp-json\/wp\/v2\/users\/1"}],"replies":[{"embeddable":true,"href":"http:\/\/caballitotequiero.com.ar\/portal\/wp-json\/wp\/v2\/comments?post=1243"}],"version-history":[{"count":1,"href":"http:\/\/caballitotequiero.com.ar\/portal\/wp-json\/wp\/v2\/posts\/1243\/revisions"}],"predecessor-version":[{"id":1246,"href":"http:\/\/caballitotequiero.com.ar\/portal\/wp-json\/wp\/v2\/posts\/1243\/revisions\/1246"}],"wp:featuredmedia":[{"embeddable":true,"href":"http:\/\/caballitotequiero.com.ar\/portal\/wp-json\/wp\/v2\/media\/1245"}],"wp:attachment":[{"href":"http:\/\/caballitotequiero.com.ar\/portal\/wp-json\/wp\/v2\/media?parent=1243"}],"wp:term":[{"taxonomy":"category","embeddable":true,"href":"http:\/\/caballitotequiero.com.ar\/portal\/wp-json\/wp\/v2\/categories?post=1243"},{"taxonomy":"post_tag","embeddable":true,"href":"http:\/\/caballitotequiero.com.ar\/portal\/wp-json\/wp\/v2\/tags?post=1243"}],"curies":[{"name":"wp","href":"https:\/\/api.w.org\/{rel}","templated":true}]}}