{"id":1247,"date":"2011-03-29T18:01:55","date_gmt":"2011-03-29T21:01:55","guid":{"rendered":"http:\/\/caballitotequiero.com.ar\/portal\/?p=1247"},"modified":"2011-03-29T18:01:55","modified_gmt":"2011-03-29T21:01:55","slug":"se-anuncio-la-fecha-para-las-elecciones-a-jefe-de-gobierno-porteno","status":"publish","type":"post","link":"http:\/\/caballitotequiero.com.ar\/portal\/2011\/03\/29\/se-anuncio-la-fecha-para-las-elecciones-a-jefe-de-gobierno-porteno\/","title":{"rendered":"SE ANUNCI\u00d3 LA FECHA PARA LAS ELECCIONES A JEFE DE GOBIERNO PORTE\u00d1O"},"content":{"rendered":"<p>En horas del mediod\u00eda del martes 29 de marzo, el Jefe de Gobierno de la CABA, Ing. Mauricio Macri, anunci\u00f3 la fecha para las elecciones de jefe de gobierno.<\/p>\n<p>El anuncio fue hecho en el Sal\u00f3n dorado de la Casa de la Cultura.<\/p>\n<p>Macri fij\u00f3 la fecha para el pr\u00f3ximo 10 de julio. De haber necesidad de definir la elecci\u00f3n por ballottage, el mismo ser\u00eda el 31 de julio.<\/p>\n<p>Durante el anuncio, el Jefe de Gobierno se refiri\u00f3 a las elecciones para elegir autoridades para las Comunas porte\u00f1as, dijo: \u201c\u00bbLe pido a los legisladores que trabajen para organizar un calendario electoral ordenado para la Ciudad\u00bb.<\/p>\n<p>La  unificaci\u00f3n de ambas elecciones est\u00e1 ahora en manos de la Legislatura porte\u00f1a. El PRO cuenta, a priori, con el apoyo de las bancadas de la Coalici\u00f3n C\u00edvica y Proyecto Sur, lo que asegurar\u00eda la unificaci\u00f3n de los comicios.<\/p>\n<div id=\"attachment_1249\" style=\"width: 520px\" class=\"wp-caption alignleft\"><img loading=\"lazy\" decoding=\"async\" aria-describedby=\"caption-attachment-1249\" class=\"size-full wp-image-1249\" title=\"conferencia mauricio macri - elecciones\" src=\"http:\/\/caballitotequiero.com.ar\/portal\/wp-content\/uploads\/2011\/03\/conferencia-mauricio-macri-elecciones.jpg\" alt=\"\" width=\"510\" height=\"340\" srcset=\"http:\/\/caballitotequiero.com.ar\/portal\/wp-content\/uploads\/2011\/03\/conferencia-mauricio-macri-elecciones.jpg 510w, http:\/\/caballitotequiero.com.ar\/portal\/wp-content\/uploads\/2011\/03\/conferencia-mauricio-macri-elecciones-300x200.jpg 300w\" sizes=\"auto, (max-width: 510px) 100vw, 510px\" \/><p id=\"caption-attachment-1249\" class=\"wp-caption-text\">En el Sal\u00f3n Dorado de la Casa de la Cultura, el jefe de gobierno Mauricio Macri, anunci\u00f3 las elecciones para el 10 de julio pr\u00f3ximo. <\/p><\/div>\n","protected":false},"excerpt":{"rendered":"<p>En horas del mediod\u00eda del martes 29 de marzo, el Jefe de Gobierno de la CABA, Ing. Mauricio Macri, anunci\u00f3 la fecha para las elecciones de jefe de gobierno. El anuncio fue hecho en el Sal\u00f3n dorado de la Casa de la Cultura. Macri fij\u00f3 la fecha para el pr\u00f3ximo 10 de julio. De haber [&hellip;]<\/p>\n","protected":false},"author":1,"featured_media":1250,"comment_status":"open","ping_status":"open","sticky":false,"template":"","format":"standard","meta":{"footnotes":""},"categories":[5],"tags":[],"class_list":["post-1247","post","type-post","status-publish","format-standard","has-post-thumbnail","hentry","category-noticias"],"_links":{"self":[{"href":"http:\/\/caballitotequiero.com.ar\/portal\/wp-json\/wp\/v2\/posts\/1247","targetHints":{"allow":["GET"]}}],"collection":[{"href":"http:\/\/caballitotequiero.com.ar\/portal\/wp-json\/wp\/v2\/posts"}],"about":[{"href":"http:\/\/caballitotequiero.com.ar\/portal\/wp-json\/wp\/v2\/types\/post"}],"author":[{"embeddable":true,"href":"http:\/\/caballitotequiero.com.ar\/portal\/wp-json\/wp\/v2\/users\/1"}],"replies":[{"embeddable":true,"href":"http:\/\/caballitotequiero.com.ar\/portal\/wp-json\/wp\/v2\/comments?post=1247"}],"version-history":[{"count":1,"href":"http:\/\/caballitotequiero.com.ar\/portal\/wp-json\/wp\/v2\/posts\/1247\/revisions"}],"predecessor-version":[{"id":1251,"href":"http:\/\/caballitotequiero.com.ar\/portal\/wp-json\/wp\/v2\/posts\/1247\/revisions\/1251"}],"wp:featuredmedia":[{"embeddable":true,"href":"http:\/\/caballitotequiero.com.ar\/portal\/wp-json\/wp\/v2\/media\/1250"}],"wp:attachment":[{"href":"http:\/\/caballitotequiero.com.ar\/portal\/wp-json\/wp\/v2\/media?parent=1247"}],"wp:term":[{"taxonomy":"category","embeddable":true,"href":"http:\/\/caballitotequiero.com.ar\/portal\/wp-json\/wp\/v2\/categories?post=1247"},{"taxonomy":"post_tag","embeddable":true,"href":"http:\/\/caballitotequiero.com.ar\/portal\/wp-json\/wp\/v2\/tags?post=1247"}],"curies":[{"name":"wp","href":"https:\/\/api.w.org\/{rel}","templated":true}]}}