{"id":1252,"date":"2011-03-30T19:45:24","date_gmt":"2011-03-30T22:45:24","guid":{"rendered":"http:\/\/caballitotequiero.com.ar\/portal\/?p=1252"},"modified":"2011-03-30T19:45:24","modified_gmt":"2011-03-30T22:45:24","slug":"con-los-chicos-no","status":"publish","type":"post","link":"http:\/\/caballitotequiero.com.ar\/portal\/2011\/03\/30\/con-los-chicos-no\/","title":{"rendered":"CON LOS CHICOS NO"},"content":{"rendered":"<p>Que la sociedad argentina es un caso digno de estudio, no es una novedad. Nacimos disociados, tanto de los gobiernos, como entre nosotros mismos.<\/p>\n<p>La ruptura con Espa\u00f1a, a partir de 1810, desat\u00f3 distintas corrientes ideol\u00f3gicas que, antes de buscar m\u00ednimos consensos en pos de un proyecto de liberaci\u00f3n, prefirieron enfrentarse para imponer distintos proyectos de dependencia. Pecando, todas ellas de una terrible ceguera ante las m\u00faltiples realidades de quienes poblaban las entonces estrechas fronteras del viejo virreinato.<\/p>\n<p>De las mezquinas traiciones de sal\u00f3n, se fue avanzando en una escalada de m\u00e1s y m\u00e1s violencia. Hasta llegar al paroxismo de una guerra civil interminable, que dur\u00f3 m\u00e1s de 80 a\u00f1os.<\/p>\n<p>La sangrienta derrota de un proyecto, trajo una aparente paz. Sin embargo los odios se mantuvieron subyacentes. As\u00ed la antinomia Unitarios \u2013 Federales, a\u00fan sigue vigente en muchos argentinos.<\/p>\n<p>La llegada masiva de inmigrantes europeos que hizo posible la construcci\u00f3n de un pa\u00eds moderno y pujante, no se tradujo en concordia. En el fondo de los ba\u00fales, bajados de los barcos, ven\u00edan los viejos odios europeos.<\/p>\n<p>As\u00ed el socialismo cient\u00edfico, el socialismo combativo, el anarquismo, el comunismo y el fascismo; pasaron a formar parte del conjunto de odios locales.<\/p>\n<p>Con el tiempo, generamos nuevos adversarios de factura dom\u00e9stica: radicales y conservadores, para agregar, en 1930, el partido militar.<\/p>\n<p>Los pactos secretos y los contubernios de los dirigentes pol\u00edticos, no se expresaban en sus militantes. As\u00ed, nunca faltaron los muertos, sobre todo en \u00e9pocas electorales. Siempre el adversario pol\u00edtico era asimilado como el enemigo.<\/p>\n<p>As\u00ed, en 1946, alguien que supo expresar a las masas trabajadoras, llega al poder.<\/p>\n<p>El nuevo proyecto, si bien era inclusivo de toda la sociedad, tocaba algunos intereses que, cre\u00edan ser inmanentes.<\/p>\n<p>En verdad, aquellos intereses locales, s\u00f3lo perd\u00edan una peque\u00f1a parte de sus utilidades econ\u00f3micas. Pero, la sensaci\u00f3n de sentirse invadidos por una cultura, hasta ese momento, despreciada, comenz\u00f3 a generar odios.<\/p>\n<p>Hubo otros intereses afectados que no fueron los aut\u00f3ctonos, sino que eran extranjeros. El proyecto propuesto no se adecuaba a sus estrategias globales a largo plazo. Ellos, azuzaron el odio de quienes se sent\u00edan afectados por el nuevo gobierno.<\/p>\n<p>La f\u00edsica se puso de manifiesto. \u201cA toda acci\u00f3n en un sentido, responde otra de igual intensidad, en sentido contrario\u201d.<\/p>\n<p>El odio, como manera de hacer pol\u00edtica se adue\u00f1\u00f3 de la Argentina.<\/p>\n<p>Un bombardeo criminal, el 16 de junio de 1955, fue la apoteosis. Y, el 16 de septiembre del mismo a\u00f1o, el pa\u00eds vio y escuch\u00f3 a la mitad de su poblaci\u00f3n gritar su odio. La otra mitad, se ocult\u00f3 en sus casas a rumiar el suyo.<\/p>\n<p>Con el tiempo, y algunos fusilamientos ejemplificadores de por medio, el pa\u00eds volvi\u00f3 a una mentirosa normalidad.<\/p>\n<p>En cada casa hab\u00eda posici\u00f3n tomada. Se era o no se era. Esa fue la educaci\u00f3n que recibimos de nuestros padres. Nunca un adoctrinamiento directo, siempre escuchando las conversaciones de los adultos en la mesa familiar.<\/p>\n<p>Por supuesto que hab\u00eda bombas en bancos, empresas o, facultades. No eran m\u00e1s que artefactos caseros, no pasaban de ser, como se los llamaba popularmente, un \u201cca\u00f1o\u201d.<\/p>\n<p>Y, hab\u00eda redadas, presos pol\u00edticos, manifestaciones dispersadas por los \u201ccosacos\u201d de la Federal, bastonazos, gases lacrim\u00f3genos, etc., etc. En esa hip\u00f3crita realidad entre el \u201955 y el \u201970, fuimos creciendo.<\/p>\n<p>Pero el mundo nos hablaba de otras realidades, parecidas a las nuestras. Entonces comenzamos a tener otros odios. Canalizamos los aut\u00f3ctonos y los alimentamos de otras realidades.<\/p>\n<p>Ya no \u00e9ramos o no \u00e9ramos. La vieja consigna de que \u201cel viejo no sabe nada, est\u00e1 equivocado\u201d, nos alent\u00f3 a cambiar, muchas veces de bando. O, simplemente a radicalizarnos.<\/p>\n<p>La \u00e9pica de la Sierra Maestra, de Argelia, de Viet Nam o, simplemente el \u201cProhibido prohibir\u201d y la \u201cImaginaci\u00f3n al poder\u201d; nos llev\u00f3 por delante.<\/p>\n<p>El encantamiento hipnotizador de las armas, nos domin\u00f3. Nosotros tambi\u00e9n pod\u00edamos hacer la revoluci\u00f3n. Los de siempre, los que hacen pactos secretos y contubernios, se sintieron en la c\u00faspide del poder; nos ten\u00edan a nosotros, exaltados, rebeldes y obedientes.<\/p>\n<p>Algunos de nosotros, fuimos a luchar por una utop\u00eda y levantamos nuevos y viejos odios. Otros de nosotros, enfrentamos a aquellos levantando tambi\u00e9n nuevos y viejos odios.<\/p>\n<p>As\u00ed desempolvamos odio tras odio nacional, desde 1820 hasta 1970. Les sumamos los odios de la vieja Europa, la que ya viv\u00eda en paz y concordia. Unos 1.000 a\u00f1os de odios y guerras, les hab\u00edan ense\u00f1ado que aquello no era negocio.<\/p>\n<p>Muchos sumaron los odios religiosos y raciales. Todos necesit\u00e1bamos nuestro ba\u00f1o de sangre del siglo XX\u2026 y lo tuvimos.<\/p>\n<p>Sin la \u00e9pica de la Guerra Civil Espa\u00f1ola, ni de Sierra Maestra, ni de Viet Nam.<\/p>\n<p>Fue un ba\u00f1o de sangre localista y oscuro. Sin h\u00e9roes, sin compasi\u00f3n, sin honor.<\/p>\n<p>Como premio a tanto odio entre nosotros, nos sirvieron una guerra contra otros. All\u00ed fueron los que eran m\u00e1s j\u00f3venes, nosotros ya est\u00e1bamos gastados.<\/p>\n<p>Ellos s\u00ed tuvieron una guerra \u00e9pica. Con la luz cruel y despiadada de toda guerra. Pero ellos tuvieron honor, fueron h\u00e9roes. Cosa extra\u00f1a: volvieron derrotados pero sin odio hacia el enemigo.<\/p>\n<p>Pareciera que el odio es posible tan s\u00f3lo entre nosotros.<\/p>\n<p>As\u00ed, de tumbo en tumba, llegamos al \u201983. Nuevamente pareci\u00f3 reinar la concordia entre todos los argentinos. Hab\u00edamos pasado una etapa negra de nuestra historia. Nos un\u00eda una realidad: est\u00e1bamos vivos. Todos sin excepci\u00f3n \u00e9ramos sobrevivientes, los del \u201970 por los \u201970. Los del \u201982 por el azar de la bal\u00edstica inglesa.<\/p>\n<p>Pero no podemos vivir sin odios. A los odios tradicionales, les sumamos los odios deportivos. As\u00ed, cualquier partido de f\u00fatbol puede terminar con alg\u00fan muerto. Las barras bravas se convirtieron en fuerzas de choque. No perdieron tiempo, los de siempre, de acoplarlas a sus intereses y odios particulares para llegar al poder.<\/p>\n<p>Pero, en toda esta sucinta historia de odios nacionales, nunca, pero nunca se les inculc\u00f3 el odio a los chicos.<\/p>\n<p>Nuestros padres halaban de pol\u00edtica, con mayor o menor vehemencia. Pero nunca nos adoctrinaron especialmente para odiar. Eso lo aprendimos solos, ya mayorcitos.<\/p>\n<p>El 24 de marzo \u00faltimo, en la Plaza de Mayo, unas gigantograf\u00edas mostraban a algunos personajes conocidos. Alrededor de sus caras se dibuj\u00f3 una diana, mientras que un cartel mostraba una consigna: \u201cEscup\u00ed tu bronca\u201d<\/p>\n<p>Hasta aqu\u00ed, una demostraci\u00f3n m\u00e1s de los viejos odios. Aquellos a los que siempre se les aplica la vieja ley f\u00edsica de las fuerzas opuestas y las reacciones de las mismas. Esos odios de adultos, hasta de adolescentes.<\/p>\n<p>No deja de sorprender que esto fuera colocado all\u00ed en el D\u00eda de la Memoria. \u00a1Flaca ha de ser la misma!<\/p>\n<p>Esos carteles estaban en la Plaza de Mayo. La misma donde murieron m\u00e1s de trescientos inocentes en el bombardeo del 16 de junio de 1955. Ese bombardeo que fue aceptado como necesario por el 50% del pa\u00eds y lamentado por la otra mitad. Esos carteles, demostraci\u00f3n de odio, eran el blanco de los escupitajos de criaturas. De chicos.<\/p>\n<p>Los chicos escupiendo eran  fotografiados por sus padres y madres. Se regocijaban del odio. Se alegraban de estar ense\u00f1ando a odiar.<\/p>\n<p>Nosotros, los que fuimos culpables de habernos odiado hasta la muerte, literal. Los que dimos justificativo al golpe que sumiera al pa\u00eds en una larga noche de ocho a\u00f1os, nunca ense\u00f1amos a odiar a los chicos. Estaban protegidos, por nosotros mismos, de nuestros odios.<\/p>\n<p>Quiz\u00e1 lleg\u00f3 el momento de dejar de mirarnos el ombligo. Quiz\u00e1 lleg\u00f3 el momento de mirar hacia fuera  la historia y la realidad de otros. S\u00f3lo para aprender del sufrimiento ajeno.<\/p>\n<p>Desde 1933 hasta 1945, en Alemania se ense\u00f1\u00f3 a odiar a los chicos. Algunos de ellos custodiaron, a\u00f1os m\u00e1s tarde, Auschwitz, Treblinka o, Dachau.<\/p>\n<p>En Africa se ense\u00f1a a odiar a los chicos, se les da un fusil autom\u00e1tico AK-47 y se transforman en los m\u00e1s crueles combatientes que puedan existir. Carecen del sentimiento natural de compasi\u00f3n.<\/p>\n<p>En Palestina se ense\u00f1a a odiar a los chicos, luego Hamas o Al-Qaeda los recluta como \u201chombres bomba\u201d. Pierden el natural instinto de supervivencia.<\/p>\n<p><strong>Por nuestro propio bien. Por nuestro futuro como pa\u00eds y sociedad. Pero, sobre todo por nuestros chicos; que esos alegres padres que fotografiaban \u201clas gracias\u201d de sus hijos, piensen que ese odio genera un odio de igual intensidad y en sentido contrario.<\/strong><\/p>\n<p><strong>Por eso: \u00a1Con los chicos, no!<\/strong><\/p>\n<p><img loading=\"lazy\" decoding=\"async\" class=\"alignleft size-full wp-image-1255\" title=\"con los chicos no 1\" src=\"http:\/\/caballitotequiero.com.ar\/portal\/wp-content\/uploads\/2011\/03\/con-los-chicos-no-1.jpg\" alt=\"\" width=\"510\" height=\"390\" srcset=\"http:\/\/caballitotequiero.com.ar\/portal\/wp-content\/uploads\/2011\/03\/con-los-chicos-no-1.jpg 510w, http:\/\/caballitotequiero.com.ar\/portal\/wp-content\/uploads\/2011\/03\/con-los-chicos-no-1-300x229.jpg 300w, http:\/\/caballitotequiero.com.ar\/portal\/wp-content\/uploads\/2011\/03\/con-los-chicos-no-1-80x60.jpg 80w\" sizes=\"auto, (max-width: 510px) 100vw, 510px\" \/><img loading=\"lazy\" decoding=\"async\" class=\"alignleft size-full wp-image-1256\" title=\"con los chicos no 2\" src=\"http:\/\/caballitotequiero.com.ar\/portal\/wp-content\/uploads\/2011\/03\/con-los-chicos-no-2.jpg\" alt=\"\" width=\"510\" height=\"383\" srcset=\"http:\/\/caballitotequiero.com.ar\/portal\/wp-content\/uploads\/2011\/03\/con-los-chicos-no-2.jpg 510w, http:\/\/caballitotequiero.com.ar\/portal\/wp-content\/uploads\/2011\/03\/con-los-chicos-no-2-300x225.jpg 300w, http:\/\/caballitotequiero.com.ar\/portal\/wp-content\/uploads\/2011\/03\/con-los-chicos-no-2-80x60.jpg 80w\" sizes=\"auto, (max-width: 510px) 100vw, 510px\" \/><img loading=\"lazy\" decoding=\"async\" class=\"alignleft size-full wp-image-1257\" title=\"con los chicos no 3\" src=\"http:\/\/caballitotequiero.com.ar\/portal\/wp-content\/uploads\/2011\/03\/con-los-chicos-no-3.jpg\" alt=\"\" width=\"510\" height=\"393\" srcset=\"http:\/\/caballitotequiero.com.ar\/portal\/wp-content\/uploads\/2011\/03\/con-los-chicos-no-3.jpg 510w, http:\/\/caballitotequiero.com.ar\/portal\/wp-content\/uploads\/2011\/03\/con-los-chicos-no-3-300x231.jpg 300w\" sizes=\"auto, (max-width: 510px) 100vw, 510px\" \/><img loading=\"lazy\" decoding=\"async\" class=\"alignleft size-full wp-image-1258\" title=\"con los chicos no\" src=\"http:\/\/caballitotequiero.com.ar\/portal\/wp-content\/uploads\/2011\/03\/con-los-chicos-no2.jpg\" alt=\"\" width=\"510\" height=\"342\" srcset=\"http:\/\/caballitotequiero.com.ar\/portal\/wp-content\/uploads\/2011\/03\/con-los-chicos-no2.jpg 510w, http:\/\/caballitotequiero.com.ar\/portal\/wp-content\/uploads\/2011\/03\/con-los-chicos-no2-300x201.jpg 300w\" sizes=\"auto, (max-width: 510px) 100vw, 510px\" \/><\/p>\n","protected":false},"excerpt":{"rendered":"<p>Que la sociedad argentina es un caso digno de estudio, no es una novedad. Nacimos disociados, tanto de los gobiernos, como entre nosotros mismos. La ruptura con Espa\u00f1a, a partir de 1810, desat\u00f3 distintas corrientes ideol\u00f3gicas que, antes de buscar m\u00ednimos consensos en pos de un proyecto de liberaci\u00f3n, prefirieron enfrentarse para imponer distintos proyectos [&hellip;]<\/p>\n","protected":false},"author":1,"featured_media":1254,"comment_status":"open","ping_status":"open","sticky":false,"template":"","format":"standard","meta":{"footnotes":""},"categories":[5],"tags":[],"class_list":["post-1252","post","type-post","status-publish","format-standard","has-post-thumbnail","hentry","category-noticias"],"_links":{"self":[{"href":"http:\/\/caballitotequiero.com.ar\/portal\/wp-json\/wp\/v2\/posts\/1252","targetHints":{"allow":["GET"]}}],"collection":[{"href":"http:\/\/caballitotequiero.com.ar\/portal\/wp-json\/wp\/v2\/posts"}],"about":[{"href":"http:\/\/caballitotequiero.com.ar\/portal\/wp-json\/wp\/v2\/types\/post"}],"author":[{"embeddable":true,"href":"http:\/\/caballitotequiero.com.ar\/portal\/wp-json\/wp\/v2\/users\/1"}],"replies":[{"embeddable":true,"href":"http:\/\/caballitotequiero.com.ar\/portal\/wp-json\/wp\/v2\/comments?post=1252"}],"version-history":[{"count":1,"href":"http:\/\/caballitotequiero.com.ar\/portal\/wp-json\/wp\/v2\/posts\/1252\/revisions"}],"predecessor-version":[{"id":1259,"href":"http:\/\/caballitotequiero.com.ar\/portal\/wp-json\/wp\/v2\/posts\/1252\/revisions\/1259"}],"wp:featuredmedia":[{"embeddable":true,"href":"http:\/\/caballitotequiero.com.ar\/portal\/wp-json\/wp\/v2\/media\/1254"}],"wp:attachment":[{"href":"http:\/\/caballitotequiero.com.ar\/portal\/wp-json\/wp\/v2\/media?parent=1252"}],"wp:term":[{"taxonomy":"category","embeddable":true,"href":"http:\/\/caballitotequiero.com.ar\/portal\/wp-json\/wp\/v2\/categories?post=1252"},{"taxonomy":"post_tag","embeddable":true,"href":"http:\/\/caballitotequiero.com.ar\/portal\/wp-json\/wp\/v2\/tags?post=1252"}],"curies":[{"name":"wp","href":"https:\/\/api.w.org\/{rel}","templated":true}]}}