{"id":1287,"date":"2011-03-31T20:20:32","date_gmt":"2011-03-31T23:20:32","guid":{"rendered":"http:\/\/caballitotequiero.com.ar\/portal\/?p=1287"},"modified":"2011-03-31T21:10:33","modified_gmt":"2011-04-01T00:10:33","slug":"%c2%a1ultimo-momento-el-10-de-julio-se-votaran-autoridades-comunales","status":"publish","type":"post","link":"http:\/\/caballitotequiero.com.ar\/portal\/2011\/03\/31\/%c2%a1ultimo-momento-el-10-de-julio-se-votaran-autoridades-comunales\/","title":{"rendered":"\u00a1ULTIMO MOMENTO! EL 10 DE JULIO SE VOTAR\u00c1N AUTORIDADES COMUNALES"},"content":{"rendered":"<p>En la sesi\u00f3n de hoy, jueves 31 de marzo, la Legislatura Porte\u00f1a decidi\u00f3, por unanimidad, unificar las elecciones para Jefe de Gobierno con las de Comunas, el d\u00eda 10 de julio pr\u00f3ximo.<\/p>\n<p>Abri\u00f3 el debate el legislador Mart\u00edn Hourest, de Igualdad Social, criticando los fundamentos de la unificaci\u00f3n, aunque acompa\u00f1\u00f3 con su voto.<br \/>\nLuego tom\u00f3 la palabra, el legislador de la Coalici\u00f3n C\u00edvica, Sergio Abrevaya, quien manifest\u00f3 que prefiere \u201cjuntarla con la elecci\u00f3n de la Ciudad y que de esa manera se imponga la descentralizaci\u00f3n en la  Ciudad de Buenos Aires\u201d. \u201cVale la pena apoyarlo. La Ley de Comunas garantiza la autonom\u00eda de la ciudad\u201d, concluy\u00f3.<br \/>\nAdri\u00e1n Camps, por Proyecto Sur, hizo un racconto de las hist\u00f3ricas imposibilidades para no hacer las elecciones comunales y expres\u00f3 que \u201cevidentemente no hab\u00eda voluntad pol\u00edtica\u201d. Adem\u00e1s, anticip\u00f3 el voto positivo de su bloque.<br \/>\nLa Coalici\u00f3n C\u00edvica, a trav\u00e9s del presidente del bloque Fernando S\u00e1nchez, pronunci\u00f3 su malestar por \u201cla total ausencia de tratamiento de temas en las \u00faltimas tres sesiones\u201d.<br \/>\nTerminadas las exposiciones de la oposici\u00f3n, tomaron la palabra Mart\u00edn Ocampo y Cristian Ritondo, del PRO, quienes defendieron el proyecto y la posici\u00f3n del Poder Ejecutivo de unificarlas elecciones.<\/p>\n<p>Cuando lleg\u00f3 el momento de votar, los 54 legisladores presentes acompa\u00f1aron con su aprobaci\u00f3n el proyecto<\/p>\n<p>As\u00ed tras largos 15 a\u00f1os de espera, los vecinos de Buenos Aires elegiremos a quienes administrar\u00e1n las comunas porte\u00f1as.<\/p>\n<p>Sin duda, a parir de este momento, comenzaremos a asistir, en cada barrio, a una creciente puja electoral y a un seguro intento, por parte de los partidos pol\u00edticos, de instalar a diversos \u201cvecinos\u201d poco o muy conocidos en el barrio.<\/p>\n<p>Sepa el vecino votar.<\/p>\n<p><img loading=\"lazy\" decoding=\"async\" class=\"alignleft size-full wp-image-1288\" title=\"Legislatura SESION POR UNIFICACION DE ELECCIONES PORTE\u00d1AS\" src=\"http:\/\/caballitotequiero.com.ar\/portal\/wp-content\/uploads\/2011\/03\/Legislatura-SESION-POR-UNIFICACION-DE-ELECCIONES-PORTE\u00d1AS.jpg\" alt=\"\" width=\"510\" height=\"340\" srcset=\"http:\/\/caballitotequiero.com.ar\/portal\/wp-content\/uploads\/2011\/03\/Legislatura-SESION-POR-UNIFICACION-DE-ELECCIONES-PORTE\u00d1AS.jpg 510w, http:\/\/caballitotequiero.com.ar\/portal\/wp-content\/uploads\/2011\/03\/Legislatura-SESION-POR-UNIFICACION-DE-ELECCIONES-PORTE\u00d1AS-300x200.jpg 300w\" sizes=\"auto, (max-width: 510px) 100vw, 510px\" \/><\/p>\n","protected":false},"excerpt":{"rendered":"<p>En la sesi\u00f3n de hoy, jueves 31 de marzo, la Legislatura Porte\u00f1a decidi\u00f3, por unanimidad, unificar las elecciones para Jefe de Gobierno con las de Comunas, el d\u00eda 10 de julio pr\u00f3ximo. Abri\u00f3 el debate el legislador Mart\u00edn Hourest, de Igualdad Social, criticando los fundamentos de la unificaci\u00f3n, aunque acompa\u00f1\u00f3 con su voto. Luego tom\u00f3 [&hellip;]<\/p>\n","protected":false},"author":1,"featured_media":1289,"comment_status":"open","ping_status":"open","sticky":false,"template":"","format":"standard","meta":{"footnotes":""},"categories":[5],"tags":[],"class_list":["post-1287","post","type-post","status-publish","format-standard","has-post-thumbnail","hentry","category-noticias"],"_links":{"self":[{"href":"http:\/\/caballitotequiero.com.ar\/portal\/wp-json\/wp\/v2\/posts\/1287","targetHints":{"allow":["GET"]}}],"collection":[{"href":"http:\/\/caballitotequiero.com.ar\/portal\/wp-json\/wp\/v2\/posts"}],"about":[{"href":"http:\/\/caballitotequiero.com.ar\/portal\/wp-json\/wp\/v2\/types\/post"}],"author":[{"embeddable":true,"href":"http:\/\/caballitotequiero.com.ar\/portal\/wp-json\/wp\/v2\/users\/1"}],"replies":[{"embeddable":true,"href":"http:\/\/caballitotequiero.com.ar\/portal\/wp-json\/wp\/v2\/comments?post=1287"}],"version-history":[{"count":2,"href":"http:\/\/caballitotequiero.com.ar\/portal\/wp-json\/wp\/v2\/posts\/1287\/revisions"}],"predecessor-version":[{"id":1292,"href":"http:\/\/caballitotequiero.com.ar\/portal\/wp-json\/wp\/v2\/posts\/1287\/revisions\/1292"}],"wp:featuredmedia":[{"embeddable":true,"href":"http:\/\/caballitotequiero.com.ar\/portal\/wp-json\/wp\/v2\/media\/1289"}],"wp:attachment":[{"href":"http:\/\/caballitotequiero.com.ar\/portal\/wp-json\/wp\/v2\/media?parent=1287"}],"wp:term":[{"taxonomy":"category","embeddable":true,"href":"http:\/\/caballitotequiero.com.ar\/portal\/wp-json\/wp\/v2\/categories?post=1287"},{"taxonomy":"post_tag","embeddable":true,"href":"http:\/\/caballitotequiero.com.ar\/portal\/wp-json\/wp\/v2\/tags?post=1287"}],"curies":[{"name":"wp","href":"https:\/\/api.w.org\/{rel}","templated":true}]}}