{"id":1293,"date":"2011-03-31T21:47:37","date_gmt":"2011-04-01T00:47:37","guid":{"rendered":"http:\/\/caballitotequiero.com.ar\/portal\/?p=1293"},"modified":"2011-03-31T21:47:37","modified_gmt":"2011-04-01T00:47:37","slug":"semana-de-festejos-por-los-80-anos-del-hospital-maria-curie","status":"publish","type":"post","link":"http:\/\/caballitotequiero.com.ar\/portal\/2011\/03\/31\/semana-de-festejos-por-los-80-anos-del-hospital-maria-curie\/","title":{"rendered":"SEMANA DE FESTEJOS POR LOS 80 A\u00d1OS DEL HOSPITAL MARIA CURIE"},"content":{"rendered":"<p>El pasado domingo 27 de marzo, con un marat\u00f3n, se inici\u00f3 la semana de festejos por el 80\u00ba Aniversario del Hospital Maria Curie.<\/p>\n<p>El lunes 28 de marzo, el Director del Hospital Mar\u00eda Curie, Dr. Guillermo Temperley y el director del instituto Curie de Par\u00eds, Dr. Bey abrieron el <a href=\"http:\/\/www.barriada.com.ar\/Noticias2011\/noticias-marzo-2011_7.htm#ProgramaGeneral\">Congreso<\/a> y las <a href=\"http:\/\/www.barriada.com.ar\/Noticias2011\/noticias-marzo-2011_7.htm#JornadasTecnicas\">Jornadas T\u00e9cnicas<\/a>. Estuvo presente la nieta de Mar\u00eda Curie, H\u00e9l\u00e8ne Longevin Joliot, de 84 a\u00f1os, Cient\u00edfica Nuclear. Como invitados participaron: el Director  del Instituto de Curie de Paris Doctor Bey, el Director del Instituto Curie de Varsovia, el Doctor Jean Pierre Armand, el Doctor Hern\u00e1n Cortes Funes de  Madrid &#8211; Espa\u00f1a, el Doctor Baselga de la ciudad de Boston, el doctor Franco Mugia y la Doctora Anna Ferrari de la ciudad de Nueva York\u2013 EEUU, el    Doctor   Carlos Vallejo Sololguren  de la ciudad de Lima Per\u00fa, el Doctor Gilberto Schwarstman de Porto Alegre \u2013Brasil, el Doctor  de  Oraldi de Santiago de Chile, la Doctora Laura Bover y el Doctor Gabriel Hortobagyi del M. D.  Andersson C\u00e1ncer Center de Houston Texas\u2013 EEUU, el Doctor Eduardo Cazap presidente de la UICC, m\u00e9dicos de la Liga Argentina de Lucha Contra el C\u00e1ncer, El Doctor Osvaldo Podjaicer del Instituto Leloir y especialistas de nuestro pa\u00eds.<\/p>\n<p>Las exposiciones se dictaron en el Aula Magna del hospital, y fueron retransmitidas a la m\u00e1s espaciosa sala del Instituto Luis Leloir, as\u00ed como a otros pa\u00edses.<\/p>\n<p>El mi\u00e9rcoles 30 de marzo, dentro del marco de los festejos, la Legislatura Porte\u00f1a otorg\u00f3, por medio de un decreto del Gobierno de la Ciudad, la distinci\u00f3n de Visitante de Honor de la Ciudad Aut\u00f3noma de Buenos Aires a la <strong>Profesora H\u00e9l\u00e8ne Langevin Joliot<\/strong>. La ceremonia se llev\u00f3 a cabo en el Sal\u00f3n Dorado de la Legislatura porte\u00f1a. Participaron diplom\u00e1ticos extranjeros, diputados y funcionarios del \u00e1rea de salud del Poder Ejecutivo de la Ciudad<\/p>\n<p>El jueves 31 de marzo, d\u00eda en que el Hospital cumpli\u00f3 los 80 a\u00f1os, se realizaron los actos centrales. Participaron de los mismos: autoridades, funcionarios del \u00e1rea de salud, todo el personal del Hospital Curie, encabezados por sus autoridades. Estuvieron presente representantes de las asociaciones vecinales Caballito Puede, Vecinos del Parque del Centenario, Rotary Club de Caballito y Proto Comuna Caballito.<\/p>\n<p>La banda militar de la Escuela de Armas del Ej\u00e9rcito Argentino, dirigida por la Capitana Teresa Luna, acompa\u00f1\u00f3 con una selecci\u00f3n de marchas la ceremonia. Un especial reconocimiento tuvieron los Ex Combatientes de Malvinas, ya que a su cargo estuvo el izamiento del Pabell\u00f3n Nacional.<\/p>\n<p>Durante la ma\u00f1ana, la Profesora H\u00e9l\u00e8ne Langevin-Joliot di\u00f3<strong><em> <\/em><\/strong>una charla intitulada \u00abLa mujer y la Ciencia\u00bb. En la misma la Profesora  Langevin-Joliot, hizo una rese\u00f1a de la vida de su abuela, Marie Curie, as\u00ed como de sus investigaciones y logros. Siempre referenciando el contexto hist\u00f3rico, donde el ser mujer era un obst\u00e1culo a vencer.<\/p>\n<p>La Profesora H\u00e9l\u00e8ne Langevin-Joliot forma parte de una familia de exitosos cient\u00edficos: sus abuelos, Pierre y Marie Curie, su madre, Irene Joliot-Curie, y su padre, Fr\u00e9d\u00e9ric Joliot, fueron ganadores de premios Nobel. A pesar de tan pesada carga familiar, H\u00e9l\u00e8ne se especializ\u00f3 en f\u00edsica nuclear y desde 2004 preside una organizaci\u00f3n fundada por el tambi\u00e9n famoso f\u00edsico Paul Langevin (abuelo de su marido), llamada Union Rationaliste, que promueve la reflexi\u00f3n sobre la manera en que se ense\u00f1an las ciencias y las preguntas que van surgiendo a ra\u00edz del surgimiento de tecnolog\u00edas nuevas. Adem\u00e1s, es directora honoraria de investigaci\u00f3n del Centro Nacional de Investigaci\u00f3n Cient\u00edfica de Francia (equivalente a nuestro CONICET).<\/p>\n<p>H\u00e9l\u00e8ne se ha dedicado a difundir el legado de sus padres y abuelos, a promover una mejor ense\u00f1anza de las ciencias en colegios y universidades, y a luchar por una mayor inclusi\u00f3n de las mujeres en el mundo cient\u00edfico.<\/p>\n<p>El pasado enero lanz\u00f3 el libro <em>Marie Curie et ses filles, lettres<\/em> (Marie Curie y sus hijas, cartas), donde recopil\u00f3 las cartas que su madre (Ir\u00e8ne) y su t\u00eda (Eve) intercambiaron con su famosa abuela.<\/p>\n<p>Finalizada la ceremonia central, alumnos de los colegios: Presidente Uriburu, Benjam\u00edn Matienzo, Jos\u00e9 Gervasio Artigas, Del Centenario, Divino Rostro y de los Jard\u00ednes Maternales Andr\u00e9s Ferreira y Del Durand, plantaron 80 \u00e1rboles en homenaje a los 80 a\u00f1os del Hospital. Esta actividad fue organizada por la  Asociaci\u00f3n Vecinos del Parque del Centenario.<\/p>\n<p>El viernes 1\u00ba de abril, la semana de festejos culminar\u00e1 con un Torneo de Golf en el Pilar Golf Club que comenzar\u00e1 a las 10.00<\/p>\n<p>Mientras tanto en el Hospital se dictaran las Jornadas de Enfermer\u00eda. Tambi\u00e9n se podr\u00e1 visitar la exposici\u00f3n de obras de: Pintura, Grabado, Dibujo, Fotograf\u00eda, Poes\u00eda, Arte digital, Esculturas y Artesan\u00edas, a cargo de enfermeras y enfermeros del Hospital.<\/p>\n<p>Una semana de festejos acorde a la historia e importancia del Hospital Oncol\u00f3gico Mar\u00eda Curie, del cual se enorgullece el barrio de Caballito.<\/p>\n<p>Sin duda un logro de los organizadores, encabezados por su director Dr. Guillermo Temperley.<\/p>\n<div id=\"attachment_1294\" style=\"width: 520px\" class=\"wp-caption alignleft\"><img loading=\"lazy\" decoding=\"async\" aria-describedby=\"caption-attachment-1294\" class=\"size-full wp-image-1294\" title=\"0 curie 31 0\" src=\"http:\/\/caballitotequiero.com.ar\/portal\/wp-content\/uploads\/2011\/03\/0-curie-31-0.jpg\" alt=\"\" width=\"510\" height=\"281\" srcset=\"http:\/\/caballitotequiero.com.ar\/portal\/wp-content\/uploads\/2011\/03\/0-curie-31-0.jpg 510w, http:\/\/caballitotequiero.com.ar\/portal\/wp-content\/uploads\/2011\/03\/0-curie-31-0-300x165.jpg 300w\" sizes=\"auto, (max-width: 510px) 100vw, 510px\" \/><p id=\"caption-attachment-1294\" class=\"wp-caption-text\">Foto hist\u00f3rica del Hospital Mar\u00eda Curie<\/p><\/div>\n<div id=\"attachment_1295\" style=\"width: 520px\" class=\"wp-caption alignleft\"><img loading=\"lazy\" decoding=\"async\" aria-describedby=\"caption-attachment-1295\" class=\"size-full wp-image-1295\" title=\"0 curie 31 1\" src=\"http:\/\/caballitotequiero.com.ar\/portal\/wp-content\/uploads\/2011\/03\/0-curie-31-1.jpg\" alt=\"\" width=\"510\" height=\"383\" srcset=\"http:\/\/caballitotequiero.com.ar\/portal\/wp-content\/uploads\/2011\/03\/0-curie-31-1.jpg 510w, http:\/\/caballitotequiero.com.ar\/portal\/wp-content\/uploads\/2011\/03\/0-curie-31-1-300x225.jpg 300w, http:\/\/caballitotequiero.com.ar\/portal\/wp-content\/uploads\/2011\/03\/0-curie-31-1-80x60.jpg 80w\" sizes=\"auto, (max-width: 510px) 100vw, 510px\" \/><p id=\"caption-attachment-1295\" class=\"wp-caption-text\">Conferencia a cargo del Dr. Bey, director del Instituto Curie de Par\u00eds.<\/p><\/div>\n<div id=\"attachment_1296\" style=\"width: 617px\" class=\"wp-caption alignleft\"><img loading=\"lazy\" decoding=\"async\" aria-describedby=\"caption-attachment-1296\" class=\"size-full wp-image-1296\" title=\"0 curie legislatura\" src=\"http:\/\/caballitotequiero.com.ar\/portal\/wp-content\/uploads\/2011\/03\/0-curie-legislatura.jpg\" alt=\"\" width=\"607\" height=\"364\" srcset=\"http:\/\/caballitotequiero.com.ar\/portal\/wp-content\/uploads\/2011\/03\/0-curie-legislatura.jpg 607w, http:\/\/caballitotequiero.com.ar\/portal\/wp-content\/uploads\/2011\/03\/0-curie-legislatura-300x179.jpg 300w\" sizes=\"auto, (max-width: 607px) 100vw, 607px\" \/><p id=\"caption-attachment-1296\" class=\"wp-caption-text\">La cient\u00edfica H\u00e9l\u00e8ne Longevin Joliot, nieta de Mar\u00eda Curie, fue distinguida en la Legislatura.<\/p><\/div>\n<div id=\"attachment_1297\" style=\"width: 520px\" class=\"wp-caption alignleft\"><img loading=\"lazy\" decoding=\"async\" aria-describedby=\"caption-attachment-1297\" class=\"size-full wp-image-1297\" title=\"0 curie 31 2\" src=\"http:\/\/caballitotequiero.com.ar\/portal\/wp-content\/uploads\/2011\/03\/0-curie-31-2.jpg\" alt=\"\" width=\"510\" height=\"383\" srcset=\"http:\/\/caballitotequiero.com.ar\/portal\/wp-content\/uploads\/2011\/03\/0-curie-31-2.jpg 510w, http:\/\/caballitotequiero.com.ar\/portal\/wp-content\/uploads\/2011\/03\/0-curie-31-2-300x225.jpg 300w, http:\/\/caballitotequiero.com.ar\/portal\/wp-content\/uploads\/2011\/03\/0-curie-31-2-80x60.jpg 80w\" sizes=\"auto, (max-width: 510px) 100vw, 510px\" \/><p id=\"caption-attachment-1297\" class=\"wp-caption-text\">La Dra. Norma Goldin, en representaci\u00f3n del Ministerio de Salud de la Ciudad de Buenos Aires, ley\u00f3 en mensaje del ministro Lemus.<\/p><\/div>\n<div id=\"attachment_1298\" style=\"width: 520px\" class=\"wp-caption alignleft\"><img loading=\"lazy\" decoding=\"async\" aria-describedby=\"caption-attachment-1298\" class=\"size-full wp-image-1298\" title=\"0 curie 31 3\" src=\"http:\/\/caballitotequiero.com.ar\/portal\/wp-content\/uploads\/2011\/03\/0-curie-31-3.jpg\" alt=\"\" width=\"510\" height=\"383\" srcset=\"http:\/\/caballitotequiero.com.ar\/portal\/wp-content\/uploads\/2011\/03\/0-curie-31-3.jpg 510w, http:\/\/caballitotequiero.com.ar\/portal\/wp-content\/uploads\/2011\/03\/0-curie-31-3-300x225.jpg 300w, http:\/\/caballitotequiero.com.ar\/portal\/wp-content\/uploads\/2011\/03\/0-curie-31-3-80x60.jpg 80w\" sizes=\"auto, (max-width: 510px) 100vw, 510px\" \/><p id=\"caption-attachment-1298\" class=\"wp-caption-text\">La Dra. H\u00e9l\u00e8ne Longevin Joliot ofrecio una charla sobre &quot;La mujer y la ciencia&quot;<\/p><\/div>\n<div id=\"attachment_1299\" style=\"width: 520px\" class=\"wp-caption alignleft\"><img loading=\"lazy\" decoding=\"async\" aria-describedby=\"caption-attachment-1299\" class=\"size-full wp-image-1299\" title=\"0 curie 31 4\" src=\"http:\/\/caballitotequiero.com.ar\/portal\/wp-content\/uploads\/2011\/03\/0-curie-31-4.jpg\" alt=\"\" width=\"510\" height=\"383\" srcset=\"http:\/\/caballitotequiero.com.ar\/portal\/wp-content\/uploads\/2011\/03\/0-curie-31-4.jpg 510w, http:\/\/caballitotequiero.com.ar\/portal\/wp-content\/uploads\/2011\/03\/0-curie-31-4-300x225.jpg 300w, http:\/\/caballitotequiero.com.ar\/portal\/wp-content\/uploads\/2011\/03\/0-curie-31-4-80x60.jpg 80w\" sizes=\"auto, (max-width: 510px) 100vw, 510px\" \/><p id=\"caption-attachment-1299\" class=\"wp-caption-text\">En la exposici\u00f3n hizo referencia a la historia de sus abuelos, Pierre y Mar\u00eda Curie.<\/p><\/div>\n<div id=\"attachment_1300\" style=\"width: 520px\" class=\"wp-caption alignleft\"><img loading=\"lazy\" decoding=\"async\" aria-describedby=\"caption-attachment-1300\" class=\"size-full wp-image-1300\" title=\"0 curie 31 5\" src=\"http:\/\/caballitotequiero.com.ar\/portal\/wp-content\/uploads\/2011\/03\/0-curie-31-5.jpg\" alt=\"\" width=\"510\" height=\"358\" srcset=\"http:\/\/caballitotequiero.com.ar\/portal\/wp-content\/uploads\/2011\/03\/0-curie-31-5.jpg 510w, http:\/\/caballitotequiero.com.ar\/portal\/wp-content\/uploads\/2011\/03\/0-curie-31-5-300x210.jpg 300w\" sizes=\"auto, (max-width: 510px) 100vw, 510px\" \/><p id=\"caption-attachment-1300\" class=\"wp-caption-text\">Descubriendo las placas por los 80 a\u00f1os.<\/p><\/div>\n<p><img loading=\"lazy\" decoding=\"async\" class=\"alignleft size-full wp-image-1301\" title=\"0 curie 31 6\" src=\"http:\/\/caballitotequiero.com.ar\/portal\/wp-content\/uploads\/2011\/03\/0-curie-31-6.jpg\" alt=\"\" width=\"510\" height=\"305\" srcset=\"http:\/\/caballitotequiero.com.ar\/portal\/wp-content\/uploads\/2011\/03\/0-curie-31-6.jpg 510w, http:\/\/caballitotequiero.com.ar\/portal\/wp-content\/uploads\/2011\/03\/0-curie-31-6-300x179.jpg 300w\" sizes=\"auto, (max-width: 510px) 100vw, 510px\" \/><img loading=\"lazy\" decoding=\"async\" class=\"alignleft size-full wp-image-1302\" title=\"0 curie 31 7\" src=\"http:\/\/caballitotequiero.com.ar\/portal\/wp-content\/uploads\/2011\/03\/0-curie-31-7.jpg\" alt=\"\" width=\"510\" height=\"381\" srcset=\"http:\/\/caballitotequiero.com.ar\/portal\/wp-content\/uploads\/2011\/03\/0-curie-31-7.jpg 510w, http:\/\/caballitotequiero.com.ar\/portal\/wp-content\/uploads\/2011\/03\/0-curie-31-7-300x224.jpg 300w, http:\/\/caballitotequiero.com.ar\/portal\/wp-content\/uploads\/2011\/03\/0-curie-31-7-80x60.jpg 80w\" sizes=\"auto, (max-width: 510px) 100vw, 510px\" \/><\/p>\n<div id=\"attachment_1303\" style=\"width: 520px\" class=\"wp-caption alignleft\"><img loading=\"lazy\" decoding=\"async\" aria-describedby=\"caption-attachment-1303\" class=\"size-full wp-image-1303\" title=\"0 curie 31 8\" src=\"http:\/\/caballitotequiero.com.ar\/portal\/wp-content\/uploads\/2011\/03\/0-curie-31-8.jpg\" alt=\"\" width=\"510\" height=\"414\" srcset=\"http:\/\/caballitotequiero.com.ar\/portal\/wp-content\/uploads\/2011\/03\/0-curie-31-8.jpg 510w, http:\/\/caballitotequiero.com.ar\/portal\/wp-content\/uploads\/2011\/03\/0-curie-31-8-300x243.jpg 300w\" sizes=\"auto, (max-width: 510px) 100vw, 510px\" \/><p id=\"caption-attachment-1303\" class=\"wp-caption-text\">Acto central en las escalinatas del hospital<\/p><\/div>\n<div id=\"attachment_1304\" style=\"width: 520px\" class=\"wp-caption alignleft\"><img loading=\"lazy\" decoding=\"async\" aria-describedby=\"caption-attachment-1304\" class=\"size-full wp-image-1304\" title=\"0 curie 31 9\" src=\"http:\/\/caballitotequiero.com.ar\/portal\/wp-content\/uploads\/2011\/03\/0-curie-31-9.jpg\" alt=\"\" width=\"510\" height=\"383\" srcset=\"http:\/\/caballitotequiero.com.ar\/portal\/wp-content\/uploads\/2011\/03\/0-curie-31-9.jpg 510w, http:\/\/caballitotequiero.com.ar\/portal\/wp-content\/uploads\/2011\/03\/0-curie-31-9-300x225.jpg 300w, http:\/\/caballitotequiero.com.ar\/portal\/wp-content\/uploads\/2011\/03\/0-curie-31-9-80x60.jpg 80w\" sizes=\"auto, (max-width: 510px) 100vw, 510px\" \/><p id=\"caption-attachment-1304\" class=\"wp-caption-text\">Estuvieron presentes abanderados de las escuelas de la zona.<\/p><\/div>\n<div id=\"attachment_1305\" style=\"width: 520px\" class=\"wp-caption alignleft\"><img loading=\"lazy\" decoding=\"async\" aria-describedby=\"caption-attachment-1305\" class=\"size-full wp-image-1305\" title=\"0 curie 31 10\" src=\"http:\/\/caballitotequiero.com.ar\/portal\/wp-content\/uploads\/2011\/03\/0-curie-31-10.jpg\" alt=\"\" width=\"510\" height=\"414\" srcset=\"http:\/\/caballitotequiero.com.ar\/portal\/wp-content\/uploads\/2011\/03\/0-curie-31-10.jpg 510w, http:\/\/caballitotequiero.com.ar\/portal\/wp-content\/uploads\/2011\/03\/0-curie-31-10-300x243.jpg 300w\" sizes=\"auto, (max-width: 510px) 100vw, 510px\" \/><p id=\"caption-attachment-1305\" class=\"wp-caption-text\">Abanderada y escoltas de la Escuela Presidente Uriburu<\/p><\/div>\n<div id=\"attachment_1306\" style=\"width: 520px\" class=\"wp-caption alignleft\"><img loading=\"lazy\" decoding=\"async\" aria-describedby=\"caption-attachment-1306\" class=\"size-full wp-image-1306\" title=\"0 curie 31 11\" src=\"http:\/\/caballitotequiero.com.ar\/portal\/wp-content\/uploads\/2011\/03\/0-curie-31-11.jpg\" alt=\"\" width=\"510\" height=\"383\" srcset=\"http:\/\/caballitotequiero.com.ar\/portal\/wp-content\/uploads\/2011\/03\/0-curie-31-11.jpg 510w, http:\/\/caballitotequiero.com.ar\/portal\/wp-content\/uploads\/2011\/03\/0-curie-31-11-300x225.jpg 300w, http:\/\/caballitotequiero.com.ar\/portal\/wp-content\/uploads\/2011\/03\/0-curie-31-11-80x60.jpg 80w\" sizes=\"auto, (max-width: 510px) 100vw, 510px\" \/><p id=\"caption-attachment-1306\" class=\"wp-caption-text\">Banda militar de la Escuela de Armas del Ej\u00e9rcito Argentino<\/p><\/div>\n<div id=\"attachment_1307\" style=\"width: 520px\" class=\"wp-caption alignleft\"><img loading=\"lazy\" decoding=\"async\" aria-describedby=\"caption-attachment-1307\" class=\"size-full wp-image-1307\" title=\"0 curie 31 13\" src=\"http:\/\/caballitotequiero.com.ar\/portal\/wp-content\/uploads\/2011\/03\/0-curie-31-13.jpg\" alt=\"\" width=\"510\" height=\"376\" srcset=\"http:\/\/caballitotequiero.com.ar\/portal\/wp-content\/uploads\/2011\/03\/0-curie-31-13.jpg 510w, http:\/\/caballitotequiero.com.ar\/portal\/wp-content\/uploads\/2011\/03\/0-curie-31-13-300x221.jpg 300w, http:\/\/caballitotequiero.com.ar\/portal\/wp-content\/uploads\/2011\/03\/0-curie-31-13-80x60.jpg 80w\" sizes=\"auto, (max-width: 510px) 100vw, 510px\" \/><p id=\"caption-attachment-1307\" class=\"wp-caption-text\">Veteranos de la Guerra de Malvinas tuvieron a su cargo el izamiento de la Bandera.<\/p><\/div>\n<p><img loading=\"lazy\" decoding=\"async\" class=\"alignleft size-full wp-image-1308\" title=\"0 curie 31 14\" src=\"http:\/\/caballitotequiero.com.ar\/portal\/wp-content\/uploads\/2011\/03\/0-curie-31-14.jpg\" alt=\"\" width=\"510\" height=\"383\" srcset=\"http:\/\/caballitotequiero.com.ar\/portal\/wp-content\/uploads\/2011\/03\/0-curie-31-14.jpg 510w, http:\/\/caballitotequiero.com.ar\/portal\/wp-content\/uploads\/2011\/03\/0-curie-31-14-300x225.jpg 300w, http:\/\/caballitotequiero.com.ar\/portal\/wp-content\/uploads\/2011\/03\/0-curie-31-14-80x60.jpg 80w\" sizes=\"auto, (max-width: 510px) 100vw, 510px\" \/><img loading=\"lazy\" decoding=\"async\" class=\"alignleft size-full wp-image-1309\" title=\"0 curie 31 15\" src=\"http:\/\/caballitotequiero.com.ar\/portal\/wp-content\/uploads\/2011\/03\/0-curie-31-15.jpg\" alt=\"\" width=\"510\" height=\"383\" srcset=\"http:\/\/caballitotequiero.com.ar\/portal\/wp-content\/uploads\/2011\/03\/0-curie-31-15.jpg 510w, http:\/\/caballitotequiero.com.ar\/portal\/wp-content\/uploads\/2011\/03\/0-curie-31-15-300x225.jpg 300w, http:\/\/caballitotequiero.com.ar\/portal\/wp-content\/uploads\/2011\/03\/0-curie-31-15-80x60.jpg 80w\" sizes=\"auto, (max-width: 510px) 100vw, 510px\" \/><\/p>\n<div id=\"attachment_1310\" style=\"width: 520px\" class=\"wp-caption alignleft\"><img loading=\"lazy\" decoding=\"async\" aria-describedby=\"caption-attachment-1310\" class=\"size-full wp-image-1310\" title=\"0 curie 31 16\" src=\"http:\/\/caballitotequiero.com.ar\/portal\/wp-content\/uploads\/2011\/03\/0-curie-31-16.jpg\" alt=\"\" width=\"510\" height=\"383\" srcset=\"http:\/\/caballitotequiero.com.ar\/portal\/wp-content\/uploads\/2011\/03\/0-curie-31-16.jpg 510w, http:\/\/caballitotequiero.com.ar\/portal\/wp-content\/uploads\/2011\/03\/0-curie-31-16-300x225.jpg 300w, http:\/\/caballitotequiero.com.ar\/portal\/wp-content\/uploads\/2011\/03\/0-curie-31-16-80x60.jpg 80w\" sizes=\"auto, (max-width: 510px) 100vw, 510px\" \/><p id=\"caption-attachment-1310\" class=\"wp-caption-text\">El director del Hospital, Dr. Guillermo Temperley, en el acto central en las escalinatas del nosocomio.<\/p><\/div>\n<div id=\"attachment_1311\" style=\"width: 520px\" class=\"wp-caption alignleft\"><img loading=\"lazy\" decoding=\"async\" aria-describedby=\"caption-attachment-1311\" class=\"size-full wp-image-1311\" title=\"0 curie 31 17\" src=\"http:\/\/caballitotequiero.com.ar\/portal\/wp-content\/uploads\/2011\/03\/0-curie-31-17.jpg\" alt=\"\" width=\"510\" height=\"367\" srcset=\"http:\/\/caballitotequiero.com.ar\/portal\/wp-content\/uploads\/2011\/03\/0-curie-31-17.jpg 510w, http:\/\/caballitotequiero.com.ar\/portal\/wp-content\/uploads\/2011\/03\/0-curie-31-17-300x215.jpg 300w\" sizes=\"auto, (max-width: 510px) 100vw, 510px\" \/><p id=\"caption-attachment-1311\" class=\"wp-caption-text\">Finalizado el acto, alumnos de diferentes colegios plantaron 80 \u00e1rboles en homenaje a los 80 a\u00f1os del Hospital.<\/p><\/div>\n<div id=\"attachment_1312\" style=\"width: 520px\" class=\"wp-caption alignleft\"><img loading=\"lazy\" decoding=\"async\" aria-describedby=\"caption-attachment-1312\" class=\"size-full wp-image-1312\" title=\"0 curie 31 18\" src=\"http:\/\/caballitotequiero.com.ar\/portal\/wp-content\/uploads\/2011\/03\/0-curie-31-18.jpg\" alt=\"\" width=\"510\" height=\"383\" srcset=\"http:\/\/caballitotequiero.com.ar\/portal\/wp-content\/uploads\/2011\/03\/0-curie-31-18.jpg 510w, http:\/\/caballitotequiero.com.ar\/portal\/wp-content\/uploads\/2011\/03\/0-curie-31-18-300x225.jpg 300w, http:\/\/caballitotequiero.com.ar\/portal\/wp-content\/uploads\/2011\/03\/0-curie-31-18-80x60.jpg 80w\" sizes=\"auto, (max-width: 510px) 100vw, 510px\" \/><p id=\"caption-attachment-1312\" class=\"wp-caption-text\">El Dr. Temperley junto a docentes y alumnos del Jard\u00edn Maternal Andr\u00e9s Ferreyra.<\/p><\/div>\n<p><img loading=\"lazy\" decoding=\"async\" class=\"alignleft size-full wp-image-1313\" title=\"0 curie 31 19\" src=\"http:\/\/caballitotequiero.com.ar\/portal\/wp-content\/uploads\/2011\/03\/0-curie-31-19.jpg\" alt=\"\" width=\"510\" height=\"377\" srcset=\"http:\/\/caballitotequiero.com.ar\/portal\/wp-content\/uploads\/2011\/03\/0-curie-31-19.jpg 510w, http:\/\/caballitotequiero.com.ar\/portal\/wp-content\/uploads\/2011\/03\/0-curie-31-19-300x221.jpg 300w, http:\/\/caballitotequiero.com.ar\/portal\/wp-content\/uploads\/2011\/03\/0-curie-31-19-80x60.jpg 80w\" sizes=\"auto, (max-width: 510px) 100vw, 510px\" \/><img loading=\"lazy\" decoding=\"async\" class=\"alignleft size-full wp-image-1314\" title=\"0 curie 31 20\" src=\"http:\/\/caballitotequiero.com.ar\/portal\/wp-content\/uploads\/2011\/03\/0-curie-31-20.jpg\" alt=\"\" width=\"510\" height=\"389\" srcset=\"http:\/\/caballitotequiero.com.ar\/portal\/wp-content\/uploads\/2011\/03\/0-curie-31-20.jpg 510w, http:\/\/caballitotequiero.com.ar\/portal\/wp-content\/uploads\/2011\/03\/0-curie-31-20-300x228.jpg 300w, http:\/\/caballitotequiero.com.ar\/portal\/wp-content\/uploads\/2011\/03\/0-curie-31-20-80x60.jpg 80w\" sizes=\"auto, (max-width: 510px) 100vw, 510px\" \/><img loading=\"lazy\" decoding=\"async\" class=\"alignleft size-full wp-image-1315\" title=\"0 curie 31 21\" src=\"http:\/\/caballitotequiero.com.ar\/portal\/wp-content\/uploads\/2011\/03\/0-curie-31-21.jpg\" alt=\"\" width=\"510\" height=\"415\" srcset=\"http:\/\/caballitotequiero.com.ar\/portal\/wp-content\/uploads\/2011\/03\/0-curie-31-21.jpg 510w, http:\/\/caballitotequiero.com.ar\/portal\/wp-content\/uploads\/2011\/03\/0-curie-31-21-300x244.jpg 300w\" sizes=\"auto, (max-width: 510px) 100vw, 510px\" \/><img loading=\"lazy\" decoding=\"async\" class=\"alignleft size-full wp-image-1316\" title=\"0 curie 31 22\" src=\"http:\/\/caballitotequiero.com.ar\/portal\/wp-content\/uploads\/2011\/03\/0-curie-31-22.jpg\" alt=\"\" width=\"510\" height=\"381\" srcset=\"http:\/\/caballitotequiero.com.ar\/portal\/wp-content\/uploads\/2011\/03\/0-curie-31-22.jpg 510w, http:\/\/caballitotequiero.com.ar\/portal\/wp-content\/uploads\/2011\/03\/0-curie-31-22-300x224.jpg 300w, http:\/\/caballitotequiero.com.ar\/portal\/wp-content\/uploads\/2011\/03\/0-curie-31-22-80x60.jpg 80w\" sizes=\"auto, (max-width: 510px) 100vw, 510px\" \/><img loading=\"lazy\" decoding=\"async\" class=\"alignleft size-full wp-image-1317\" title=\"0 curie 31 23\" src=\"http:\/\/caballitotequiero.com.ar\/portal\/wp-content\/uploads\/2011\/03\/0-curie-31-23.jpg\" alt=\"\" width=\"510\" height=\"394\" srcset=\"http:\/\/caballitotequiero.com.ar\/portal\/wp-content\/uploads\/2011\/03\/0-curie-31-23.jpg 510w, http:\/\/caballitotequiero.com.ar\/portal\/wp-content\/uploads\/2011\/03\/0-curie-31-23-300x231.jpg 300w\" sizes=\"auto, (max-width: 510px) 100vw, 510px\" \/><br id=\"__mce\" \/><\/p>\n","protected":false},"excerpt":{"rendered":"<p>El pasado domingo 27 de marzo, con un marat\u00f3n, se inici\u00f3 la semana de festejos por el 80\u00ba Aniversario del Hospital Maria Curie. El lunes 28 de marzo, el Director del Hospital Mar\u00eda Curie, Dr. Guillermo Temperley y el director del instituto Curie de Par\u00eds, Dr. Bey abrieron el Congreso y las Jornadas T\u00e9cnicas. Estuvo [&hellip;]<\/p>\n","protected":false},"author":1,"featured_media":1318,"comment_status":"open","ping_status":"open","sticky":false,"template":"","format":"standard","meta":{"footnotes":""},"categories":[5],"tags":[],"class_list":["post-1293","post","type-post","status-publish","format-standard","has-post-thumbnail","hentry","category-noticias"],"_links":{"self":[{"href":"http:\/\/caballitotequiero.com.ar\/portal\/wp-json\/wp\/v2\/posts\/1293","targetHints":{"allow":["GET"]}}],"collection":[{"href":"http:\/\/caballitotequiero.com.ar\/portal\/wp-json\/wp\/v2\/posts"}],"about":[{"href":"http:\/\/caballitotequiero.com.ar\/portal\/wp-json\/wp\/v2\/types\/post"}],"author":[{"embeddable":true,"href":"http:\/\/caballitotequiero.com.ar\/portal\/wp-json\/wp\/v2\/users\/1"}],"replies":[{"embeddable":true,"href":"http:\/\/caballitotequiero.com.ar\/portal\/wp-json\/wp\/v2\/comments?post=1293"}],"version-history":[{"count":2,"href":"http:\/\/caballitotequiero.com.ar\/portal\/wp-json\/wp\/v2\/posts\/1293\/revisions"}],"predecessor-version":[{"id":1320,"href":"http:\/\/caballitotequiero.com.ar\/portal\/wp-json\/wp\/v2\/posts\/1293\/revisions\/1320"}],"wp:featuredmedia":[{"embeddable":true,"href":"http:\/\/caballitotequiero.com.ar\/portal\/wp-json\/wp\/v2\/media\/1318"}],"wp:attachment":[{"href":"http:\/\/caballitotequiero.com.ar\/portal\/wp-json\/wp\/v2\/media?parent=1293"}],"wp:term":[{"taxonomy":"category","embeddable":true,"href":"http:\/\/caballitotequiero.com.ar\/portal\/wp-json\/wp\/v2\/categories?post=1293"},{"taxonomy":"post_tag","embeddable":true,"href":"http:\/\/caballitotequiero.com.ar\/portal\/wp-json\/wp\/v2\/tags?post=1293"}],"curies":[{"name":"wp","href":"https:\/\/api.w.org\/{rel}","templated":true}]}}