{"id":12961,"date":"2013-10-25T00:46:47","date_gmt":"2013-10-25T03:46:47","guid":{"rendered":"http:\/\/caballitotequiero.com.ar\/portal\/?p=12961"},"modified":"2013-10-25T00:49:03","modified_gmt":"2013-10-25T03:49:03","slug":"caravana-del-pro-por-avenida-rivadavia-para-el-cierre-de-campana","status":"publish","type":"post","link":"http:\/\/caballitotequiero.com.ar\/portal\/2013\/10\/25\/caravana-del-pro-por-avenida-rivadavia-para-el-cierre-de-campana\/","title":{"rendered":"CARAVANA DEL PRO POR AVENIDA RIVADAVIA PARA EL CIERRE DE CAMPA\u00d1A"},"content":{"rendered":"<p>\u201cUni\u00f3n PRO\u201d realiz\u00f3 una caravana a lo largo de la Avenida Rivadavia encabezada por un antiguo micro rojo de dos pisos, acompa\u00f1ado por autos antiguos que llevaba a los candidatos. \u00a0Durante el recorrido hicieron paradas en diferentes esquinas.<\/p>\n<p>Al llegar a Rivadavia y Acoyte, vecinos, militantes y los comuneros Marcelo Iambrich y Alicia Besada recibieron a los dirigentes. Entre la comitiva pudo verse a Horacio Rodr\u00edguez Larreta, Federico Sturzenegger, Laura Alonso, Iv\u00e1n Petrella, Juan Pablo Arenaza, Carmen Polledo, Federico Pinedo, Hern\u00e1n Lombardi, \u00a0Marta Varela, Patricia Bullrich, entre otros. Varios vecinos y comerciantes se acercaron para comentarle a Sergio Bergman\u00a0 el problema que representa el crecimiento de los manteros sobre la avenida Rivadavia y prometi\u00f3 estudiar el tema.<\/p>\n<p>La caravana\u00a0 continu\u00f3 hasta llegar a Primera Junta, donde volvieron a parar, sum\u00e1ndose m\u00e1s vecinos y dirigentes. Como es habitual en los cierres de campa\u00f1a del PRO el clima de alegr\u00eda, con m\u00fasica, color y globos estuvo presente constantemente. Luego los candidatos continuaron su recorrido,\u00a0 dirigi\u00e9ndose hacia el oeste, finalizando en Plaza Flores.<\/p>\n<p><img loading=\"lazy\" decoding=\"async\" class=\"alignleft size-full wp-image-12962\" src=\"http:\/\/caballitotequiero.com.ar\/portal\/wp-content\/uploads\/2013\/10\/0-12.jpg\" alt=\"\" width=\"550\" height=\"367\" srcset=\"http:\/\/caballitotequiero.com.ar\/portal\/wp-content\/uploads\/2013\/10\/0-12.jpg 550w, http:\/\/caballitotequiero.com.ar\/portal\/wp-content\/uploads\/2013\/10\/0-12-300x200.jpg 300w\" sizes=\"auto, (max-width: 550px) 100vw, 550px\" \/><img loading=\"lazy\" decoding=\"async\" class=\"alignleft size-full wp-image-12963\" src=\"http:\/\/caballitotequiero.com.ar\/portal\/wp-content\/uploads\/2013\/10\/0-22.jpg\" alt=\"\" width=\"550\" height=\"367\" srcset=\"http:\/\/caballitotequiero.com.ar\/portal\/wp-content\/uploads\/2013\/10\/0-22.jpg 550w, http:\/\/caballitotequiero.com.ar\/portal\/wp-content\/uploads\/2013\/10\/0-22-300x200.jpg 300w\" sizes=\"auto, (max-width: 550px) 100vw, 550px\" \/><\/p>\n<div id=\"attachment_12964\" style=\"width: 560px\" class=\"wp-caption alignleft\"><img loading=\"lazy\" decoding=\"async\" aria-describedby=\"caption-attachment-12964\" class=\"size-full wp-image-12964\" src=\"http:\/\/caballitotequiero.com.ar\/portal\/wp-content\/uploads\/2013\/10\/0-35.jpg\" alt=\"\" width=\"550\" height=\"367\" srcset=\"http:\/\/caballitotequiero.com.ar\/portal\/wp-content\/uploads\/2013\/10\/0-35.jpg 550w, http:\/\/caballitotequiero.com.ar\/portal\/wp-content\/uploads\/2013\/10\/0-35-300x200.jpg 300w\" sizes=\"auto, (max-width: 550px) 100vw, 550px\" \/><p id=\"caption-attachment-12964\" class=\"wp-caption-text\">Sergio Bergman charlando con los vecinos<\/p><\/div>\n<p><img loading=\"lazy\" decoding=\"async\" class=\"alignleft size-full wp-image-12965\" src=\"http:\/\/caballitotequiero.com.ar\/portal\/wp-content\/uploads\/2013\/10\/0-44.jpg\" alt=\"\" width=\"550\" height=\"367\" srcset=\"http:\/\/caballitotequiero.com.ar\/portal\/wp-content\/uploads\/2013\/10\/0-44.jpg 550w, http:\/\/caballitotequiero.com.ar\/portal\/wp-content\/uploads\/2013\/10\/0-44-300x200.jpg 300w\" sizes=\"auto, (max-width: 550px) 100vw, 550px\" \/><\/p>\n<div id=\"attachment_12966\" style=\"width: 560px\" class=\"wp-caption alignleft\"><img loading=\"lazy\" decoding=\"async\" aria-describedby=\"caption-attachment-12966\" class=\"size-full wp-image-12966\" src=\"http:\/\/caballitotequiero.com.ar\/portal\/wp-content\/uploads\/2013\/10\/0-52.jpg\" alt=\"\" width=\"550\" height=\"367\" srcset=\"http:\/\/caballitotequiero.com.ar\/portal\/wp-content\/uploads\/2013\/10\/0-52.jpg 550w, http:\/\/caballitotequiero.com.ar\/portal\/wp-content\/uploads\/2013\/10\/0-52-300x200.jpg 300w\" sizes=\"auto, (max-width: 550px) 100vw, 550px\" \/><p id=\"caption-attachment-12966\" class=\"wp-caption-text\">Federico Sturzenegger, candidato a diputado acompa\u00f1ado por Horacio Rodr\u00edguez Larreta<\/p><\/div>\n<p><img loading=\"lazy\" decoding=\"async\" class=\"alignleft size-full wp-image-12967\" src=\"http:\/\/caballitotequiero.com.ar\/portal\/wp-content\/uploads\/2013\/10\/0-62.jpg\" alt=\"\" width=\"550\" height=\"367\" srcset=\"http:\/\/caballitotequiero.com.ar\/portal\/wp-content\/uploads\/2013\/10\/0-62.jpg 550w, http:\/\/caballitotequiero.com.ar\/portal\/wp-content\/uploads\/2013\/10\/0-62-300x200.jpg 300w\" sizes=\"auto, (max-width: 550px) 100vw, 550px\" \/><img loading=\"lazy\" decoding=\"async\" class=\"alignleft size-full wp-image-12968\" src=\"http:\/\/caballitotequiero.com.ar\/portal\/wp-content\/uploads\/2013\/10\/0-72.jpg\" alt=\"\" width=\"550\" height=\"367\" srcset=\"http:\/\/caballitotequiero.com.ar\/portal\/wp-content\/uploads\/2013\/10\/0-72.jpg 550w, http:\/\/caballitotequiero.com.ar\/portal\/wp-content\/uploads\/2013\/10\/0-72-300x200.jpg 300w\" sizes=\"auto, (max-width: 550px) 100vw, 550px\" \/><\/p>\n<div id=\"attachment_12969\" style=\"width: 560px\" class=\"wp-caption alignleft\"><img loading=\"lazy\" decoding=\"async\" aria-describedby=\"caption-attachment-12969\" class=\"size-full wp-image-12969\" src=\"http:\/\/caballitotequiero.com.ar\/portal\/wp-content\/uploads\/2013\/10\/0-81.jpg\" alt=\"\" width=\"550\" height=\"413\" srcset=\"http:\/\/caballitotequiero.com.ar\/portal\/wp-content\/uploads\/2013\/10\/0-81.jpg 550w, http:\/\/caballitotequiero.com.ar\/portal\/wp-content\/uploads\/2013\/10\/0-81-300x225.jpg 300w, http:\/\/caballitotequiero.com.ar\/portal\/wp-content\/uploads\/2013\/10\/0-81-80x60.jpg 80w\" sizes=\"auto, (max-width: 550px) 100vw, 550px\" \/><p id=\"caption-attachment-12969\" class=\"wp-caption-text\">Se arm\u00f3 el baile en Primera Junta<\/p><\/div>\n<p><img loading=\"lazy\" decoding=\"async\" class=\"alignleft size-full wp-image-12970\" src=\"http:\/\/caballitotequiero.com.ar\/portal\/wp-content\/uploads\/2013\/10\/0-9.jpg\" alt=\"\" width=\"550\" height=\"399\" srcset=\"http:\/\/caballitotequiero.com.ar\/portal\/wp-content\/uploads\/2013\/10\/0-9.jpg 550w, http:\/\/caballitotequiero.com.ar\/portal\/wp-content\/uploads\/2013\/10\/0-9-300x217.jpg 300w\" sizes=\"auto, (max-width: 550px) 100vw, 550px\" \/><\/p>\n<div id=\"attachment_12971\" style=\"width: 560px\" class=\"wp-caption alignleft\"><img loading=\"lazy\" decoding=\"async\" aria-describedby=\"caption-attachment-12971\" class=\"size-full wp-image-12971\" src=\"http:\/\/caballitotequiero.com.ar\/portal\/wp-content\/uploads\/2013\/10\/0-10.jpg\" alt=\"\" width=\"550\" height=\"413\" srcset=\"http:\/\/caballitotequiero.com.ar\/portal\/wp-content\/uploads\/2013\/10\/0-10.jpg 550w, http:\/\/caballitotequiero.com.ar\/portal\/wp-content\/uploads\/2013\/10\/0-10-300x225.jpg 300w, http:\/\/caballitotequiero.com.ar\/portal\/wp-content\/uploads\/2013\/10\/0-10-80x60.jpg 80w\" sizes=\"auto, (max-width: 550px) 100vw, 550px\" \/><p id=\"caption-attachment-12971\" class=\"wp-caption-text\">Vecinos y candidatos en Primera Junta<\/p><\/div>\n<p><img loading=\"lazy\" decoding=\"async\" class=\"alignleft size-full wp-image-12972\" src=\"http:\/\/caballitotequiero.com.ar\/portal\/wp-content\/uploads\/2013\/10\/0-111.jpg\" alt=\"\" width=\"550\" height=\"413\" srcset=\"http:\/\/caballitotequiero.com.ar\/portal\/wp-content\/uploads\/2013\/10\/0-111.jpg 550w, http:\/\/caballitotequiero.com.ar\/portal\/wp-content\/uploads\/2013\/10\/0-111-300x225.jpg 300w, http:\/\/caballitotequiero.com.ar\/portal\/wp-content\/uploads\/2013\/10\/0-111-80x60.jpg 80w\" sizes=\"auto, (max-width: 550px) 100vw, 550px\" \/><\/p>\n","protected":false},"excerpt":{"rendered":"<p>\u201cUni\u00f3n PRO\u201d realiz\u00f3 una caravana a lo largo de la Avenida Rivadavia encabezada por un antiguo micro rojo de dos pisos, acompa\u00f1ado por autos antiguos que llevaba a los candidatos. \u00a0Durante el recorrido hicieron paradas en diferentes esquinas. Al llegar a Rivadavia y Acoyte, vecinos, militantes y los comuneros Marcelo Iambrich y Alicia Besada recibieron [&hellip;]<\/p>\n","protected":false},"author":1,"featured_media":12973,"comment_status":"open","ping_status":"open","sticky":false,"template":"","format":"standard","meta":{"footnotes":""},"categories":[5],"tags":[],"class_list":["post-12961","post","type-post","status-publish","format-standard","has-post-thumbnail","hentry","category-noticias"],"_links":{"self":[{"href":"http:\/\/caballitotequiero.com.ar\/portal\/wp-json\/wp\/v2\/posts\/12961","targetHints":{"allow":["GET"]}}],"collection":[{"href":"http:\/\/caballitotequiero.com.ar\/portal\/wp-json\/wp\/v2\/posts"}],"about":[{"href":"http:\/\/caballitotequiero.com.ar\/portal\/wp-json\/wp\/v2\/types\/post"}],"author":[{"embeddable":true,"href":"http:\/\/caballitotequiero.com.ar\/portal\/wp-json\/wp\/v2\/users\/1"}],"replies":[{"embeddable":true,"href":"http:\/\/caballitotequiero.com.ar\/portal\/wp-json\/wp\/v2\/comments?post=12961"}],"version-history":[{"count":4,"href":"http:\/\/caballitotequiero.com.ar\/portal\/wp-json\/wp\/v2\/posts\/12961\/revisions"}],"predecessor-version":[{"id":12975,"href":"http:\/\/caballitotequiero.com.ar\/portal\/wp-json\/wp\/v2\/posts\/12961\/revisions\/12975"}],"wp:featuredmedia":[{"embeddable":true,"href":"http:\/\/caballitotequiero.com.ar\/portal\/wp-json\/wp\/v2\/media\/12973"}],"wp:attachment":[{"href":"http:\/\/caballitotequiero.com.ar\/portal\/wp-json\/wp\/v2\/media?parent=12961"}],"wp:term":[{"taxonomy":"category","embeddable":true,"href":"http:\/\/caballitotequiero.com.ar\/portal\/wp-json\/wp\/v2\/categories?post=12961"},{"taxonomy":"post_tag","embeddable":true,"href":"http:\/\/caballitotequiero.com.ar\/portal\/wp-json\/wp\/v2\/tags?post=12961"}],"curies":[{"name":"wp","href":"https:\/\/api.w.org\/{rel}","templated":true}]}}