{"id":12978,"date":"2013-10-25T13:07:03","date_gmt":"2013-10-25T16:07:03","guid":{"rendered":"http:\/\/caballitotequiero.com.ar\/portal\/?p=12978"},"modified":"2013-10-25T13:08:25","modified_gmt":"2013-10-25T16:08:25","slug":"12978","status":"publish","type":"post","link":"http:\/\/caballitotequiero.com.ar\/portal\/2013\/10\/25\/12978\/","title":{"rendered":"SEGUNDA MARAT\u00d3N \u00abDECILE NO A LA VIOLENCIA DE G\u00c9NERO\u00bb"},"content":{"rendered":"<p>El domingo 24 de noviembre, a las 8:00 hs, en el Parque Rivadavia, Av. Rivadavia al 4800, \u00a0 se realizar\u00e1 la 2\u00b0 Edici\u00f3n de la Marat\u00f3n <strong>\u201cDecile NO a la violencia de g\u00e9nero\u201d<\/strong> en el D\u00eda Internacional de la Lucha contra la Violencia de G\u00e9nero.<\/p>\n<p>Con esta consigna los invitamos a participar del evento organizado por la <strong>Junta Comunal N\u00ba 6 y Fitness Design<\/strong>, con el auspicio de diversas empresas y organizaciones como <strong>MAB, OSMMEDT, ISOPLUS, AUDI, FECOBA, CAME, MEDIFE, ROMIPACK, CAMBAB, CLUB ITALIANO, LE PARC GYM, BIFERDIL, SIERRA DE LOS PADRES, GRANIX, INSTITUTO ASEGURADOR MERCANTIL, SPORTSFACILITIES <\/strong>y con la adhesi\u00f3n de ONG locales.<\/p>\n<p>Distintas \u00e1reas del Gobierno de la Ciudad (Direcci\u00f3n General de la Mujer y \u00c1rea V\u00edctimas de Violencia de G\u00e9nero y Protecci\u00f3n Familiar de la Polic\u00eda Metropolitana) se suman tambi\u00e9n a este evento de convocatoria masiva, con el objetivo de difundir, concientizar y comprometer al barrio de Caballito en esta tem\u00e1tica.<\/p>\n<p>Inscripci\u00f3n online <a href=\"http:\/\/www.noviolenciadegenero.com.ar\/\">www.noviolenciadegenero.com.ar<\/a><\/p>\n<p>Inscripci\u00f3n manual Le Parc Gym &#8211; Yerbal 150 &#8211; Caballito<\/p>\n<p>Cierre 20 DE NOVIEMBRE DEL 2013 o hasta agotar stock<\/p>\n<p><img loading=\"lazy\" decoding=\"async\" class=\"alignleft size-full wp-image-12979\" src=\"http:\/\/caballitotequiero.com.ar\/portal\/wp-content\/uploads\/2013\/10\/maraton-1.jpg\" alt=\"\" width=\"550\" height=\"221\" srcset=\"http:\/\/caballitotequiero.com.ar\/portal\/wp-content\/uploads\/2013\/10\/maraton-1.jpg 550w, http:\/\/caballitotequiero.com.ar\/portal\/wp-content\/uploads\/2013\/10\/maraton-1-300x120.jpg 300w\" sizes=\"auto, (max-width: 550px) 100vw, 550px\" \/><\/p>\n","protected":false},"excerpt":{"rendered":"<p>El domingo 24 de noviembre, a las 8:00 hs, en el Parque Rivadavia, Av. Rivadavia al 4800, \u00a0 se realizar\u00e1 la 2\u00b0 Edici\u00f3n de la Marat\u00f3n \u201cDecile NO a la violencia de g\u00e9nero\u201d en el D\u00eda Internacional de la Lucha contra la Violencia de G\u00e9nero. Con esta consigna los invitamos a participar del evento organizado [&hellip;]<\/p>\n","protected":false},"author":1,"featured_media":12980,"comment_status":"open","ping_status":"open","sticky":false,"template":"","format":"standard","meta":{"footnotes":""},"categories":[5],"tags":[],"class_list":["post-12978","post","type-post","status-publish","format-standard","has-post-thumbnail","hentry","category-noticias"],"_links":{"self":[{"href":"http:\/\/caballitotequiero.com.ar\/portal\/wp-json\/wp\/v2\/posts\/12978","targetHints":{"allow":["GET"]}}],"collection":[{"href":"http:\/\/caballitotequiero.com.ar\/portal\/wp-json\/wp\/v2\/posts"}],"about":[{"href":"http:\/\/caballitotequiero.com.ar\/portal\/wp-json\/wp\/v2\/types\/post"}],"author":[{"embeddable":true,"href":"http:\/\/caballitotequiero.com.ar\/portal\/wp-json\/wp\/v2\/users\/1"}],"replies":[{"embeddable":true,"href":"http:\/\/caballitotequiero.com.ar\/portal\/wp-json\/wp\/v2\/comments?post=12978"}],"version-history":[{"count":3,"href":"http:\/\/caballitotequiero.com.ar\/portal\/wp-json\/wp\/v2\/posts\/12978\/revisions"}],"predecessor-version":[{"id":12982,"href":"http:\/\/caballitotequiero.com.ar\/portal\/wp-json\/wp\/v2\/posts\/12978\/revisions\/12982"}],"wp:featuredmedia":[{"embeddable":true,"href":"http:\/\/caballitotequiero.com.ar\/portal\/wp-json\/wp\/v2\/media\/12980"}],"wp:attachment":[{"href":"http:\/\/caballitotequiero.com.ar\/portal\/wp-json\/wp\/v2\/media?parent=12978"}],"wp:term":[{"taxonomy":"category","embeddable":true,"href":"http:\/\/caballitotequiero.com.ar\/portal\/wp-json\/wp\/v2\/categories?post=12978"},{"taxonomy":"post_tag","embeddable":true,"href":"http:\/\/caballitotequiero.com.ar\/portal\/wp-json\/wp\/v2\/tags?post=12978"}],"curies":[{"name":"wp","href":"https:\/\/api.w.org\/{rel}","templated":true}]}}