{"id":12985,"date":"2013-10-27T20:21:53","date_gmt":"2013-10-27T23:21:53","guid":{"rendered":"http:\/\/caballitotequiero.com.ar\/portal\/?p=12985"},"modified":"2013-10-27T20:22:57","modified_gmt":"2013-10-27T23:22:57","slug":"el-indio-solari-y-su-voto-en-caballito","status":"publish","type":"post","link":"http:\/\/caballitotequiero.com.ar\/portal\/2013\/10\/27\/el-indio-solari-y-su-voto-en-caballito\/","title":{"rendered":"EL \u00abINDIO\u00bb SOLARI Y SU VOTO EN CABALLITO"},"content":{"rendered":"<p>Como ya es tradici\u00f3n, este a\u00f1o, igual que en oportunidades anteriores, decenas de seguidores y fan\u00e1ticos de Carlos el \u201cIndio\u201d Solari, se dieron cita para esperar a su \u00eddolo en la puerta\u00a0 de la\u00a0Escuela N\u00b024, Distrito Escolar 7\u00ba \u201cVirgen Generala\u201d, ubicada en Juan Jos\u00e9 Biedma al 400, \u00a0simplemente para verlo, saludarlo y tomarse una foto.<\/p>\n<p>En horas del mediod\u00eda, el m\u00fasico lleg\u00f3 a emitir su sufragio y fue abordado por sus seguidores, entre los que estaba el artista \u201cCoco\u201d Sily, quien vot\u00f3 en la misma mesa y hasta subi\u00f3 una foto con Solari en su Twitter.<\/p>\n<p>El \u201cIndio\u201d Solari, de 64 a\u00f1os, cantante, m\u00fasico y compositor, fundador de \u201cLos Redonditos de Ricota\u201d, es, sin duda, un mito del rock argentino.<\/p>\n<p>De camisa, campera, gorra y sus cl\u00e1sicos anteojos, acept\u00f3 sacarse fotos con sus fans, en se\u00f1al de agradecimiento por el aguante.<\/p>\n<div id=\"attachment_12986\" style=\"width: 560px\" class=\"wp-caption alignleft\"><img loading=\"lazy\" decoding=\"async\" aria-describedby=\"caption-attachment-12986\" class=\"size-full wp-image-12986\" src=\"http:\/\/caballitotequiero.com.ar\/portal\/wp-content\/uploads\/2013\/10\/indio-1.jpg\" alt=\"\" width=\"550\" height=\"733\" srcset=\"http:\/\/caballitotequiero.com.ar\/portal\/wp-content\/uploads\/2013\/10\/indio-1.jpg 550w, http:\/\/caballitotequiero.com.ar\/portal\/wp-content\/uploads\/2013\/10\/indio-1-225x300.jpg 225w\" sizes=\"auto, (max-width: 550px) 100vw, 550px\" \/><p id=\"caption-attachment-12986\" class=\"wp-caption-text\">El Indio Solari con Coco Sily en la Escuela Virgen Generala<\/p><\/div>\n<div id=\"attachment_12987\" style=\"width: 560px\" class=\"wp-caption alignleft\"><img loading=\"lazy\" decoding=\"async\" aria-describedby=\"caption-attachment-12987\" class=\"size-full wp-image-12987\" src=\"http:\/\/caballitotequiero.com.ar\/portal\/wp-content\/uploads\/2013\/10\/indio-2.jpg\" alt=\"\" width=\"550\" height=\"438\" srcset=\"http:\/\/caballitotequiero.com.ar\/portal\/wp-content\/uploads\/2013\/10\/indio-2.jpg 550w, http:\/\/caballitotequiero.com.ar\/portal\/wp-content\/uploads\/2013\/10\/indio-2-300x238.jpg 300w\" sizes=\"auto, (max-width: 550px) 100vw, 550px\" \/><p id=\"caption-attachment-12987\" class=\"wp-caption-text\">Los fans y seguidores esperando la llegada del m\u00fasico<\/p><\/div>\n<div id=\"attachment_12988\" style=\"width: 560px\" class=\"wp-caption alignleft\"><img loading=\"lazy\" decoding=\"async\" aria-describedby=\"caption-attachment-12988\" class=\"size-full wp-image-12988\" src=\"http:\/\/caballitotequiero.com.ar\/portal\/wp-content\/uploads\/2013\/10\/indio-3.jpg\" alt=\"\" width=\"550\" height=\"372\" srcset=\"http:\/\/caballitotequiero.com.ar\/portal\/wp-content\/uploads\/2013\/10\/indio-3.jpg 550w, http:\/\/caballitotequiero.com.ar\/portal\/wp-content\/uploads\/2013\/10\/indio-3-300x202.jpg 300w\" sizes=\"auto, (max-width: 550px) 100vw, 550px\" \/><p id=\"caption-attachment-12988\" class=\"wp-caption-text\">Carlos &quot;Indio&quot; Solari<\/p><\/div>\n<p><img loading=\"lazy\" decoding=\"async\" class=\"alignleft size-full wp-image-12989\" src=\"http:\/\/caballitotequiero.com.ar\/portal\/wp-content\/uploads\/2013\/10\/indio-4.jpg\" alt=\"\" width=\"550\" height=\"400\" srcset=\"http:\/\/caballitotequiero.com.ar\/portal\/wp-content\/uploads\/2013\/10\/indio-4.jpg 550w, http:\/\/caballitotequiero.com.ar\/portal\/wp-content\/uploads\/2013\/10\/indio-4-300x218.jpg 300w\" sizes=\"auto, (max-width: 550px) 100vw, 550px\" \/><\/p>\n","protected":false},"excerpt":{"rendered":"<p>Como ya es tradici\u00f3n, este a\u00f1o, igual que en oportunidades anteriores, decenas de seguidores y fan\u00e1ticos de Carlos el \u201cIndio\u201d Solari, se dieron cita para esperar a su \u00eddolo en la puerta\u00a0 de la\u00a0Escuela N\u00b024, Distrito Escolar 7\u00ba \u201cVirgen Generala\u201d, ubicada en Juan Jos\u00e9 Biedma al 400, \u00a0simplemente para verlo, saludarlo y tomarse una foto. [&hellip;]<\/p>\n","protected":false},"author":1,"featured_media":12990,"comment_status":"open","ping_status":"open","sticky":false,"template":"","format":"standard","meta":{"footnotes":""},"categories":[5],"tags":[],"class_list":["post-12985","post","type-post","status-publish","format-standard","has-post-thumbnail","hentry","category-noticias"],"_links":{"self":[{"href":"http:\/\/caballitotequiero.com.ar\/portal\/wp-json\/wp\/v2\/posts\/12985","targetHints":{"allow":["GET"]}}],"collection":[{"href":"http:\/\/caballitotequiero.com.ar\/portal\/wp-json\/wp\/v2\/posts"}],"about":[{"href":"http:\/\/caballitotequiero.com.ar\/portal\/wp-json\/wp\/v2\/types\/post"}],"author":[{"embeddable":true,"href":"http:\/\/caballitotequiero.com.ar\/portal\/wp-json\/wp\/v2\/users\/1"}],"replies":[{"embeddable":true,"href":"http:\/\/caballitotequiero.com.ar\/portal\/wp-json\/wp\/v2\/comments?post=12985"}],"version-history":[{"count":2,"href":"http:\/\/caballitotequiero.com.ar\/portal\/wp-json\/wp\/v2\/posts\/12985\/revisions"}],"predecessor-version":[{"id":12992,"href":"http:\/\/caballitotequiero.com.ar\/portal\/wp-json\/wp\/v2\/posts\/12985\/revisions\/12992"}],"wp:featuredmedia":[{"embeddable":true,"href":"http:\/\/caballitotequiero.com.ar\/portal\/wp-json\/wp\/v2\/media\/12990"}],"wp:attachment":[{"href":"http:\/\/caballitotequiero.com.ar\/portal\/wp-json\/wp\/v2\/media?parent=12985"}],"wp:term":[{"taxonomy":"category","embeddable":true,"href":"http:\/\/caballitotequiero.com.ar\/portal\/wp-json\/wp\/v2\/categories?post=12985"},{"taxonomy":"post_tag","embeddable":true,"href":"http:\/\/caballitotequiero.com.ar\/portal\/wp-json\/wp\/v2\/tags?post=12985"}],"curies":[{"name":"wp","href":"https:\/\/api.w.org\/{rel}","templated":true}]}}