{"id":12994,"date":"2013-10-28T16:36:46","date_gmt":"2013-10-28T19:36:46","guid":{"rendered":"http:\/\/caballitotequiero.com.ar\/portal\/?p=12994"},"modified":"2013-10-28T16:42:51","modified_gmt":"2013-10-28T19:42:51","slug":"elecciones-en-caballito-se-impuso-unen-el-pro-quedo-en-segundo-lugar-y-tercero-salio-el-frente-para-la-victoria","status":"publish","type":"post","link":"http:\/\/caballitotequiero.com.ar\/portal\/2013\/10\/28\/elecciones-en-caballito-se-impuso-unen-el-pro-quedo-en-segundo-lugar-y-tercero-salio-el-frente-para-la-victoria\/","title":{"rendered":"ELECCIONES EN CABALLITO: SE IMPUSO UNEN, EL PRO QUED\u00d3 EN SEGUNDO LUGAR Y TERCERO, FRENTE PARA LA VICTORIA"},"content":{"rendered":"<p>Con m\u00e1s del 99 % de las mesas escrutadas, los resultados en la Ciudad de Buenos Aires han definido las elecciones del d\u00eda de ayer ubicando en primer t\u00e9rmino al PRO, luego a UNEN y en tercer lugar al Frente Para la Victoria.<\/p>\n<p>De las quince Comunas que conforman la Capital Federal, el PRO se impuso en nueve (Comunas 1, 2, 3, 4, 8, 9, 12, 13 y 14) mientras que UNEN lo hizo en las otras seis (Comunas 5, 6, 7, 10, 11 y 15).<\/p>\n<p>El Frente Para la Victoria ocup\u00f3 el tercer lugar en 14 de las 15 Comunas, logrando ubicarse en segundo t\u00e9rmino solo en la Comuna 8 (Villa Soldati, Villa Riachuelo, Villa Lugano).<\/p>\n<p>Con estos resultados, estar\u00edan entrando en la Legislatura porte\u00f1a 5 representantes del PRO, 5 de UNEN y 3 del FPV.<\/p>\n<p>En la Ciudad de Buenos Aires hubo 7.342 mesas de votaci\u00f3n, donde estaban inscriptos 2.542.452 electores. En el barrio de Caballito hubo 158.425 electores distribuidos en 456 mesas.<\/p>\n<p>A continuaci\u00f3n los gr\u00e1ficos suministrados por el Ministerio del Interior<\/p>\n<div id=\"attachment_12995\" style=\"width: 560px\" class=\"wp-caption alignleft\"><img loading=\"lazy\" decoding=\"async\" aria-describedby=\"caption-attachment-12995\" class=\"size-full wp-image-12995\" src=\"http:\/\/caballitotequiero.com.ar\/portal\/wp-content\/uploads\/2013\/10\/elecciones-1-bs-as.jpg\" alt=\"\" width=\"550\" height=\"204\" srcset=\"http:\/\/caballitotequiero.com.ar\/portal\/wp-content\/uploads\/2013\/10\/elecciones-1-bs-as.jpg 550w, http:\/\/caballitotequiero.com.ar\/portal\/wp-content\/uploads\/2013\/10\/elecciones-1-bs-as-300x111.jpg 300w\" sizes=\"auto, (max-width: 550px) 100vw, 550px\" \/><p id=\"caption-attachment-12995\" class=\"wp-caption-text\">DATOS DE LA CIUDAD DE BUENOS AIRES<\/p><\/div>\n<div id=\"attachment_12996\" style=\"width: 560px\" class=\"wp-caption alignleft\"><img loading=\"lazy\" decoding=\"async\" aria-describedby=\"caption-attachment-12996\" class=\"size-full wp-image-12996\" src=\"http:\/\/caballitotequiero.com.ar\/portal\/wp-content\/uploads\/2013\/10\/elecciones-2-bs-as.jpg\" alt=\"\" width=\"550\" height=\"150\" srcset=\"http:\/\/caballitotequiero.com.ar\/portal\/wp-content\/uploads\/2013\/10\/elecciones-2-bs-as.jpg 550w, http:\/\/caballitotequiero.com.ar\/portal\/wp-content\/uploads\/2013\/10\/elecciones-2-bs-as-300x81.jpg 300w\" sizes=\"auto, (max-width: 550px) 100vw, 550px\" \/><p id=\"caption-attachment-12996\" class=\"wp-caption-text\">CANTIDAD DE VOTOS Y PORCENTAJES EN LA CIUDAD DE BUENOS AIRES<\/p><\/div>\n<div id=\"attachment_12997\" style=\"width: 560px\" class=\"wp-caption alignleft\"><img loading=\"lazy\" decoding=\"async\" aria-describedby=\"caption-attachment-12997\" class=\"size-full wp-image-12997\" src=\"http:\/\/caballitotequiero.com.ar\/portal\/wp-content\/uploads\/2013\/10\/elecciones-3-comuna-6-1.jpg\" alt=\"\" width=\"550\" height=\"213\" srcset=\"http:\/\/caballitotequiero.com.ar\/portal\/wp-content\/uploads\/2013\/10\/elecciones-3-comuna-6-1.jpg 550w, http:\/\/caballitotequiero.com.ar\/portal\/wp-content\/uploads\/2013\/10\/elecciones-3-comuna-6-1-300x116.jpg 300w\" sizes=\"auto, (max-width: 550px) 100vw, 550px\" \/><p id=\"caption-attachment-12997\" class=\"wp-caption-text\">DATOS DEL BARRIO DE CABALLITO<\/p><\/div>\n<div id=\"attachment_12998\" style=\"width: 560px\" class=\"wp-caption alignleft\"><img loading=\"lazy\" decoding=\"async\" aria-describedby=\"caption-attachment-12998\" class=\"size-full wp-image-12998\" src=\"http:\/\/caballitotequiero.com.ar\/portal\/wp-content\/uploads\/2013\/10\/elecciones-3-comuna-6-2.jpg\" alt=\"\" width=\"550\" height=\"160\" srcset=\"http:\/\/caballitotequiero.com.ar\/portal\/wp-content\/uploads\/2013\/10\/elecciones-3-comuna-6-2.jpg 550w, http:\/\/caballitotequiero.com.ar\/portal\/wp-content\/uploads\/2013\/10\/elecciones-3-comuna-6-2-300x87.jpg 300w\" sizes=\"auto, (max-width: 550px) 100vw, 550px\" \/><p id=\"caption-attachment-12998\" class=\"wp-caption-text\">CANTIDAD DE VOTOS Y PORCENTAJES EN CABALLITO<\/p><\/div>\n<p><img loading=\"lazy\" decoding=\"async\" class=\"alignleft size-full wp-image-12999\" src=\"http:\/\/caballitotequiero.com.ar\/portal\/wp-content\/uploads\/2013\/10\/222.jpg\" alt=\"\" width=\"550\" height=\"413\" srcset=\"http:\/\/caballitotequiero.com.ar\/portal\/wp-content\/uploads\/2013\/10\/222.jpg 550w, http:\/\/caballitotequiero.com.ar\/portal\/wp-content\/uploads\/2013\/10\/222-300x225.jpg 300w, http:\/\/caballitotequiero.com.ar\/portal\/wp-content\/uploads\/2013\/10\/222-80x60.jpg 80w\" sizes=\"auto, (max-width: 550px) 100vw, 550px\" \/><img loading=\"lazy\" decoding=\"async\" class=\"alignleft size-full wp-image-13000\" src=\"http:\/\/caballitotequiero.com.ar\/portal\/wp-content\/uploads\/2013\/10\/312.jpg\" alt=\"\" width=\"550\" height=\"413\" srcset=\"http:\/\/caballitotequiero.com.ar\/portal\/wp-content\/uploads\/2013\/10\/312.jpg 550w, http:\/\/caballitotequiero.com.ar\/portal\/wp-content\/uploads\/2013\/10\/312-300x225.jpg 300w, http:\/\/caballitotequiero.com.ar\/portal\/wp-content\/uploads\/2013\/10\/312-80x60.jpg 80w\" sizes=\"auto, (max-width: 550px) 100vw, 550px\" \/><img loading=\"lazy\" decoding=\"async\" class=\"alignleft size-full wp-image-13001\" src=\"http:\/\/caballitotequiero.com.ar\/portal\/wp-content\/uploads\/2013\/10\/413.jpg\" alt=\"\" width=\"550\" height=\"413\" srcset=\"http:\/\/caballitotequiero.com.ar\/portal\/wp-content\/uploads\/2013\/10\/413.jpg 550w, http:\/\/caballitotequiero.com.ar\/portal\/wp-content\/uploads\/2013\/10\/413-300x225.jpg 300w, http:\/\/caballitotequiero.com.ar\/portal\/wp-content\/uploads\/2013\/10\/413-80x60.jpg 80w\" sizes=\"auto, (max-width: 550px) 100vw, 550px\" \/><img loading=\"lazy\" decoding=\"async\" class=\"alignleft size-full wp-image-13002\" src=\"http:\/\/caballitotequiero.com.ar\/portal\/wp-content\/uploads\/2013\/10\/511.jpg\" alt=\"\" width=\"550\" height=\"413\" srcset=\"http:\/\/caballitotequiero.com.ar\/portal\/wp-content\/uploads\/2013\/10\/511.jpg 550w, http:\/\/caballitotequiero.com.ar\/portal\/wp-content\/uploads\/2013\/10\/511-300x225.jpg 300w, http:\/\/caballitotequiero.com.ar\/portal\/wp-content\/uploads\/2013\/10\/511-80x60.jpg 80w\" sizes=\"auto, (max-width: 550px) 100vw, 550px\" \/><\/p>\n","protected":false},"excerpt":{"rendered":"<p>Con m\u00e1s del 99 % de las mesas escrutadas, los resultados en la Ciudad de Buenos Aires han definido las elecciones del d\u00eda de ayer ubicando en primer t\u00e9rmino al PRO, luego a UNEN y en tercer lugar al Frente Para la Victoria. De las quince Comunas que conforman la Capital Federal, el PRO se [&hellip;]<\/p>\n","protected":false},"author":1,"featured_media":13003,"comment_status":"open","ping_status":"open","sticky":false,"template":"","format":"standard","meta":{"footnotes":""},"categories":[5],"tags":[],"class_list":["post-12994","post","type-post","status-publish","format-standard","has-post-thumbnail","hentry","category-noticias"],"_links":{"self":[{"href":"http:\/\/caballitotequiero.com.ar\/portal\/wp-json\/wp\/v2\/posts\/12994","targetHints":{"allow":["GET"]}}],"collection":[{"href":"http:\/\/caballitotequiero.com.ar\/portal\/wp-json\/wp\/v2\/posts"}],"about":[{"href":"http:\/\/caballitotequiero.com.ar\/portal\/wp-json\/wp\/v2\/types\/post"}],"author":[{"embeddable":true,"href":"http:\/\/caballitotequiero.com.ar\/portal\/wp-json\/wp\/v2\/users\/1"}],"replies":[{"embeddable":true,"href":"http:\/\/caballitotequiero.com.ar\/portal\/wp-json\/wp\/v2\/comments?post=12994"}],"version-history":[{"count":3,"href":"http:\/\/caballitotequiero.com.ar\/portal\/wp-json\/wp\/v2\/posts\/12994\/revisions"}],"predecessor-version":[{"id":13005,"href":"http:\/\/caballitotequiero.com.ar\/portal\/wp-json\/wp\/v2\/posts\/12994\/revisions\/13005"}],"wp:featuredmedia":[{"embeddable":true,"href":"http:\/\/caballitotequiero.com.ar\/portal\/wp-json\/wp\/v2\/media\/13003"}],"wp:attachment":[{"href":"http:\/\/caballitotequiero.com.ar\/portal\/wp-json\/wp\/v2\/media?parent=12994"}],"wp:term":[{"taxonomy":"category","embeddable":true,"href":"http:\/\/caballitotequiero.com.ar\/portal\/wp-json\/wp\/v2\/categories?post=12994"},{"taxonomy":"post_tag","embeddable":true,"href":"http:\/\/caballitotequiero.com.ar\/portal\/wp-json\/wp\/v2\/tags?post=12994"}],"curies":[{"name":"wp","href":"https:\/\/api.w.org\/{rel}","templated":true}]}}