{"id":13012,"date":"2013-10-30T17:21:08","date_gmt":"2013-10-30T20:21:08","guid":{"rendered":"http:\/\/caballitotequiero.com.ar\/portal\/?p=13012"},"modified":"2013-10-30T17:21:08","modified_gmt":"2013-10-30T20:21:08","slug":"algunos-cambios-en-la-plaza-primera-junta","status":"publish","type":"post","link":"http:\/\/caballitotequiero.com.ar\/portal\/2013\/10\/30\/algunos-cambios-en-la-plaza-primera-junta\/","title":{"rendered":"ALGUNOS CAMBIOS EN LA PLAZA PRIMERA JUNTA"},"content":{"rendered":"<p>Hoy, mi\u00e9rcoles 30 de octubre, en horas de la ma\u00f1ana, el puesto de diarios y revistas de la Plaza Primera Junta fue desplazado unos metros para ser reubicado debajo de la techumbre y junto a la escalera de acceso al subte.<\/p>\n<p>Este es un reclamo que en varias oportunidades realizaron los vecinos, tambi\u00e9n se trat\u00f3 en las reuniones de Higiene Urbana y fue publicado \u00a0por \u201cHorizonte la Revista de Caballito\u201d.<\/p>\n<p>De esta forma el puesto de venta de diarios estar\u00e1 protegido de la lluvia y a la vez la ocupaci\u00f3n de ese espacio evitar\u00e1 que se instale junto a la escalera del subte el asentamiento que hab\u00eda hasta este momento.<\/p>\n<p>La ocasi\u00f3n fue propicia para recorrer la Plaza Primera Junta. Muy cerca de el lugar en cuesti\u00f3n se encuentra la ermita de la Virgen de Luj\u00e1n colocada por la Parroquia Santa Julia, la misma luce un graffiti desde hace varias semanas, que ser\u00eda oportuno que fuera limpiado.<\/p>\n<p>A pocos metros nos encontramos con el centenario monumento a Miguel de Azcu\u00e9naga, que, como siempre, se lo ve acompa\u00f1ado en forma permanente por palomas. Reiteramos, una vez m\u00e1s que desde este espacio hemos sugerido a las autoridades comunales alguna soluci\u00f3n para evitar que la estatua este siempre cubierta de guano. Esperamos que nuestra propuesta sea escuchada en alg\u00fan momento.<\/p>\n<p>Por otra parte, llegando al otro extremo de la Plaza nos encontramos con el m\u00e1stil que, para sorpresa de muchos, ha cambiado su color blanco por un verde musgo.<\/p>\n<p><img loading=\"lazy\" decoding=\"async\" class=\"alignleft size-full wp-image-13013\" src=\"http:\/\/caballitotequiero.com.ar\/portal\/wp-content\/uploads\/2013\/10\/223.jpg\" alt=\"\" width=\"550\" height=\"413\" srcset=\"http:\/\/caballitotequiero.com.ar\/portal\/wp-content\/uploads\/2013\/10\/223.jpg 550w, http:\/\/caballitotequiero.com.ar\/portal\/wp-content\/uploads\/2013\/10\/223-300x225.jpg 300w, http:\/\/caballitotequiero.com.ar\/portal\/wp-content\/uploads\/2013\/10\/223-80x60.jpg 80w\" sizes=\"auto, (max-width: 550px) 100vw, 550px\" \/><img loading=\"lazy\" decoding=\"async\" class=\"alignleft size-full wp-image-13014\" src=\"http:\/\/caballitotequiero.com.ar\/portal\/wp-content\/uploads\/2013\/10\/313.jpg\" alt=\"\" width=\"550\" height=\"413\" srcset=\"http:\/\/caballitotequiero.com.ar\/portal\/wp-content\/uploads\/2013\/10\/313.jpg 550w, http:\/\/caballitotequiero.com.ar\/portal\/wp-content\/uploads\/2013\/10\/313-300x225.jpg 300w, http:\/\/caballitotequiero.com.ar\/portal\/wp-content\/uploads\/2013\/10\/313-80x60.jpg 80w\" sizes=\"auto, (max-width: 550px) 100vw, 550px\" \/><img loading=\"lazy\" decoding=\"async\" class=\"alignleft size-full wp-image-13015\" src=\"http:\/\/caballitotequiero.com.ar\/portal\/wp-content\/uploads\/2013\/10\/414.jpg\" alt=\"\" width=\"550\" height=\"413\" srcset=\"http:\/\/caballitotequiero.com.ar\/portal\/wp-content\/uploads\/2013\/10\/414.jpg 550w, http:\/\/caballitotequiero.com.ar\/portal\/wp-content\/uploads\/2013\/10\/414-300x225.jpg 300w, http:\/\/caballitotequiero.com.ar\/portal\/wp-content\/uploads\/2013\/10\/414-80x60.jpg 80w\" sizes=\"auto, (max-width: 550px) 100vw, 550px\" \/><img loading=\"lazy\" decoding=\"async\" class=\"alignleft size-full wp-image-13016\" src=\"http:\/\/caballitotequiero.com.ar\/portal\/wp-content\/uploads\/2013\/10\/512.jpg\" alt=\"\" width=\"550\" height=\"413\" srcset=\"http:\/\/caballitotequiero.com.ar\/portal\/wp-content\/uploads\/2013\/10\/512.jpg 550w, http:\/\/caballitotequiero.com.ar\/portal\/wp-content\/uploads\/2013\/10\/512-300x225.jpg 300w, http:\/\/caballitotequiero.com.ar\/portal\/wp-content\/uploads\/2013\/10\/512-80x60.jpg 80w\" sizes=\"auto, (max-width: 550px) 100vw, 550px\" \/><img loading=\"lazy\" decoding=\"async\" class=\"alignleft size-full wp-image-13017\" src=\"http:\/\/caballitotequiero.com.ar\/portal\/wp-content\/uploads\/2013\/10\/613.jpg\" alt=\"\" width=\"550\" height=\"413\" srcset=\"http:\/\/caballitotequiero.com.ar\/portal\/wp-content\/uploads\/2013\/10\/613.jpg 550w, http:\/\/caballitotequiero.com.ar\/portal\/wp-content\/uploads\/2013\/10\/613-300x225.jpg 300w, http:\/\/caballitotequiero.com.ar\/portal\/wp-content\/uploads\/2013\/10\/613-80x60.jpg 80w\" sizes=\"auto, (max-width: 550px) 100vw, 550px\" \/><img loading=\"lazy\" decoding=\"async\" class=\"alignleft size-full wp-image-13018\" src=\"http:\/\/caballitotequiero.com.ar\/portal\/wp-content\/uploads\/2013\/10\/96.jpg\" alt=\"\" width=\"550\" height=\"413\" srcset=\"http:\/\/caballitotequiero.com.ar\/portal\/wp-content\/uploads\/2013\/10\/96.jpg 550w, http:\/\/caballitotequiero.com.ar\/portal\/wp-content\/uploads\/2013\/10\/96-300x225.jpg 300w, http:\/\/caballitotequiero.com.ar\/portal\/wp-content\/uploads\/2013\/10\/96-80x60.jpg 80w\" sizes=\"auto, (max-width: 550px) 100vw, 550px\" \/><img loading=\"lazy\" decoding=\"async\" class=\"alignleft size-full wp-image-13019\" src=\"http:\/\/caballitotequiero.com.ar\/portal\/wp-content\/uploads\/2013\/10\/106.jpg\" alt=\"\" width=\"550\" height=\"413\" srcset=\"http:\/\/caballitotequiero.com.ar\/portal\/wp-content\/uploads\/2013\/10\/106.jpg 550w, http:\/\/caballitotequiero.com.ar\/portal\/wp-content\/uploads\/2013\/10\/106-300x225.jpg 300w, http:\/\/caballitotequiero.com.ar\/portal\/wp-content\/uploads\/2013\/10\/106-80x60.jpg 80w\" sizes=\"auto, (max-width: 550px) 100vw, 550px\" \/><img loading=\"lazy\" decoding=\"async\" class=\"alignleft size-full wp-image-13020\" src=\"http:\/\/caballitotequiero.com.ar\/portal\/wp-content\/uploads\/2013\/10\/1111.jpg\" alt=\"\" width=\"550\" height=\"413\" srcset=\"http:\/\/caballitotequiero.com.ar\/portal\/wp-content\/uploads\/2013\/10\/1111.jpg 550w, http:\/\/caballitotequiero.com.ar\/portal\/wp-content\/uploads\/2013\/10\/1111-300x225.jpg 300w, http:\/\/caballitotequiero.com.ar\/portal\/wp-content\/uploads\/2013\/10\/1111-80x60.jpg 80w\" sizes=\"auto, (max-width: 550px) 100vw, 550px\" \/><img loading=\"lazy\" decoding=\"async\" class=\"alignleft size-full wp-image-13021\" src=\"http:\/\/caballitotequiero.com.ar\/portal\/wp-content\/uploads\/2013\/10\/127.jpg\" alt=\"\" width=\"550\" height=\"678\" srcset=\"http:\/\/caballitotequiero.com.ar\/portal\/wp-content\/uploads\/2013\/10\/127.jpg 550w, http:\/\/caballitotequiero.com.ar\/portal\/wp-content\/uploads\/2013\/10\/127-243x300.jpg 243w\" sizes=\"auto, (max-width: 550px) 100vw, 550px\" \/><\/p>\n","protected":false},"excerpt":{"rendered":"<p>Hoy, mi\u00e9rcoles 30 de octubre, en horas de la ma\u00f1ana, el puesto de diarios y revistas de la Plaza Primera Junta fue desplazado unos metros para ser reubicado debajo de la techumbre y junto a la escalera de acceso al subte. Este es un reclamo que en varias oportunidades realizaron los vecinos, tambi\u00e9n se trat\u00f3 [&hellip;]<\/p>\n","protected":false},"author":1,"featured_media":13022,"comment_status":"open","ping_status":"open","sticky":false,"template":"","format":"standard","meta":{"footnotes":""},"categories":[5],"tags":[],"class_list":["post-13012","post","type-post","status-publish","format-standard","has-post-thumbnail","hentry","category-noticias"],"_links":{"self":[{"href":"http:\/\/caballitotequiero.com.ar\/portal\/wp-json\/wp\/v2\/posts\/13012","targetHints":{"allow":["GET"]}}],"collection":[{"href":"http:\/\/caballitotequiero.com.ar\/portal\/wp-json\/wp\/v2\/posts"}],"about":[{"href":"http:\/\/caballitotequiero.com.ar\/portal\/wp-json\/wp\/v2\/types\/post"}],"author":[{"embeddable":true,"href":"http:\/\/caballitotequiero.com.ar\/portal\/wp-json\/wp\/v2\/users\/1"}],"replies":[{"embeddable":true,"href":"http:\/\/caballitotequiero.com.ar\/portal\/wp-json\/wp\/v2\/comments?post=13012"}],"version-history":[{"count":2,"href":"http:\/\/caballitotequiero.com.ar\/portal\/wp-json\/wp\/v2\/posts\/13012\/revisions"}],"predecessor-version":[{"id":13024,"href":"http:\/\/caballitotequiero.com.ar\/portal\/wp-json\/wp\/v2\/posts\/13012\/revisions\/13024"}],"wp:featuredmedia":[{"embeddable":true,"href":"http:\/\/caballitotequiero.com.ar\/portal\/wp-json\/wp\/v2\/media\/13022"}],"wp:attachment":[{"href":"http:\/\/caballitotequiero.com.ar\/portal\/wp-json\/wp\/v2\/media?parent=13012"}],"wp:term":[{"taxonomy":"category","embeddable":true,"href":"http:\/\/caballitotequiero.com.ar\/portal\/wp-json\/wp\/v2\/categories?post=13012"},{"taxonomy":"post_tag","embeddable":true,"href":"http:\/\/caballitotequiero.com.ar\/portal\/wp-json\/wp\/v2\/tags?post=13012"}],"curies":[{"name":"wp","href":"https:\/\/api.w.org\/{rel}","templated":true}]}}