{"id":13054,"date":"2013-10-31T09:43:51","date_gmt":"2013-10-31T12:43:51","guid":{"rendered":"http:\/\/caballitotequiero.com.ar\/portal\/?p=13054"},"modified":"2013-10-31T09:48:54","modified_gmt":"2013-10-31T12:48:54","slug":"9%c2%b0-festival-de-bossanona-en-el-parque-centenario","status":"publish","type":"post","link":"http:\/\/caballitotequiero.com.ar\/portal\/2013\/10\/31\/9%c2%b0-festival-de-bossanona-en-el-parque-centenario\/","title":{"rendered":"9\u00b0 FESTIVAL DE BOSSANONA EN EL PARQUE CENTENARIO"},"content":{"rendered":"<p>El pr\u00f3ximo s\u00e1bado comienza el \u00a09\u00ba \u00a0Festival de Bossanova en Buenos Aires.<\/p>\n<p>El 2, 3, 4, 9, 10 y 11 de noviembre se realizar\u00e1 el 9\u00ba Festival BossaNova en Buenos Aires, con el apoyo del Ministerio de Cultura porte\u00f1o a trav\u00e9s de la Direcci\u00f3n General de M\u00fasica.<\/p>\n<p>Es un orgullo para quienes hacemos<strong> \u201cHorizonte La Revista de Caballito\u201d<\/strong> haber sido promotores y organizadores del primer encuentro que se realiz\u00f3 en el a\u00f1o 2005 en el Parque Rivadavia.\u00a0 El alma y la idea original, sigue siendo, como en aquel entonces, <strong>Rosana Tealdi<\/strong>, quien puso todo su esfuerzo y trabajo para hacer crecer este espect\u00e1culo a nivel internacional.<br \/>\nTodas las actividades ser\u00e1n con entrada libre y gratuita y se desarrollar\u00e1n en el Anfiteatro de Parque Centenario, el Centro Cultural Marc\u00f3 del Pont y el Sindicato Argentino de M\u00fasicos.<br \/>\n\u201cUna vez m\u00e1s el arte, en este caso la m\u00fasica, sirve para unir a dos pueblos, a dos culturas, a trav\u00e9s de una de las expresiones m\u00e1s bellas y profundas del esp\u00edritu humano.\u201d \u2013dijo el Ministro de Cultura porte\u00f1o, Hern\u00e1n Lombardi.<br \/>\nM\u00fasicos argentinos y brasileros se unen para brindar este homenaje a la cultura brasilera que se realiza de manera ininterrumpida desde 2004.<br \/>\nM\u00e1s de 20 bandas en escena abarcando todos los g\u00e9neros de la m\u00fasica brasile\u00f1a. Adem\u00e1s, cl\u00ednicas y workshop de instrumentos y propuestas gastron\u00f3micas.<\/p>\n<p><strong>Programaci\u00f3n<\/strong><br \/>\n<strong> 2 de noviembre<\/strong><br \/>\nSede Anfiteatro de Parque Centenario, Leopoldo Marechal y pasaje Lillo.<br \/>\n16:40: Apertura a cargo del Bloco de Maracat\u00fa \u201cBumba meu Boi\u201d de Jos\u00e9 Heriberto Holanda da Silva.<br \/>\n17 a 17:45: H\u00e9li.<br \/>\n18 a 18:45: Flavia Benkadi y Renato do Santos.<br \/>\n19 a 19:45: El B\u00faho en la Vitrina.<br \/>\n20 a 20:45: Cassia Pereira.<br \/>\n21hs a 21:45hs: Luciana Agoglia &amp; Grupo.<br \/>\n22hs a 22:45hs: Pulo do Gato.<br \/>\n<strong> 3 de noviembre<\/strong><br \/>\nSede Centro Cultural Marc\u00f3 del Pont. Artigas 202, Flores.<br \/>\n18 a 18:40: Choro Porte\u00f1o.<br \/>\n19 a 19:40: Rabeca Lima.<br \/>\n20 a 20:40: Flavia Monteiro en poetas y Malandros.<br \/>\n20:50 a 21:30: Francois Muleka y Mart\u00edn Cohen.<br \/>\n21:40 a 22:00: Nora Benavidez.<br \/>\n<strong> 4 de noviembre<\/strong><br \/>\nCl\u00ednica de guitarra en el Sindicato Argentino de M\u00fasicos, SADEM, avenida Belgrano 3655, Boedo.<br \/>\n18:00: Guitarra \u201cBossa nova\u201d, a cargo de Carlos \u201cCharly\u201d Arana (AR).<br \/>\n<strong> 9 de noviembre<\/strong><br \/>\nSede Anfiteatro de Parque Centenario, Leopoldo Marechal y pasaje Lillo.<br \/>\n16:40 Apertura a cargo del Bloco de Sambarreggae \u201cLa 14 Bis\u201d.<br \/>\n17hs a 17:45: Maria Constanza.<br \/>\n18hs a 18:45: Cassio Carvalho.<br \/>\n19hs a 19:45: Samba da Antiga.<br \/>\n20hs a 20:45: Broder Bastos.<br \/>\n21hs a 21:45: Josi Dias.<br \/>\n22hs a 22:45: Esta\u00e7\u00e3o Primeira.<br \/>\n<strong> 10 de noviembre<\/strong><br \/>\nSede Anfiteatro de Parque Centenario, Leopoldo Marechal y pasaje Lillo.<br \/>\n16:40 Apertura a cargo del Bloco de Maracat\u00fa \u201cBumba meu Boi\u201d de Jos\u00e9 Heriberto Holanda da Silva.<br \/>\n17 a 17:45: Patricia Souza.<br \/>\n18 a 18:45: Mar\u00eda y Los Maracatuetas.<br \/>\n19hs a 19:45hs: Deryck Santos.<br \/>\n20hs a 20:45hs: Patu\u00e1.<br \/>\n21hs a 21:45hs: Luana Barreto.<br \/>\n22hs a 22:45hs: Simpat\u00eda es Casi Amor.<br \/>\n<strong> 11 de noviembre<\/strong><br \/>\nWorkshop de cu\u00edca en el SADEM, avenida Belgrano 3655, Boedo.<br \/>\n18:00 hs. a cargo del m\u00fasico Paulinho Bicolor (BR).<img loading=\"lazy\" decoding=\"async\" class=\"alignleft size-full wp-image-13062\" src=\"http:\/\/caballitotequiero.com.ar\/portal\/wp-content\/uploads\/2013\/10\/bossanova.jpg\" alt=\"\" width=\"303\" height=\"640\" srcset=\"http:\/\/caballitotequiero.com.ar\/portal\/wp-content\/uploads\/2013\/10\/bossanova.jpg 303w, http:\/\/caballitotequiero.com.ar\/portal\/wp-content\/uploads\/2013\/10\/bossanova-142x300.jpg 142w\" sizes=\"auto, (max-width: 303px) 100vw, 303px\" \/><\/p>\n<div id=\"attachment_13055\" style=\"width: 560px\" class=\"wp-caption alignleft\"><img loading=\"lazy\" decoding=\"async\" aria-describedby=\"caption-attachment-13055\" class=\"size-full wp-image-13055\" src=\"http:\/\/caballitotequiero.com.ar\/portal\/wp-content\/uploads\/2013\/10\/bossanova-0.jpg\" alt=\"\" width=\"550\" height=\"413\" srcset=\"http:\/\/caballitotequiero.com.ar\/portal\/wp-content\/uploads\/2013\/10\/bossanova-0.jpg 550w, http:\/\/caballitotequiero.com.ar\/portal\/wp-content\/uploads\/2013\/10\/bossanova-0-300x225.jpg 300w, http:\/\/caballitotequiero.com.ar\/portal\/wp-content\/uploads\/2013\/10\/bossanova-0-80x60.jpg 80w\" sizes=\"auto, (max-width: 550px) 100vw, 550px\" \/><p id=\"caption-attachment-13055\" class=\"wp-caption-text\">Primer Festival de Bossanova realizado en el a\u00f1o 2005 en el Parque Rivadavia<\/p><\/div>\n","protected":false},"excerpt":{"rendered":"<p>El pr\u00f3ximo s\u00e1bado comienza el \u00a09\u00ba \u00a0Festival de Bossanova en Buenos Aires. El 2, 3, 4, 9, 10 y 11 de noviembre se realizar\u00e1 el 9\u00ba Festival BossaNova en Buenos Aires, con el apoyo del Ministerio de Cultura porte\u00f1o a trav\u00e9s de la Direcci\u00f3n General de M\u00fasica. Es un orgullo para quienes hacemos \u201cHorizonte La [&hellip;]<\/p>\n","protected":false},"author":1,"featured_media":13059,"comment_status":"open","ping_status":"open","sticky":false,"template":"","format":"standard","meta":{"footnotes":""},"categories":[5],"tags":[],"class_list":["post-13054","post","type-post","status-publish","format-standard","has-post-thumbnail","hentry","category-noticias"],"_links":{"self":[{"href":"http:\/\/caballitotequiero.com.ar\/portal\/wp-json\/wp\/v2\/posts\/13054","targetHints":{"allow":["GET"]}}],"collection":[{"href":"http:\/\/caballitotequiero.com.ar\/portal\/wp-json\/wp\/v2\/posts"}],"about":[{"href":"http:\/\/caballitotequiero.com.ar\/portal\/wp-json\/wp\/v2\/types\/post"}],"author":[{"embeddable":true,"href":"http:\/\/caballitotequiero.com.ar\/portal\/wp-json\/wp\/v2\/users\/1"}],"replies":[{"embeddable":true,"href":"http:\/\/caballitotequiero.com.ar\/portal\/wp-json\/wp\/v2\/comments?post=13054"}],"version-history":[{"count":5,"href":"http:\/\/caballitotequiero.com.ar\/portal\/wp-json\/wp\/v2\/posts\/13054\/revisions"}],"predecessor-version":[{"id":13061,"href":"http:\/\/caballitotequiero.com.ar\/portal\/wp-json\/wp\/v2\/posts\/13054\/revisions\/13061"}],"wp:featuredmedia":[{"embeddable":true,"href":"http:\/\/caballitotequiero.com.ar\/portal\/wp-json\/wp\/v2\/media\/13059"}],"wp:attachment":[{"href":"http:\/\/caballitotequiero.com.ar\/portal\/wp-json\/wp\/v2\/media?parent=13054"}],"wp:term":[{"taxonomy":"category","embeddable":true,"href":"http:\/\/caballitotequiero.com.ar\/portal\/wp-json\/wp\/v2\/categories?post=13054"},{"taxonomy":"post_tag","embeddable":true,"href":"http:\/\/caballitotequiero.com.ar\/portal\/wp-json\/wp\/v2\/tags?post=13054"}],"curies":[{"name":"wp","href":"https:\/\/api.w.org\/{rel}","templated":true}]}}