{"id":13075,"date":"2013-10-31T16:43:53","date_gmt":"2013-10-31T19:43:53","guid":{"rendered":"http:\/\/caballitotequiero.com.ar\/portal\/?p=13075"},"modified":"2013-10-31T16:43:53","modified_gmt":"2013-10-31T19:43:53","slug":"el-museo-de-esculturas-luis-perlotti-en-la-noche-de-los-museos","status":"publish","type":"post","link":"http:\/\/caballitotequiero.com.ar\/portal\/2013\/10\/31\/el-museo-de-esculturas-luis-perlotti-en-la-noche-de-los-museos\/","title":{"rendered":"EL MUSEO DE ESCULTURAS LUIS PERLOTTI EN LA NOCHE DE LOS MUSEOS"},"content":{"rendered":"<p><strong>Exposiciones y actividades durante <\/strong><strong>La Noche<\/strong><strong> de los Museos \u00a0en el Museo de Esculturas Luis Perlotti, Pujol 644<\/strong><\/p>\n<p>El Museo se enfoca en el barrio y propone: exposiciones, actividades para ni\u00f1os y espect\u00e1culos variados para el disfrute de toda la familia, bajo la tem\u00e1tica <strong>\u201c30 a\u00f1os en Democracia\u201d.<\/strong><\/p>\n<p><strong>Exposiciones<\/strong><\/p>\n<p><strong>Unidos por el Amor y <\/strong><strong>la Escultura<\/strong><\/p>\n<p><strong> <\/strong><\/p>\n<p>-Selecci\u00f3n de obras de Lidia Battisti, Juan C. Ferraro, Mar\u00eda Michailovsky y Horacio Ju\u00e1rez. Se realizar\u00e1 un merecido homenaje a las escultoras, las cuales estar\u00e1n presentes durante la celebraci\u00f3n inaugural.<\/p>\n<p><strong>Fotograf\u00edas de la d\u00e9cada del 60 \/ 70<\/strong><\/p>\n<p>Horacio Aleva, fot\u00f3grafo hist\u00f3rico del Club<\/p>\n<p>-Se expondr\u00e1n fotrograf\u00edas y recuerdos del club Ferroc\u00e1rril Oeste. En la Sede del Club, Garcia Lorca 350: -Exp. Premio de la UNESCO, Copas y Trofeos. -Muestra de Cer\u00e1mica Contempor\u00e1nea, Centro Argentino de Arte Cer\u00e1mico (CAAC).<\/p>\n<p><strong>Patrimonio<\/strong><\/p>\n<p>Se expondr\u00e1 una selecci\u00f3n de obras restauradas durante el periodo 2012-2013.<\/p>\n<p><strong>Maestros del Tango<\/strong><\/p>\n<p>-Selecci\u00f3n de obras de Juan Carlos Ferraro y Luis Perlotti<\/p>\n<p><strong>Fotografias de Caballito Ayer y Hoy<\/strong><\/p>\n<p>&#8211; Un recorrido por la Historia y la actividad del barrio. Archivo fotogr\u00e1fico de la Revista Horizonte.<\/p>\n<p><strong>Actividades Especiales<\/strong><\/p>\n<p><strong>Artistas Trabajando Frente al P\u00fablico y Taller abierto para peque\u00f1os artistas<\/strong><\/p>\n<p><strong> <\/strong><\/p>\n<p>-Artistas de diferentes disciplinas como: escultura, grabado, pintura, dibujo y muralismo con aer\u00f3grafo; son convocados para mostrar en vivo su trabajo Los ni\u00f1os que nos visiten tambi\u00e9n podr\u00e1n mostrar su arte, en talleres preparados espacialmente para ellos.<\/p>\n<p><strong>Artistas invitados<\/strong><\/p>\n<p><strong> <\/strong><\/p>\n<p><strong>Escultura<\/strong><\/p>\n<p>Berg\u00e9, Ver\u00f3nica \/ Carreras, N\u00e9lida \/ Del Papa Ferraro, Sonia \/ Giovannini Pereyra, Micaela \/ Niejadlik, Mario H\u00e9ctor \/ Ricci, Mar\u00eda Jorgelina \/ Rusyniak Daniela \/ D\u2019 Amato, Roxana \/ Spinetta, Luciano Andr\u00e9s.<\/p>\n<p><strong>Dibujo y Pintura<\/strong><\/p>\n<p>Aguirre Adri\u00e1n, Mart\u00ednez Nicol\u00e1s, Mi\u00f1o Braian, Berg Ligia.<\/p>\n<p><strong> <\/strong><\/p>\n<p><strong>Grabado<\/strong><\/p>\n<p>Calvo, Silvia \/ Mamani Collanque, Joel \/ Pereyra, Daniel.<\/p>\n<p><strong>Tiempos de Aerograf\u00eda<\/strong><\/p>\n<p>Carrizo, H\u00e9ctor Alfredo \/ La Rosa, Carlos \/ Gonz\u00e1lez, Lorenzo.<\/p>\n<p><strong>Espact\u00e1culos<\/strong><\/p>\n<p><strong> <\/strong><\/p>\n<p><strong>20.00\u00a0\u00a0 Tango y Folklore.<\/strong> <em>Rub\u00e9n Ash <\/em><\/p>\n<p><em> <\/em><\/p>\n<p><strong>21.00 \u00a0\u00a0Cuerpo de danza Folklorica del C.C. El Taller.<\/strong> <em>Prof. Ana Mar\u00eda Oro<\/em><\/p>\n<p><em> <\/em><\/p>\n<p><strong>21.30 \u00a0\u00a0Tango para bailar.<\/strong> <em>Prof. Luis Boscia<\/em><\/p>\n<p><em> <\/em><\/p>\n<p><strong>22.00\u00a0\u00a0 Percanta y Pandereta.<\/strong> <em>D\u00e9bora Binder y Keila Tonello. <a href=\"http:\/\/www.divinobotoneventos.com.ar\/\">www.divinobotoneventos.com.ar<\/a><\/em><\/p>\n<p><em> <\/em><\/p>\n<p><strong>23.00\u00a0 \u00a0Uma Aymara.<\/strong> <em>M\u00fasica Andina<\/em><\/p>\n<p><em> <\/em><\/p>\n<p><strong>23.30 \u00a0\u00a0Cuerpo de danza Hip-Hop del C.C. El taller.<\/strong> <em>Prof. Eduardo Jorge Uballes<\/em><\/p>\n<p><em> <\/em><\/p>\n<p><strong>00.00\u00a0\u00a0 Gigy &#8211; Tango y folklore.<\/strong> <em>Gisela Torres y Gabriel Garc\u00eda en guitarra.<\/em><\/p>\n<p><em><img loading=\"lazy\" decoding=\"async\" class=\"alignleft size-full wp-image-13076\" src=\"http:\/\/caballitotequiero.com.ar\/portal\/wp-content\/uploads\/2013\/10\/museo-perlotti.jpg\" alt=\"\" width=\"550\" height=\"364\" srcset=\"http:\/\/caballitotequiero.com.ar\/portal\/wp-content\/uploads\/2013\/10\/museo-perlotti.jpg 550w, http:\/\/caballitotequiero.com.ar\/portal\/wp-content\/uploads\/2013\/10\/museo-perlotti-300x198.jpg 300w\" sizes=\"auto, (max-width: 550px) 100vw, 550px\" \/><br \/>\n<\/em><\/p>\n","protected":false},"excerpt":{"rendered":"<p>Exposiciones y actividades durante La Noche de los Museos \u00a0en el Museo de Esculturas Luis Perlotti, Pujol 644 El Museo se enfoca en el barrio y propone: exposiciones, actividades para ni\u00f1os y espect\u00e1culos variados para el disfrute de toda la familia, bajo la tem\u00e1tica \u201c30 a\u00f1os en Democracia\u201d. Exposiciones Unidos por el Amor y la [&hellip;]<\/p>\n","protected":false},"author":1,"featured_media":13077,"comment_status":"open","ping_status":"open","sticky":false,"template":"","format":"standard","meta":{"footnotes":""},"categories":[5],"tags":[],"class_list":["post-13075","post","type-post","status-publish","format-standard","has-post-thumbnail","hentry","category-noticias"],"_links":{"self":[{"href":"http:\/\/caballitotequiero.com.ar\/portal\/wp-json\/wp\/v2\/posts\/13075","targetHints":{"allow":["GET"]}}],"collection":[{"href":"http:\/\/caballitotequiero.com.ar\/portal\/wp-json\/wp\/v2\/posts"}],"about":[{"href":"http:\/\/caballitotequiero.com.ar\/portal\/wp-json\/wp\/v2\/types\/post"}],"author":[{"embeddable":true,"href":"http:\/\/caballitotequiero.com.ar\/portal\/wp-json\/wp\/v2\/users\/1"}],"replies":[{"embeddable":true,"href":"http:\/\/caballitotequiero.com.ar\/portal\/wp-json\/wp\/v2\/comments?post=13075"}],"version-history":[{"count":1,"href":"http:\/\/caballitotequiero.com.ar\/portal\/wp-json\/wp\/v2\/posts\/13075\/revisions"}],"predecessor-version":[{"id":13078,"href":"http:\/\/caballitotequiero.com.ar\/portal\/wp-json\/wp\/v2\/posts\/13075\/revisions\/13078"}],"wp:featuredmedia":[{"embeddable":true,"href":"http:\/\/caballitotequiero.com.ar\/portal\/wp-json\/wp\/v2\/media\/13077"}],"wp:attachment":[{"href":"http:\/\/caballitotequiero.com.ar\/portal\/wp-json\/wp\/v2\/media?parent=13075"}],"wp:term":[{"taxonomy":"category","embeddable":true,"href":"http:\/\/caballitotequiero.com.ar\/portal\/wp-json\/wp\/v2\/categories?post=13075"},{"taxonomy":"post_tag","embeddable":true,"href":"http:\/\/caballitotequiero.com.ar\/portal\/wp-json\/wp\/v2\/tags?post=13075"}],"curies":[{"name":"wp","href":"https:\/\/api.w.org\/{rel}","templated":true}]}}