{"id":13092,"date":"2013-11-01T12:33:52","date_gmt":"2013-11-01T15:33:52","guid":{"rendered":"http:\/\/caballitotequiero.com.ar\/portal\/?p=13092"},"modified":"2013-11-01T12:33:52","modified_gmt":"2013-11-01T15:33:52","slug":"horizonte-en-la-noche-de-los-museos","status":"publish","type":"post","link":"http:\/\/caballitotequiero.com.ar\/portal\/2013\/11\/01\/horizonte-en-la-noche-de-los-museos\/","title":{"rendered":"HORIZONTE EN LA NOCHE DE LOS MUSEOS"},"content":{"rendered":"<p>Por sexto a\u00f1o consecutivo \u00abHorizonte la Revista de Caballito\u00bb participa en La Noche de los Museos. En esta oportunidad estaremos presentes en el Museo de Esculturas Luis Perlotti, Pujol 644.<\/p>\n<p>All\u00ed se expondr\u00e1 parte del archivo fotogr\u00e1fico de nuestra publicaci\u00f3n con el t\u00edtulo <strong>\u00abCaballito Ayer y Hoy\u00bb<\/strong>. La idea es mostrar en forma comparativa lugares y esquinas emblem\u00e1ticas del barrio, tomadas desde el mismo punto, en su versi\u00f3n actual y en algunos casos en im\u00e1genes tomadas hace m\u00e1s de cien a\u00f1os.<\/p>\n<p>Esta muestra podr\u00e1 visitarse el s\u00e1bado 9 de noviembre, desde las 20 y hasta las 3 de la ma\u00f1ana.<\/p>\n<p>Por otra parte, Marina Bussio, directora de \u00abHorizonte La Revista de Caballito\u00bb participar\u00e1 tambi\u00e9n en la presentaci\u00f3n del libro \u00abDe gringos a caballitenses\u00bb de Ignacio Merel que tendr\u00e1 lugar en la sede del Club Ferro Carril Oeste, Federico Garc\u00eda Lorca 350, este evento est\u00e1 previsto para las 20.30 hs.<\/p>\n<p><img loading=\"lazy\" decoding=\"async\" class=\"alignleft size-full wp-image-13093\" src=\"http:\/\/caballitotequiero.com.ar\/portal\/wp-content\/uploads\/2013\/11\/NOCHE-DE-LOS-MUSEOS-CABALLITO-CHICO-WEB.jpg\" alt=\"\" width=\"550\" height=\"134\" srcset=\"http:\/\/caballitotequiero.com.ar\/portal\/wp-content\/uploads\/2013\/11\/NOCHE-DE-LOS-MUSEOS-CABALLITO-CHICO-WEB.jpg 550w, http:\/\/caballitotequiero.com.ar\/portal\/wp-content\/uploads\/2013\/11\/NOCHE-DE-LOS-MUSEOS-CABALLITO-CHICO-WEB-300x73.jpg 300w\" sizes=\"auto, (max-width: 550px) 100vw, 550px\" \/><\/p>\n<div id=\"attachment_13094\" style=\"width: 560px\" class=\"wp-caption alignleft\"><img loading=\"lazy\" decoding=\"async\" aria-describedby=\"caption-attachment-13094\" class=\"size-full wp-image-13094\" src=\"http:\/\/caballitotequiero.com.ar\/portal\/wp-content\/uploads\/2013\/11\/MUSEO-AYER-Y-HOY-1.jpg\" alt=\"\" width=\"550\" height=\"149\" srcset=\"http:\/\/caballitotequiero.com.ar\/portal\/wp-content\/uploads\/2013\/11\/MUSEO-AYER-Y-HOY-1.jpg 550w, http:\/\/caballitotequiero.com.ar\/portal\/wp-content\/uploads\/2013\/11\/MUSEO-AYER-Y-HOY-1-300x81.jpg 300w\" sizes=\"auto, (max-width: 550px) 100vw, 550px\" \/><p id=\"caption-attachment-13094\" class=\"wp-caption-text\">Algunas de las im\u00e1genes de la Muestra Fotogr\u00e1fica &quot;Caballito Ayer y Hoy&quot;<\/p><\/div>\n<p><img loading=\"lazy\" decoding=\"async\" class=\"alignleft size-full wp-image-13095\" src=\"http:\/\/caballitotequiero.com.ar\/portal\/wp-content\/uploads\/2013\/11\/MUSEO-AYER-Y-HOY-3.jpg\" alt=\"\" width=\"550\" height=\"192\" srcset=\"http:\/\/caballitotequiero.com.ar\/portal\/wp-content\/uploads\/2013\/11\/MUSEO-AYER-Y-HOY-3.jpg 550w, http:\/\/caballitotequiero.com.ar\/portal\/wp-content\/uploads\/2013\/11\/MUSEO-AYER-Y-HOY-3-300x104.jpg 300w\" sizes=\"auto, (max-width: 550px) 100vw, 550px\" \/><\/p>\n","protected":false},"excerpt":{"rendered":"<p>Por sexto a\u00f1o consecutivo \u00abHorizonte la Revista de Caballito\u00bb participa en La Noche de los Museos. En esta oportunidad estaremos presentes en el Museo de Esculturas Luis Perlotti, Pujol 644. All\u00ed se expondr\u00e1 parte del archivo fotogr\u00e1fico de nuestra publicaci\u00f3n con el t\u00edtulo \u00abCaballito Ayer y Hoy\u00bb. La idea es mostrar en forma comparativa lugares [&hellip;]<\/p>\n","protected":false},"author":1,"featured_media":13096,"comment_status":"open","ping_status":"open","sticky":false,"template":"","format":"standard","meta":{"footnotes":""},"categories":[5],"tags":[],"class_list":["post-13092","post","type-post","status-publish","format-standard","has-post-thumbnail","hentry","category-noticias"],"_links":{"self":[{"href":"http:\/\/caballitotequiero.com.ar\/portal\/wp-json\/wp\/v2\/posts\/13092","targetHints":{"allow":["GET"]}}],"collection":[{"href":"http:\/\/caballitotequiero.com.ar\/portal\/wp-json\/wp\/v2\/posts"}],"about":[{"href":"http:\/\/caballitotequiero.com.ar\/portal\/wp-json\/wp\/v2\/types\/post"}],"author":[{"embeddable":true,"href":"http:\/\/caballitotequiero.com.ar\/portal\/wp-json\/wp\/v2\/users\/1"}],"replies":[{"embeddable":true,"href":"http:\/\/caballitotequiero.com.ar\/portal\/wp-json\/wp\/v2\/comments?post=13092"}],"version-history":[{"count":2,"href":"http:\/\/caballitotequiero.com.ar\/portal\/wp-json\/wp\/v2\/posts\/13092\/revisions"}],"predecessor-version":[{"id":13098,"href":"http:\/\/caballitotequiero.com.ar\/portal\/wp-json\/wp\/v2\/posts\/13092\/revisions\/13098"}],"wp:featuredmedia":[{"embeddable":true,"href":"http:\/\/caballitotequiero.com.ar\/portal\/wp-json\/wp\/v2\/media\/13096"}],"wp:attachment":[{"href":"http:\/\/caballitotequiero.com.ar\/portal\/wp-json\/wp\/v2\/media?parent=13092"}],"wp:term":[{"taxonomy":"category","embeddable":true,"href":"http:\/\/caballitotequiero.com.ar\/portal\/wp-json\/wp\/v2\/categories?post=13092"},{"taxonomy":"post_tag","embeddable":true,"href":"http:\/\/caballitotequiero.com.ar\/portal\/wp-json\/wp\/v2\/tags?post=13092"}],"curies":[{"name":"wp","href":"https:\/\/api.w.org\/{rel}","templated":true}]}}