{"id":13099,"date":"2013-11-02T01:27:18","date_gmt":"2013-11-02T04:27:18","guid":{"rendered":"http:\/\/caballitotequiero.com.ar\/portal\/?p=13099"},"modified":"2013-11-02T01:36:01","modified_gmt":"2013-11-02T04:36:01","slug":"la-comisaria-12%c2%b0-festejo-la-semana-de-la-policia","status":"publish","type":"post","link":"http:\/\/caballitotequiero.com.ar\/portal\/2013\/11\/02\/la-comisaria-12%c2%b0-festejo-la-semana-de-la-policia\/","title":{"rendered":"LA COMISAR\u00cdA 12\u00b0 FESTEJ\u00d3 LA SEMANA DE LA POLIC\u00cdA"},"content":{"rendered":"<p>El viernes 1\u00ba de noviembre al mediod\u00eda,\u00a0 las autoridades y el personal de la Comisar\u00eda 12\u00aa \u00a0celebraron la Semana de la Polic\u00eda Federal. El evento tuvo lugar en el Club Portugu\u00e9s, ubicado en la Avenida Pedro Goyena al 1400.<\/p>\n<p>Estuvieron presentes en el acto el Comisario Inspector Guillermo Colussi, Jefe de la Circunscripci\u00f3n 6\u00aa; el Comisario Jos\u00e9 Mar\u00eda Mart\u00ednez, los Subcomisarios Guillermo Orellana y Carlos Mieres, junto a ellos estuvo el Presidente de la Asociaci\u00f3n Amigos de la Comisar\u00eda 12\u00aa, Sr. Horacio Barreiro, el presidente del Rotary Club de Caballito, Alberto Raguzzi, acompa\u00f1ados por varios miembros, el presidente de la Asociaci\u00f3n Caballito Puede, Marcelo Hotasegui; representantes de diversas instituciones barriales, vecinos, comerciantes y familiares del personal de la Comisar\u00eda 12.<\/p>\n<p>Al inicio del acto se ley\u00f3 una carta enviada por el Jefe de la Polic\u00eda Federal Comisario General Rom\u00e1n Di Santo y luego hicieron uso de la palabara el Comisario Mart\u00ednez y el Se\u00f1or Barreriro, para referirse a la Semana de la Polic\u00eda Federal.<\/p>\n<p>A continuaci\u00f3n distintas instituciones barriales distinguieron a aquellos integrantes de la fuerza que, se destacaran en sus funciones. Entre otras, entregaron premios el Rotary Club de Caballito, la Asociaci\u00f3n Amigos, el Mercado del Progreso \u00a0y diferentes comercios de la zona.<\/p>\n<p>Tambi\u00e9n recibi\u00f3 un reconocimiento el se\u00f1or Horacio Barreiro, presidente de la Asociaci\u00f3n Amigos por el compromiso y la labor realizada, especialmente por su colaboraci\u00f3n en proveer al personal de ropas de trabajo y remeras para los \u201cbicipolic\u00edas\u201d.<\/p>\n<p>Monse\u00f1or \u00a0Antonio Aloisio, de la parroquia Santa Julia, bendijo los premios y diplomas \u00a0y felicit\u00f3 al personal por su destacada labor.<\/p>\n<p>Finalizada la ceremonia, los presentes compartieron un vino de honor y un excelente lunch, brindado por la seccional.<\/p>\n<p>Una vez m\u00e1s, la comunidad caballitense comparti\u00f3 con su polic\u00eda, en este caso la Comisar\u00eda 12, los festejos de esa instituci\u00f3n.<\/p>\n<p><img loading=\"lazy\" decoding=\"async\" class=\"alignleft size-full wp-image-13100\" src=\"http:\/\/caballitotequiero.com.ar\/portal\/wp-content\/uploads\/2013\/11\/1.jpg\" alt=\"\" width=\"550\" height=\"367\" srcset=\"http:\/\/caballitotequiero.com.ar\/portal\/wp-content\/uploads\/2013\/11\/1.jpg 550w, http:\/\/caballitotequiero.com.ar\/portal\/wp-content\/uploads\/2013\/11\/1-300x200.jpg 300w\" sizes=\"auto, (max-width: 550px) 100vw, 550px\" \/><\/p>\n<div id=\"attachment_13101\" style=\"width: 560px\" class=\"wp-caption alignleft\"><img loading=\"lazy\" decoding=\"async\" aria-describedby=\"caption-attachment-13101\" class=\"size-full wp-image-13101\" src=\"http:\/\/caballitotequiero.com.ar\/portal\/wp-content\/uploads\/2013\/11\/2.jpg\" alt=\"\" width=\"550\" height=\"402\" srcset=\"http:\/\/caballitotequiero.com.ar\/portal\/wp-content\/uploads\/2013\/11\/2.jpg 550w, http:\/\/caballitotequiero.com.ar\/portal\/wp-content\/uploads\/2013\/11\/2-300x219.jpg 300w\" sizes=\"auto, (max-width: 550px) 100vw, 550px\" \/><p id=\"caption-attachment-13101\" class=\"wp-caption-text\">El Comisario Jos\u00e9 Mar\u00eda Mart\u00ednez junto a los Subcomisarios Guillermo Orellana y Carlos Miere<\/p><\/div>\n<div id=\"attachment_13102\" style=\"width: 560px\" class=\"wp-caption alignleft\"><img loading=\"lazy\" decoding=\"async\" aria-describedby=\"caption-attachment-13102\" class=\"size-full wp-image-13102\" src=\"http:\/\/caballitotequiero.com.ar\/portal\/wp-content\/uploads\/2013\/11\/3.jpg\" alt=\"\" width=\"550\" height=\"367\" srcset=\"http:\/\/caballitotequiero.com.ar\/portal\/wp-content\/uploads\/2013\/11\/3.jpg 550w, http:\/\/caballitotequiero.com.ar\/portal\/wp-content\/uploads\/2013\/11\/3-300x200.jpg 300w\" sizes=\"auto, (max-width: 550px) 100vw, 550px\" \/><p id=\"caption-attachment-13102\" class=\"wp-caption-text\">Abanderado y escoltas de la Comisar\u00eda 12<\/p><\/div>\n<div id=\"attachment_13103\" style=\"width: 560px\" class=\"wp-caption alignleft\"><img loading=\"lazy\" decoding=\"async\" aria-describedby=\"caption-attachment-13103\" class=\"size-full wp-image-13103\" src=\"http:\/\/caballitotequiero.com.ar\/portal\/wp-content\/uploads\/2013\/11\/4.jpg\" alt=\"\" width=\"550\" height=\"367\" srcset=\"http:\/\/caballitotequiero.com.ar\/portal\/wp-content\/uploads\/2013\/11\/4.jpg 550w, http:\/\/caballitotequiero.com.ar\/portal\/wp-content\/uploads\/2013\/11\/4-300x200.jpg 300w\" sizes=\"auto, (max-width: 550px) 100vw, 550px\" \/><p id=\"caption-attachment-13103\" class=\"wp-caption-text\">Premios y distinciones entregados al personal<\/p><\/div>\n<p><img loading=\"lazy\" decoding=\"async\" class=\"alignleft size-full wp-image-13104\" src=\"http:\/\/caballitotequiero.com.ar\/portal\/wp-content\/uploads\/2013\/11\/5.jpg\" alt=\"\" width=\"550\" height=\"367\" srcset=\"http:\/\/caballitotequiero.com.ar\/portal\/wp-content\/uploads\/2013\/11\/5.jpg 550w, http:\/\/caballitotequiero.com.ar\/portal\/wp-content\/uploads\/2013\/11\/5-300x200.jpg 300w\" sizes=\"auto, (max-width: 550px) 100vw, 550px\" \/><\/p>\n<div id=\"attachment_13105\" style=\"width: 560px\" class=\"wp-caption alignleft\"><img loading=\"lazy\" decoding=\"async\" aria-describedby=\"caption-attachment-13105\" class=\"size-full wp-image-13105\" src=\"http:\/\/caballitotequiero.com.ar\/portal\/wp-content\/uploads\/2013\/11\/6.jpg\" alt=\"\" width=\"550\" height=\"367\" srcset=\"http:\/\/caballitotequiero.com.ar\/portal\/wp-content\/uploads\/2013\/11\/6.jpg 550w, http:\/\/caballitotequiero.com.ar\/portal\/wp-content\/uploads\/2013\/11\/6-300x200.jpg 300w\" sizes=\"auto, (max-width: 550px) 100vw, 550px\" \/><p id=\"caption-attachment-13105\" class=\"wp-caption-text\">Alberto Raguzzi, presidente del Rotary Club de Caballito, entrega una de las distinciones.<\/p><\/div>\n<div id=\"attachment_13106\" style=\"width: 560px\" class=\"wp-caption alignleft\"><img loading=\"lazy\" decoding=\"async\" aria-describedby=\"caption-attachment-13106\" class=\"size-full wp-image-13106\" src=\"http:\/\/caballitotequiero.com.ar\/portal\/wp-content\/uploads\/2013\/11\/7.jpg\" alt=\"\" width=\"550\" height=\"367\" srcset=\"http:\/\/caballitotequiero.com.ar\/portal\/wp-content\/uploads\/2013\/11\/7.jpg 550w, http:\/\/caballitotequiero.com.ar\/portal\/wp-content\/uploads\/2013\/11\/7-300x200.jpg 300w\" sizes=\"auto, (max-width: 550px) 100vw, 550px\" \/><p id=\"caption-attachment-13106\" class=\"wp-caption-text\">Otro de los premios fue entregado por el Sr. An\u00edbal Fern\u00e1ndez, integrante del Rotary<\/p><\/div>\n<div id=\"attachment_13107\" style=\"width: 560px\" class=\"wp-caption alignleft\"><img loading=\"lazy\" decoding=\"async\" aria-describedby=\"caption-attachment-13107\" class=\"size-full wp-image-13107\" src=\"http:\/\/caballitotequiero.com.ar\/portal\/wp-content\/uploads\/2013\/11\/8.jpg\" alt=\"\" width=\"550\" height=\"367\" srcset=\"http:\/\/caballitotequiero.com.ar\/portal\/wp-content\/uploads\/2013\/11\/8.jpg 550w, http:\/\/caballitotequiero.com.ar\/portal\/wp-content\/uploads\/2013\/11\/8-300x200.jpg 300w\" sizes=\"auto, (max-width: 550px) 100vw, 550px\" \/><p id=\"caption-attachment-13107\" class=\"wp-caption-text\">Otro miembro rotario, Omar Mart\u00ednez, entrega un reconocimiento.<\/p><\/div>\n<div id=\"attachment_13108\" style=\"width: 560px\" class=\"wp-caption alignleft\"><img loading=\"lazy\" decoding=\"async\" aria-describedby=\"caption-attachment-13108\" class=\"size-full wp-image-13108\" src=\"http:\/\/caballitotequiero.com.ar\/portal\/wp-content\/uploads\/2013\/11\/9.jpg\" alt=\"\" width=\"550\" height=\"367\" srcset=\"http:\/\/caballitotequiero.com.ar\/portal\/wp-content\/uploads\/2013\/11\/9.jpg 550w, http:\/\/caballitotequiero.com.ar\/portal\/wp-content\/uploads\/2013\/11\/9-300x200.jpg 300w\" sizes=\"auto, (max-width: 550px) 100vw, 550px\" \/><p id=\"caption-attachment-13108\" class=\"wp-caption-text\">Nucho Principe, entrega un reconocimeinto en nombre del Mercado del Progreso.<\/p><\/div>\n<div id=\"attachment_13109\" style=\"width: 560px\" class=\"wp-caption alignleft\"><img loading=\"lazy\" decoding=\"async\" aria-describedby=\"caption-attachment-13109\" class=\"size-full wp-image-13109\" src=\"http:\/\/caballitotequiero.com.ar\/portal\/wp-content\/uploads\/2013\/11\/10.jpg\" alt=\"\" width=\"550\" height=\"367\" srcset=\"http:\/\/caballitotequiero.com.ar\/portal\/wp-content\/uploads\/2013\/11\/10.jpg 550w, http:\/\/caballitotequiero.com.ar\/portal\/wp-content\/uploads\/2013\/11\/10-300x200.jpg 300w\" sizes=\"auto, (max-width: 550px) 100vw, 550px\" \/><p id=\"caption-attachment-13109\" class=\"wp-caption-text\">Otro de los premios fue entregado por Horacio Barreriro, de la Asociaci{on Amigos de la Comisar\u00eda.<\/p><\/div>\n<p><img loading=\"lazy\" decoding=\"async\" class=\"alignleft size-full wp-image-13110\" src=\"http:\/\/caballitotequiero.com.ar\/portal\/wp-content\/uploads\/2013\/11\/11.jpg\" alt=\"\" width=\"550\" height=\"367\" srcset=\"http:\/\/caballitotequiero.com.ar\/portal\/wp-content\/uploads\/2013\/11\/11.jpg 550w, http:\/\/caballitotequiero.com.ar\/portal\/wp-content\/uploads\/2013\/11\/11-300x200.jpg 300w\" sizes=\"auto, (max-width: 550px) 100vw, 550px\" \/><img loading=\"lazy\" decoding=\"async\" class=\"alignleft size-full wp-image-13111\" src=\"http:\/\/caballitotequiero.com.ar\/portal\/wp-content\/uploads\/2013\/11\/12-a.jpg\" alt=\"\" width=\"550\" height=\"312\" srcset=\"http:\/\/caballitotequiero.com.ar\/portal\/wp-content\/uploads\/2013\/11\/12-a.jpg 550w, http:\/\/caballitotequiero.com.ar\/portal\/wp-content\/uploads\/2013\/11\/12-a-300x170.jpg 300w\" sizes=\"auto, (max-width: 550px) 100vw, 550px\" \/><img loading=\"lazy\" decoding=\"async\" class=\"alignleft size-full wp-image-13112\" src=\"http:\/\/caballitotequiero.com.ar\/portal\/wp-content\/uploads\/2013\/11\/12-b.jpg\" alt=\"\" width=\"550\" height=\"360\" srcset=\"http:\/\/caballitotequiero.com.ar\/portal\/wp-content\/uploads\/2013\/11\/12-b.jpg 550w, http:\/\/caballitotequiero.com.ar\/portal\/wp-content\/uploads\/2013\/11\/12-b-300x196.jpg 300w\" sizes=\"auto, (max-width: 550px) 100vw, 550px\" \/><\/p>\n<div id=\"attachment_13113\" style=\"width: 560px\" class=\"wp-caption alignleft\"><img loading=\"lazy\" decoding=\"async\" aria-describedby=\"caption-attachment-13113\" class=\"size-full wp-image-13113\" src=\"http:\/\/caballitotequiero.com.ar\/portal\/wp-content\/uploads\/2013\/11\/12.jpg\" alt=\"\" width=\"550\" height=\"367\" srcset=\"http:\/\/caballitotequiero.com.ar\/portal\/wp-content\/uploads\/2013\/11\/12.jpg 550w, http:\/\/caballitotequiero.com.ar\/portal\/wp-content\/uploads\/2013\/11\/12-300x200.jpg 300w\" sizes=\"auto, (max-width: 550px) 100vw, 550px\" \/><p id=\"caption-attachment-13113\" class=\"wp-caption-text\">El comisario Mart\u00ednez entrega una distinci\u00f3n al Sr. Horacio Barreiro por su desinteresada colaboraci\u00f3n con la instituci\u00f3n.<\/p><\/div>\n<p><img loading=\"lazy\" decoding=\"async\" class=\"alignleft size-full wp-image-13114\" src=\"http:\/\/caballitotequiero.com.ar\/portal\/wp-content\/uploads\/2013\/11\/13.jpg\" alt=\"\" width=\"550\" height=\"367\" srcset=\"http:\/\/caballitotequiero.com.ar\/portal\/wp-content\/uploads\/2013\/11\/13.jpg 550w, http:\/\/caballitotequiero.com.ar\/portal\/wp-content\/uploads\/2013\/11\/13-300x200.jpg 300w\" sizes=\"auto, (max-width: 550px) 100vw, 550px\" \/><\/p>\n<div id=\"attachment_13115\" style=\"width: 560px\" class=\"wp-caption alignleft\"><img loading=\"lazy\" decoding=\"async\" aria-describedby=\"caption-attachment-13115\" class=\"size-full wp-image-13115\" src=\"http:\/\/caballitotequiero.com.ar\/portal\/wp-content\/uploads\/2013\/11\/14-a.jpg\" alt=\"\" width=\"550\" height=\"367\" srcset=\"http:\/\/caballitotequiero.com.ar\/portal\/wp-content\/uploads\/2013\/11\/14-a.jpg 550w, http:\/\/caballitotequiero.com.ar\/portal\/wp-content\/uploads\/2013\/11\/14-a-300x200.jpg 300w\" sizes=\"auto, (max-width: 550px) 100vw, 550px\" \/><p id=\"caption-attachment-13115\" class=\"wp-caption-text\">Monse\u00f1or Antonio Aloisio bendijo al personal y a las distinciones otorgadas.<\/p><\/div>\n<p><img loading=\"lazy\" decoding=\"async\" class=\"alignleft size-full wp-image-13116\" src=\"http:\/\/caballitotequiero.com.ar\/portal\/wp-content\/uploads\/2013\/11\/14-b.jpg\" alt=\"\" width=\"550\" height=\"367\" srcset=\"http:\/\/caballitotequiero.com.ar\/portal\/wp-content\/uploads\/2013\/11\/14-b.jpg 550w, http:\/\/caballitotequiero.com.ar\/portal\/wp-content\/uploads\/2013\/11\/14-b-300x200.jpg 300w\" sizes=\"auto, (max-width: 550px) 100vw, 550px\" \/><\/p>\n<div id=\"attachment_13117\" style=\"width: 560px\" class=\"wp-caption alignleft\"><img loading=\"lazy\" decoding=\"async\" aria-describedby=\"caption-attachment-13117\" class=\"size-full wp-image-13117\" src=\"http:\/\/caballitotequiero.com.ar\/portal\/wp-content\/uploads\/2013\/11\/14.jpg\" alt=\"\" width=\"550\" height=\"439\" srcset=\"http:\/\/caballitotequiero.com.ar\/portal\/wp-content\/uploads\/2013\/11\/14.jpg 550w, http:\/\/caballitotequiero.com.ar\/portal\/wp-content\/uploads\/2013\/11\/14-300x239.jpg 300w\" sizes=\"auto, (max-width: 550px) 100vw, 550px\" \/><p id=\"caption-attachment-13117\" class=\"wp-caption-text\">Alberto Raguzzi, presidente del Rotary de Caballito junto a dos de las oficiales distinguidas.<\/p><\/div>\n<div id=\"attachment_13118\" style=\"width: 560px\" class=\"wp-caption alignleft\"><img loading=\"lazy\" decoding=\"async\" aria-describedby=\"caption-attachment-13118\" class=\"size-full wp-image-13118\" src=\"http:\/\/caballitotequiero.com.ar\/portal\/wp-content\/uploads\/2013\/11\/15.jpg\" alt=\"\" width=\"550\" height=\"367\" srcset=\"http:\/\/caballitotequiero.com.ar\/portal\/wp-content\/uploads\/2013\/11\/15.jpg 550w, http:\/\/caballitotequiero.com.ar\/portal\/wp-content\/uploads\/2013\/11\/15-300x200.jpg 300w\" sizes=\"auto, (max-width: 550px) 100vw, 550px\" \/><p id=\"caption-attachment-13118\" class=\"wp-caption-text\">El Comisario Jos\u00e9 Mar\u00eda Mart\u00ednez con Beatriz Oller y Ana Paulino, vecinas que participan en las reuniones de Prevenci\u00f3n del Delito.<\/p><\/div>\n<div id=\"attachment_13119\" style=\"width: 560px\" class=\"wp-caption alignleft\"><img loading=\"lazy\" decoding=\"async\" aria-describedby=\"caption-attachment-13119\" class=\"size-full wp-image-13119\" src=\"http:\/\/caballitotequiero.com.ar\/portal\/wp-content\/uploads\/2013\/11\/16.jpg\" alt=\"\" width=\"550\" height=\"367\" srcset=\"http:\/\/caballitotequiero.com.ar\/portal\/wp-content\/uploads\/2013\/11\/16.jpg 550w, http:\/\/caballitotequiero.com.ar\/portal\/wp-content\/uploads\/2013\/11\/16-300x200.jpg 300w\" sizes=\"auto, (max-width: 550px) 100vw, 550px\" \/><p id=\"caption-attachment-13119\" class=\"wp-caption-text\">Alberto Raguzzi, An\u00edbal Fern\u00e1ndez y Omar Mart\u00ednez, miembro del Rotary de Caballito<\/p><\/div>\n<div id=\"attachment_13120\" style=\"width: 560px\" class=\"wp-caption alignleft\"><img loading=\"lazy\" decoding=\"async\" aria-describedby=\"caption-attachment-13120\" class=\"size-full wp-image-13120\" src=\"http:\/\/caballitotequiero.com.ar\/portal\/wp-content\/uploads\/2013\/11\/17.jpg\" alt=\"\" width=\"550\" height=\"367\" srcset=\"http:\/\/caballitotequiero.com.ar\/portal\/wp-content\/uploads\/2013\/11\/17.jpg 550w, http:\/\/caballitotequiero.com.ar\/portal\/wp-content\/uploads\/2013\/11\/17-300x200.jpg 300w\" sizes=\"auto, (max-width: 550px) 100vw, 550px\" \/><p id=\"caption-attachment-13120\" class=\"wp-caption-text\">Marcelo Hotasegui, presidente de la Asociaci\u00f3n Caballito Puede junto a Monse\u00f1or Antonio Aloisio.<\/p><\/div>\n<div id=\"attachment_13121\" style=\"width: 560px\" class=\"wp-caption alignleft\"><img loading=\"lazy\" decoding=\"async\" aria-describedby=\"caption-attachment-13121\" class=\"size-full wp-image-13121\" src=\"http:\/\/caballitotequiero.com.ar\/portal\/wp-content\/uploads\/2013\/11\/18.jpg\" alt=\"\" width=\"550\" height=\"367\" srcset=\"http:\/\/caballitotequiero.com.ar\/portal\/wp-content\/uploads\/2013\/11\/18.jpg 550w, http:\/\/caballitotequiero.com.ar\/portal\/wp-content\/uploads\/2013\/11\/18-300x200.jpg 300w\" sizes=\"auto, (max-width: 550px) 100vw, 550px\" \/><p id=\"caption-attachment-13121\" class=\"wp-caption-text\">El Comisario Inspector Guillermo Colussi, Jefe de la Circunscripci\u00f3n 6\u00aa, junto a los mismbros de la Asociaci\u00f3n Amigos de la Comisar\u00eda 12, Horacio Barreiro, Eduardo Fern\u00e1ndez y Carlos Stefan; y Marcelo Hotasegui de la Asociaci\u00f3n Caballito Puede.<\/p><\/div>\n<div id=\"attachment_13122\" style=\"width: 560px\" class=\"wp-caption alignleft\"><img loading=\"lazy\" decoding=\"async\" aria-describedby=\"caption-attachment-13122\" class=\"size-full wp-image-13122\" src=\"http:\/\/caballitotequiero.com.ar\/portal\/wp-content\/uploads\/2013\/11\/19.jpg\" alt=\"\" width=\"550\" height=\"367\" srcset=\"http:\/\/caballitotequiero.com.ar\/portal\/wp-content\/uploads\/2013\/11\/19.jpg 550w, http:\/\/caballitotequiero.com.ar\/portal\/wp-content\/uploads\/2013\/11\/19-300x200.jpg 300w\" sizes=\"auto, (max-width: 550px) 100vw, 550px\" \/><p id=\"caption-attachment-13122\" class=\"wp-caption-text\">El Comisario Mart\u00ednez con An\u00edbal Fern\u00e1ndez y Alberto Raguzzi del Rotary Club.<\/p><\/div>\n<p><img loading=\"lazy\" decoding=\"async\" class=\"alignleft size-full wp-image-13123\" src=\"http:\/\/caballitotequiero.com.ar\/portal\/wp-content\/uploads\/2013\/11\/20.jpg\" alt=\"\" width=\"550\" height=\"367\" srcset=\"http:\/\/caballitotequiero.com.ar\/portal\/wp-content\/uploads\/2013\/11\/20.jpg 550w, http:\/\/caballitotequiero.com.ar\/portal\/wp-content\/uploads\/2013\/11\/20-300x200.jpg 300w\" sizes=\"auto, (max-width: 550px) 100vw, 550px\" \/><img loading=\"lazy\" decoding=\"async\" class=\"alignleft size-full wp-image-13124\" src=\"http:\/\/caballitotequiero.com.ar\/portal\/wp-content\/uploads\/2013\/11\/21.jpg\" alt=\"\" width=\"550\" height=\"367\" srcset=\"http:\/\/caballitotequiero.com.ar\/portal\/wp-content\/uploads\/2013\/11\/21.jpg 550w, http:\/\/caballitotequiero.com.ar\/portal\/wp-content\/uploads\/2013\/11\/21-300x200.jpg 300w\" sizes=\"auto, (max-width: 550px) 100vw, 550px\" \/><img loading=\"lazy\" decoding=\"async\" class=\"alignleft size-full wp-image-13125\" src=\"http:\/\/caballitotequiero.com.ar\/portal\/wp-content\/uploads\/2013\/11\/22.jpg\" alt=\"\" width=\"550\" height=\"367\" srcset=\"http:\/\/caballitotequiero.com.ar\/portal\/wp-content\/uploads\/2013\/11\/22.jpg 550w, http:\/\/caballitotequiero.com.ar\/portal\/wp-content\/uploads\/2013\/11\/22-300x200.jpg 300w\" sizes=\"auto, (max-width: 550px) 100vw, 550px\" \/><\/p>\n","protected":false},"excerpt":{"rendered":"<p>El viernes 1\u00ba de noviembre al mediod\u00eda,\u00a0 las autoridades y el personal de la Comisar\u00eda 12\u00aa \u00a0celebraron la Semana de la Polic\u00eda Federal. El evento tuvo lugar en el Club Portugu\u00e9s, ubicado en la Avenida Pedro Goyena al 1400. Estuvieron presentes en el acto el Comisario Inspector Guillermo Colussi, Jefe de la Circunscripci\u00f3n 6\u00aa; el [&hellip;]<\/p>\n","protected":false},"author":1,"featured_media":13127,"comment_status":"open","ping_status":"open","sticky":false,"template":"","format":"standard","meta":{"footnotes":""},"categories":[5],"tags":[],"class_list":["post-13099","post","type-post","status-publish","format-standard","has-post-thumbnail","hentry","category-noticias"],"_links":{"self":[{"href":"http:\/\/caballitotequiero.com.ar\/portal\/wp-json\/wp\/v2\/posts\/13099","targetHints":{"allow":["GET"]}}],"collection":[{"href":"http:\/\/caballitotequiero.com.ar\/portal\/wp-json\/wp\/v2\/posts"}],"about":[{"href":"http:\/\/caballitotequiero.com.ar\/portal\/wp-json\/wp\/v2\/types\/post"}],"author":[{"embeddable":true,"href":"http:\/\/caballitotequiero.com.ar\/portal\/wp-json\/wp\/v2\/users\/1"}],"replies":[{"embeddable":true,"href":"http:\/\/caballitotequiero.com.ar\/portal\/wp-json\/wp\/v2\/comments?post=13099"}],"version-history":[{"count":10,"href":"http:\/\/caballitotequiero.com.ar\/portal\/wp-json\/wp\/v2\/posts\/13099\/revisions"}],"predecessor-version":[{"id":13129,"href":"http:\/\/caballitotequiero.com.ar\/portal\/wp-json\/wp\/v2\/posts\/13099\/revisions\/13129"}],"wp:featuredmedia":[{"embeddable":true,"href":"http:\/\/caballitotequiero.com.ar\/portal\/wp-json\/wp\/v2\/media\/13127"}],"wp:attachment":[{"href":"http:\/\/caballitotequiero.com.ar\/portal\/wp-json\/wp\/v2\/media?parent=13099"}],"wp:term":[{"taxonomy":"category","embeddable":true,"href":"http:\/\/caballitotequiero.com.ar\/portal\/wp-json\/wp\/v2\/categories?post=13099"},{"taxonomy":"post_tag","embeddable":true,"href":"http:\/\/caballitotequiero.com.ar\/portal\/wp-json\/wp\/v2\/tags?post=13099"}],"curies":[{"name":"wp","href":"https:\/\/api.w.org\/{rel}","templated":true}]}}