{"id":1337,"date":"2011-04-02T00:20:04","date_gmt":"2011-04-02T03:20:04","guid":{"rendered":"http:\/\/caballitotequiero.com.ar\/portal\/?p=1337"},"modified":"2011-04-02T00:20:04","modified_gmt":"2011-04-02T03:20:04","slug":"caballito-puede-trato-el-tema-de-la-inseguridad-en-america-tv","status":"publish","type":"post","link":"http:\/\/caballitotequiero.com.ar\/portal\/2011\/04\/02\/caballito-puede-trato-el-tema-de-la-inseguridad-en-america-tv\/","title":{"rendered":"\u00abCABALLITO PUEDE\u00bb TRAT\u00d3 EL TEMA DE LA INSEGURIDAD EN AM\u00c9RICA TV"},"content":{"rendered":"<p>El viernes 1\u00ba de abril, el presidente de la Asociaci\u00f3n Civil Caballito Puede, asisti\u00f3 como invitado al programa \u201cDocumentos Am\u00e9rica\u201d, emitido por Am\u00e9rica TV a las 22.30.<\/p>\n<p>El tema tratado fue la inseguridad en el barrio de Caballito. Espec\u00edficamente el accionar de las bandas de punguistas en la zona de Acoyte y Rivadavia.<\/p>\n<p>En el programa se proyectaron tapes de un informe, elaborado hace unos meses por ese canal. All\u00ed se puedo observar como, una banda de mujeres de nacionalidad peruana, actuando con total impunidad, sustra\u00edan diversos objetos de valor de las carteras y bolsillos de los numerosos transe\u00fantes.<\/p>\n<p>Tambi\u00e9n se puedo apreciar a diversos hombres que actuaban como apoyo y cobertura de las maleantes. Muchos de ellos aparentando ser vendedores ambulantes, y hasta lisiados.<\/p>\n<p>Consultado Marcelo Hotasegui sobre el accionar de estas bandas, respondi\u00f3 que el problema es m\u00e1s complejo a\u00fan. En primer t\u00e9rmino expres\u00f3 que  el barrio de Caballito se divide en cinco jurisdicciones policiales: las comisar\u00edas 10\u00aa; 11\u00aa, 12\u00aa; 13\u00aa y la divisi\u00f3n Sarmiento de la Polic\u00eda Ferroviaria. Las distintas dependencias policiales no suelen actuar de manera conjunta y coordinada, por lo que en un sector como el de Acoyte y Rivadavia que, es l\u00ednea divisoria de cuatro seccionales, se producen puntos ciegos en el accionar preventivo policial.<\/p>\n<p>El presidente de Caballito Puede, hizo referencia a la problem\u00e1tica de seguridad existente en la zona de la Plaza Primera Junta, donde en pocas manzanas se concentran m\u00e1s de cuatro mil alumnos de distintas escuelas.<\/p>\n<p>El cont\u00ednuo accionar de los delincuentes, afecta a muchos de los ni\u00f1os y j\u00f3venes que, a distintas horas del d\u00eda se desplazan por la zona.<\/p>\n<p>Marcelo Hotasegui dio as\u00ed, un contundente y claro panorama de algunas de las realidades que sufre el barrio en materia de seguridad.<\/p>\n<p>La exposici\u00f3n televisiva de la precaria situaci\u00f3n, en cuanto a seguridad, que sufre Caballito; fue relatada por una asociaci\u00f3n vecinal que desde hace a\u00f1os trabaja por mejorarla. Es de esperar que esto movilice a quienes tienen en sus manos cumplir con sus obligaciones constitucionales.<\/p>\n<div id=\"attachment_1338\" style=\"width: 520px\" class=\"wp-caption alignleft\"><img loading=\"lazy\" decoding=\"async\" aria-describedby=\"caption-attachment-1338\" class=\"size-full wp-image-1338\" title=\"&lt;KENOX S760  \/ Samsung S760&gt;\" src=\"http:\/\/caballitotequiero.com.ar\/portal\/wp-content\/uploads\/2011\/04\/0-america-tv-0.jpg\" alt=\"\" width=\"510\" height=\"383\" srcset=\"http:\/\/caballitotequiero.com.ar\/portal\/wp-content\/uploads\/2011\/04\/0-america-tv-0.jpg 510w, http:\/\/caballitotequiero.com.ar\/portal\/wp-content\/uploads\/2011\/04\/0-america-tv-0-300x225.jpg 300w, http:\/\/caballitotequiero.com.ar\/portal\/wp-content\/uploads\/2011\/04\/0-america-tv-0-80x60.jpg 80w\" sizes=\"auto, (max-width: 510px) 100vw, 510px\" \/><p id=\"caption-attachment-1338\" class=\"wp-caption-text\">El periodista Facundo Pastor y Marcelo Hotasegui, presidente de la Asociaci\u00f3n Caballito Puede, se preparan para salir al aire<\/p><\/div>\n<p><img loading=\"lazy\" decoding=\"async\" class=\"alignleft size-full wp-image-1339\" title=\"&lt;KENOX S760  \/ Samsung S760&gt;\" src=\"http:\/\/caballitotequiero.com.ar\/portal\/wp-content\/uploads\/2011\/04\/0-america-tv-01.jpg\" alt=\"\" width=\"510\" height=\"383\" srcset=\"http:\/\/caballitotequiero.com.ar\/portal\/wp-content\/uploads\/2011\/04\/0-america-tv-01.jpg 510w, http:\/\/caballitotequiero.com.ar\/portal\/wp-content\/uploads\/2011\/04\/0-america-tv-01-300x225.jpg 300w, http:\/\/caballitotequiero.com.ar\/portal\/wp-content\/uploads\/2011\/04\/0-america-tv-01-80x60.jpg 80w\" sizes=\"auto, (max-width: 510px) 100vw, 510px\" \/><img loading=\"lazy\" decoding=\"async\" class=\"alignleft size-full wp-image-1340\" title=\"0 america tv 1\" src=\"http:\/\/caballitotequiero.com.ar\/portal\/wp-content\/uploads\/2011\/04\/0-america-tv-1.jpg\" alt=\"\" width=\"510\" height=\"392\" srcset=\"http:\/\/caballitotequiero.com.ar\/portal\/wp-content\/uploads\/2011\/04\/0-america-tv-1.jpg 510w, http:\/\/caballitotequiero.com.ar\/portal\/wp-content\/uploads\/2011\/04\/0-america-tv-1-300x230.jpg 300w, http:\/\/caballitotequiero.com.ar\/portal\/wp-content\/uploads\/2011\/04\/0-america-tv-1-80x60.jpg 80w\" sizes=\"auto, (max-width: 510px) 100vw, 510px\" \/><img loading=\"lazy\" decoding=\"async\" class=\"alignleft size-full wp-image-1341\" title=\"0 america tv 2\" src=\"http:\/\/caballitotequiero.com.ar\/portal\/wp-content\/uploads\/2011\/04\/0-america-tv-2.jpg\" alt=\"\" width=\"510\" height=\"401\" srcset=\"http:\/\/caballitotequiero.com.ar\/portal\/wp-content\/uploads\/2011\/04\/0-america-tv-2.jpg 510w, http:\/\/caballitotequiero.com.ar\/portal\/wp-content\/uploads\/2011\/04\/0-america-tv-2-300x235.jpg 300w\" sizes=\"auto, (max-width: 510px) 100vw, 510px\" \/><img loading=\"lazy\" decoding=\"async\" class=\"alignleft size-full wp-image-1342\" title=\"0 america tv 3\" src=\"http:\/\/caballitotequiero.com.ar\/portal\/wp-content\/uploads\/2011\/04\/0-america-tv-3.jpg\" alt=\"\" width=\"510\" height=\"388\" srcset=\"http:\/\/caballitotequiero.com.ar\/portal\/wp-content\/uploads\/2011\/04\/0-america-tv-3.jpg 510w, http:\/\/caballitotequiero.com.ar\/portal\/wp-content\/uploads\/2011\/04\/0-america-tv-3-300x228.jpg 300w, http:\/\/caballitotequiero.com.ar\/portal\/wp-content\/uploads\/2011\/04\/0-america-tv-3-80x60.jpg 80w\" sizes=\"auto, (max-width: 510px) 100vw, 510px\" \/><\/p>\n<div id=\"attachment_1343\" style=\"width: 520px\" class=\"wp-caption alignleft\"><img loading=\"lazy\" decoding=\"async\" aria-describedby=\"caption-attachment-1343\" class=\"size-full wp-image-1343\" title=\"0 america tv 4\" src=\"http:\/\/caballitotequiero.com.ar\/portal\/wp-content\/uploads\/2011\/04\/0-america-tv-4.jpg\" alt=\"\" width=\"510\" height=\"373\" srcset=\"http:\/\/caballitotequiero.com.ar\/portal\/wp-content\/uploads\/2011\/04\/0-america-tv-4.jpg 510w, http:\/\/caballitotequiero.com.ar\/portal\/wp-content\/uploads\/2011\/04\/0-america-tv-4-300x219.jpg 300w, http:\/\/caballitotequiero.com.ar\/portal\/wp-content\/uploads\/2011\/04\/0-america-tv-4-80x60.jpg 80w\" sizes=\"auto, (max-width: 510px) 100vw, 510px\" \/><p id=\"caption-attachment-1343\" class=\"wp-caption-text\">Un video mostr\u00f3 el accionar de los punguistas en Acoyte y Rivadavia<\/p><\/div>\n<p><img loading=\"lazy\" decoding=\"async\" class=\"alignleft size-full wp-image-1344\" title=\"0 america tv 5\" src=\"http:\/\/caballitotequiero.com.ar\/portal\/wp-content\/uploads\/2011\/04\/0-america-tv-5.jpg\" alt=\"\" width=\"510\" height=\"393\" srcset=\"http:\/\/caballitotequiero.com.ar\/portal\/wp-content\/uploads\/2011\/04\/0-america-tv-5.jpg 510w, http:\/\/caballitotequiero.com.ar\/portal\/wp-content\/uploads\/2011\/04\/0-america-tv-5-300x231.jpg 300w\" sizes=\"auto, (max-width: 510px) 100vw, 510px\" \/><\/p>\n<div id=\"attachment_1345\" style=\"width: 520px\" class=\"wp-caption alignleft\"><img loading=\"lazy\" decoding=\"async\" aria-describedby=\"caption-attachment-1345\" class=\"size-full wp-image-1345\" title=\"0 america tv 6\" src=\"http:\/\/caballitotequiero.com.ar\/portal\/wp-content\/uploads\/2011\/04\/0-america-tv-6.jpg\" alt=\"\" width=\"510\" height=\"400\" srcset=\"http:\/\/caballitotequiero.com.ar\/portal\/wp-content\/uploads\/2011\/04\/0-america-tv-6.jpg 510w, http:\/\/caballitotequiero.com.ar\/portal\/wp-content\/uploads\/2011\/04\/0-america-tv-6-300x235.jpg 300w\" sizes=\"auto, (max-width: 510px) 100vw, 510px\" \/><p id=\"caption-attachment-1345\" class=\"wp-caption-text\">Finalmente la filmaci\u00f3n muestra el momento en que llega la polic\u00eda a detener a las ladronas.<\/p><\/div>\n<p><img loading=\"lazy\" decoding=\"async\" class=\"alignleft size-full wp-image-1346\" title=\"0 america tv 7\" src=\"http:\/\/caballitotequiero.com.ar\/portal\/wp-content\/uploads\/2011\/04\/0-america-tv-7.jpg\" alt=\"\" width=\"510\" height=\"395\" srcset=\"http:\/\/caballitotequiero.com.ar\/portal\/wp-content\/uploads\/2011\/04\/0-america-tv-7.jpg 510w, http:\/\/caballitotequiero.com.ar\/portal\/wp-content\/uploads\/2011\/04\/0-america-tv-7-300x232.jpg 300w\" sizes=\"auto, (max-width: 510px) 100vw, 510px\" \/><\/p>\n<div id=\"attachment_1347\" style=\"width: 520px\" class=\"wp-caption alignleft\"><img loading=\"lazy\" decoding=\"async\" aria-describedby=\"caption-attachment-1347\" class=\"size-full wp-image-1347\" title=\"0 america tv 8\" src=\"http:\/\/caballitotequiero.com.ar\/portal\/wp-content\/uploads\/2011\/04\/0-america-tv-8.jpg\" alt=\"\" width=\"510\" height=\"399\" srcset=\"http:\/\/caballitotequiero.com.ar\/portal\/wp-content\/uploads\/2011\/04\/0-america-tv-8.jpg 510w, http:\/\/caballitotequiero.com.ar\/portal\/wp-content\/uploads\/2011\/04\/0-america-tv-8-300x234.jpg 300w\" sizes=\"auto, (max-width: 510px) 100vw, 510px\" \/><p id=\"caption-attachment-1347\" class=\"wp-caption-text\">Hotasegui fue consultado por Am\u00e9rica TV sobre la situaci\u00f3n actual y la inseguridad en Caballito<\/p><\/div>\n<p><img loading=\"lazy\" decoding=\"async\" class=\"alignleft size-full wp-image-1348\" title=\"0 america tv 9\" src=\"http:\/\/caballitotequiero.com.ar\/portal\/wp-content\/uploads\/2011\/04\/0-america-tv-9.jpg\" alt=\"\" width=\"510\" height=\"395\" srcset=\"http:\/\/caballitotequiero.com.ar\/portal\/wp-content\/uploads\/2011\/04\/0-america-tv-9.jpg 510w, http:\/\/caballitotequiero.com.ar\/portal\/wp-content\/uploads\/2011\/04\/0-america-tv-9-300x232.jpg 300w\" sizes=\"auto, (max-width: 510px) 100vw, 510px\" \/><\/p>\n<div id=\"attachment_1349\" style=\"width: 520px\" class=\"wp-caption alignleft\"><img loading=\"lazy\" decoding=\"async\" aria-describedby=\"caption-attachment-1349\" class=\"size-full wp-image-1349\" title=\"0 america tv 10\" src=\"http:\/\/caballitotequiero.com.ar\/portal\/wp-content\/uploads\/2011\/04\/0-america-tv-10.jpg\" alt=\"\" width=\"510\" height=\"374\" srcset=\"http:\/\/caballitotequiero.com.ar\/portal\/wp-content\/uploads\/2011\/04\/0-america-tv-10.jpg 510w, http:\/\/caballitotequiero.com.ar\/portal\/wp-content\/uploads\/2011\/04\/0-america-tv-10-300x220.jpg 300w, http:\/\/caballitotequiero.com.ar\/portal\/wp-content\/uploads\/2011\/04\/0-america-tv-10-80x60.jpg 80w\" sizes=\"auto, (max-width: 510px) 100vw, 510px\" \/><p id=\"caption-attachment-1349\" class=\"wp-caption-text\">Luego de casi media hora de exposici\u00f3n finaliz\u00f3 el programa &quot;Documentos Am\u00e9rica&quot;.<\/p><\/div>\n","protected":false},"excerpt":{"rendered":"<p>El viernes 1\u00ba de abril, el presidente de la Asociaci\u00f3n Civil Caballito Puede, asisti\u00f3 como invitado al programa \u201cDocumentos Am\u00e9rica\u201d, emitido por Am\u00e9rica TV a las 22.30. El tema tratado fue la inseguridad en el barrio de Caballito. Espec\u00edficamente el accionar de las bandas de punguistas en la zona de Acoyte y Rivadavia. En el [&hellip;]<\/p>\n","protected":false},"author":1,"featured_media":1350,"comment_status":"open","ping_status":"open","sticky":false,"template":"","format":"standard","meta":{"footnotes":""},"categories":[5],"tags":[],"class_list":["post-1337","post","type-post","status-publish","format-standard","has-post-thumbnail","hentry","category-noticias"],"_links":{"self":[{"href":"http:\/\/caballitotequiero.com.ar\/portal\/wp-json\/wp\/v2\/posts\/1337","targetHints":{"allow":["GET"]}}],"collection":[{"href":"http:\/\/caballitotequiero.com.ar\/portal\/wp-json\/wp\/v2\/posts"}],"about":[{"href":"http:\/\/caballitotequiero.com.ar\/portal\/wp-json\/wp\/v2\/types\/post"}],"author":[{"embeddable":true,"href":"http:\/\/caballitotequiero.com.ar\/portal\/wp-json\/wp\/v2\/users\/1"}],"replies":[{"embeddable":true,"href":"http:\/\/caballitotequiero.com.ar\/portal\/wp-json\/wp\/v2\/comments?post=1337"}],"version-history":[{"count":1,"href":"http:\/\/caballitotequiero.com.ar\/portal\/wp-json\/wp\/v2\/posts\/1337\/revisions"}],"predecessor-version":[{"id":1351,"href":"http:\/\/caballitotequiero.com.ar\/portal\/wp-json\/wp\/v2\/posts\/1337\/revisions\/1351"}],"wp:featuredmedia":[{"embeddable":true,"href":"http:\/\/caballitotequiero.com.ar\/portal\/wp-json\/wp\/v2\/media\/1350"}],"wp:attachment":[{"href":"http:\/\/caballitotequiero.com.ar\/portal\/wp-json\/wp\/v2\/media?parent=1337"}],"wp:term":[{"taxonomy":"category","embeddable":true,"href":"http:\/\/caballitotequiero.com.ar\/portal\/wp-json\/wp\/v2\/categories?post=1337"},{"taxonomy":"post_tag","embeddable":true,"href":"http:\/\/caballitotequiero.com.ar\/portal\/wp-json\/wp\/v2\/tags?post=1337"}],"curies":[{"name":"wp","href":"https:\/\/api.w.org\/{rel}","templated":true}]}}