{"id":1447,"date":"2011-04-14T00:34:07","date_gmt":"2011-04-14T03:34:07","guid":{"rendered":"http:\/\/caballitotequiero.com.ar\/portal\/?p=1447"},"modified":"2011-04-14T00:34:41","modified_gmt":"2011-04-14T03:34:41","slug":"comenzo-una-demorada-obra-escolar","status":"publish","type":"post","link":"http:\/\/caballitotequiero.com.ar\/portal\/2011\/04\/14\/comenzo-una-demorada-obra-escolar\/","title":{"rendered":"COMENZ\u00d3 UNA DEMORADA OBRA ESCOLAR"},"content":{"rendered":"<p>Luego de una d\u00e9cada y, tras  la inacci\u00f3n de diversas administraciones en el GCABA, comenz\u00f3 la construcci\u00f3n del edificio para la Escuela de Educaci\u00f3n Especial N\u00ba 34 \u201cGeneral San Mart\u00edn\u201d.<\/p>\n<p>El 06 de julio del 2001 se promulg\u00f3 la Ley 599\/01. La misma fue incumplida hasta el mes de marzo del 2011, cuando la actual gesti\u00f3n del Gobierno de la Ciudad, comenz\u00f3 las obras de la nueva escuela.<\/p>\n<p>La construcci\u00f3n est\u00e1 ubicada en la calle Colpayo al 146, entre Yerbal y el tendido del ferrocarril Sarmiento.<\/p>\n<p>El presupuesto asignado, para la obra, por el Ministerio de Educaci\u00f3n es de $ 6.723.966,40<\/p>\n<p>A trav\u00e9s del tiempo, fueron muchos los reclamos de la comunidad educativa de la Escuela \u201cGral. San Mart\u00edn\u201d, incluso, muchos de ellos cortaron la calle Yerbal en se\u00f1al de protesta.<\/p>\n<p>La Escuela ocupa en la actualidad la propiedad de la avenida Independencia 2949.<\/p>\n<p>El predio de la calle Colpayo, con acceso por Yerbal 741, perteneci\u00f3, originalmente al ferrocarril Sarmiento, con posterioridad fue ocupado de manera ilegal por un estacionamiento privado. El mismo fue desalojado en marzo del a\u00f1o 2005,y el terreno fue restituido a la Secretar\u00eda de Educaci\u00f3n del GCABA.<\/p>\n<p>Transitoriamente, en parte del predio, funciona una base de ambulancias del SAME, la que fue inaugurada en el mes de julio de 2010 mediante la acci\u00f3n mancomunada del Ministerio de Salud, el CGPC 6 y la Asociaci\u00f3n Civil Caballito Puede.<\/p>\n<p>La Escuela de Educaci\u00f3n Especial N\u00ba 34 \u201cGeneral San Mart\u00edn\u201d, data del a\u00f1o 1939. E s una instituci\u00f3n dedicada desde hace m\u00e1s de 70 a\u00f1os a la rehabilitaci\u00f3n, capacitaci\u00f3n, y contenci\u00f3n de personas j\u00f3venes y adultos ciegos y\/o con disminuci\u00f3n visual.<\/p>\n<p><img loading=\"lazy\" decoding=\"async\" class=\"alignleft size-full wp-image-1448\" title=\"0 escuela san martin para ciegos 2\" src=\"http:\/\/caballitotequiero.com.ar\/portal\/wp-content\/uploads\/2011\/04\/0-escuela-san-martin-para-ciegos-2.jpg\" alt=\"\" width=\"510\" height=\"383\" srcset=\"http:\/\/caballitotequiero.com.ar\/portal\/wp-content\/uploads\/2011\/04\/0-escuela-san-martin-para-ciegos-2.jpg 510w, http:\/\/caballitotequiero.com.ar\/portal\/wp-content\/uploads\/2011\/04\/0-escuela-san-martin-para-ciegos-2-300x225.jpg 300w, http:\/\/caballitotequiero.com.ar\/portal\/wp-content\/uploads\/2011\/04\/0-escuela-san-martin-para-ciegos-2-80x60.jpg 80w\" sizes=\"auto, (max-width: 510px) 100vw, 510px\" \/><img loading=\"lazy\" decoding=\"async\" class=\"alignleft size-full wp-image-1449\" title=\"0 escuela san martin para ciegos 1\" src=\"http:\/\/caballitotequiero.com.ar\/portal\/wp-content\/uploads\/2011\/04\/0-escuela-san-martin-para-ciegos-1.jpg\" alt=\"\" width=\"510\" height=\"383\" srcset=\"http:\/\/caballitotequiero.com.ar\/portal\/wp-content\/uploads\/2011\/04\/0-escuela-san-martin-para-ciegos-1.jpg 510w, http:\/\/caballitotequiero.com.ar\/portal\/wp-content\/uploads\/2011\/04\/0-escuela-san-martin-para-ciegos-1-300x225.jpg 300w, http:\/\/caballitotequiero.com.ar\/portal\/wp-content\/uploads\/2011\/04\/0-escuela-san-martin-para-ciegos-1-80x60.jpg 80w\" sizes=\"auto, (max-width: 510px) 100vw, 510px\" \/><img loading=\"lazy\" decoding=\"async\" class=\"alignleft size-full wp-image-1450\" title=\"0 escuela san martin para ciegos 3\" src=\"http:\/\/caballitotequiero.com.ar\/portal\/wp-content\/uploads\/2011\/04\/0-escuela-san-martin-para-ciegos-3.jpg\" alt=\"\" width=\"510\" height=\"383\" srcset=\"http:\/\/caballitotequiero.com.ar\/portal\/wp-content\/uploads\/2011\/04\/0-escuela-san-martin-para-ciegos-3.jpg 510w, http:\/\/caballitotequiero.com.ar\/portal\/wp-content\/uploads\/2011\/04\/0-escuela-san-martin-para-ciegos-3-300x225.jpg 300w, http:\/\/caballitotequiero.com.ar\/portal\/wp-content\/uploads\/2011\/04\/0-escuela-san-martin-para-ciegos-3-80x60.jpg 80w\" sizes=\"auto, (max-width: 510px) 100vw, 510px\" \/><\/p>\n","protected":false},"excerpt":{"rendered":"<p>Luego de una d\u00e9cada y, tras la inacci\u00f3n de diversas administraciones en el GCABA, comenz\u00f3 la construcci\u00f3n del edificio para la Escuela de Educaci\u00f3n Especial N\u00ba 34 \u201cGeneral San Mart\u00edn\u201d. El 06 de julio del 2001 se promulg\u00f3 la Ley 599\/01. La misma fue incumplida hasta el mes de marzo del 2011, cuando la actual [&hellip;]<\/p>\n","protected":false},"author":1,"featured_media":1451,"comment_status":"open","ping_status":"open","sticky":false,"template":"","format":"standard","meta":{"footnotes":""},"categories":[5],"tags":[],"class_list":["post-1447","post","type-post","status-publish","format-standard","has-post-thumbnail","hentry","category-noticias"],"_links":{"self":[{"href":"http:\/\/caballitotequiero.com.ar\/portal\/wp-json\/wp\/v2\/posts\/1447","targetHints":{"allow":["GET"]}}],"collection":[{"href":"http:\/\/caballitotequiero.com.ar\/portal\/wp-json\/wp\/v2\/posts"}],"about":[{"href":"http:\/\/caballitotequiero.com.ar\/portal\/wp-json\/wp\/v2\/types\/post"}],"author":[{"embeddable":true,"href":"http:\/\/caballitotequiero.com.ar\/portal\/wp-json\/wp\/v2\/users\/1"}],"replies":[{"embeddable":true,"href":"http:\/\/caballitotequiero.com.ar\/portal\/wp-json\/wp\/v2\/comments?post=1447"}],"version-history":[{"count":2,"href":"http:\/\/caballitotequiero.com.ar\/portal\/wp-json\/wp\/v2\/posts\/1447\/revisions"}],"predecessor-version":[{"id":1453,"href":"http:\/\/caballitotequiero.com.ar\/portal\/wp-json\/wp\/v2\/posts\/1447\/revisions\/1453"}],"wp:featuredmedia":[{"embeddable":true,"href":"http:\/\/caballitotequiero.com.ar\/portal\/wp-json\/wp\/v2\/media\/1451"}],"wp:attachment":[{"href":"http:\/\/caballitotequiero.com.ar\/portal\/wp-json\/wp\/v2\/media?parent=1447"}],"wp:term":[{"taxonomy":"category","embeddable":true,"href":"http:\/\/caballitotequiero.com.ar\/portal\/wp-json\/wp\/v2\/categories?post=1447"},{"taxonomy":"post_tag","embeddable":true,"href":"http:\/\/caballitotequiero.com.ar\/portal\/wp-json\/wp\/v2\/tags?post=1447"}],"curies":[{"name":"wp","href":"https:\/\/api.w.org\/{rel}","templated":true}]}}