{"id":1466,"date":"2011-04-14T01:21:20","date_gmt":"2011-04-14T04:21:20","guid":{"rendered":"http:\/\/caballitotequiero.com.ar\/portal\/?p=1466"},"modified":"2011-04-14T01:41:51","modified_gmt":"2011-04-14T04:41:51","slug":"le-pintaron-la-cola-a-la-catalana","status":"publish","type":"post","link":"http:\/\/caballitotequiero.com.ar\/portal\/2011\/04\/14\/le-pintaron-la-cola-a-la-catalana\/","title":{"rendered":"LE PINTARON LA COLA A \u00abLA CATALANA\u00bb"},"content":{"rendered":"<p>La albura, toda pureza e inocencia de los gl\u00fateos de La Doncella, mejor conocida como \u201cFuente Catalana\u201d, fue mancillada, que no violada (aun), por manos an\u00f3nimas.<\/p>\n<p>Desde su re inauguraci\u00f3n, en febrero de 2010, la recuperada escultura no hab\u00eda sufrido ninguna agresi\u00f3n. Con la, poco recatada, excepci\u00f3n de las miradas libidinosas de aquellos especimenes masculinos que, ingresan al Parque Rivadavia por la calle Rosario. Miradas que, al fin, tan s\u00f3lo son miradas, condimentadas, quiz\u00e1, con algunas adolescentes fantas\u00edas y otras ger\u00f3nticas nostalgias.<\/p>\n<p>Lo concreto es que, el m\u00e1rmol mantuvo su blancura y el arte de Josep Llimona luc\u00eda en todo su esplendor.<\/p>\n<p>Pero, no pod\u00edan faltar los v\u00e1ndalos que, movidos sin duda, por alg\u00fan problema de impotencia, estamparon sus negros graffittis en las redondeces de la doncella.<\/p>\n<p>M\u00e1s cercanos a la incontinencia y al onanismo que, a una expresi\u00f3n art\u00edstico- cultural, destruyeron el equilibrio y la poes\u00eda formal de la estatua.<\/p>\n<p>Pero el atentado encierra, en si mismo, un misterio. Si las puertas del Parque Rivadavia se cierran a partirde las 21.00. Si quienes lo vigilan se aseguran que nadie pernocte en \u00e9l \u2026 \u00bfQui\u00e9nes ensuciaron a la doncella?<\/p>\n<p>Los prejuicios tan t\u00edpicos de la clase media caballitense, disparar\u00e1n una respuesta inmediata: \u00a1Los indigentes! \u00a1Los que pululan por los alrededores del Parque!<\/p>\n<p>\u00a1No! A no confundirse, las m\u00e1ximas expresiones gr\u00e1ficas de que esos desdichados son capaces, no pasan de un escueto \u00a1Biva Boka!, plasmado con tiza o carb\u00f3n en alg\u00fan muro que, les sirve de refugio en la noche.<\/p>\n<p>\u00a1No! Los autores de la tropel\u00eda no duermen a la intemperie. No mendigan monedas o comida en la puerta del Shopping. Son contenidas, consentidas, abrigadas, mal criadas y, bien alimentadas, bestias de clase media caballitense.<\/p>\n<p>Esos \u201cnenes de mam\u00e1\u201d, cursantes en alguna escuela cercana, incluso instituciones privadas. Posibles concurrentes, los domingos, a misa en alguna de las parroquias del barrio.<\/p>\n<p>Esos \u201cangelitos\u201d con <em>skate<\/em> fueron los v\u00e1ndalos de marras.<\/p>\n<p>La otra inc\u00f3gnita, ya que el aberrante hecho tuvo que ser cometido a plena luz del d\u00eda, es:<\/p>\n<p>\u00bfC\u00f3mo la disuasoria presencia de las cuidadoras del Parque, no lo pudo evitar?<\/p>\n<p>Sobre todo que la estatua, se encuentra a escasos metros del centro de operaciones guardianeril. Si hasta, entre mate y mate, deben echarle un vistazo a la Catalana.<\/p>\n<p>\u00bfSer\u00e1 por qu\u00e9, en sus recorridas van de a tres? Por l\u00f3gica, distribuirse de a una por el parque, para cuidar mayor espacio, no tiene el aliciente de una buena charla compartida.<\/p>\n<p>Ahora a limpiar la estatua. Tarea de la que se tendr\u00e1 que encargar la Direcci\u00f3n de Monumentos y Obras de Arte del GCABA, ya que la limpieza debe hacerse con el cuidado que el m\u00e1rmol y una obra de arte requieren.<\/p>\n<p>Mientras tanto, las iniciales negras, sobre los gl\u00fateos blancos, son una tentaci\u00f3n para los graffitteros, adorables adolescentes, amados por sus papis y, merecedores de una buena pateadura, all\u00ed donde pintaron a la estatua.<\/p>\n<div id=\"attachment_1469\" style=\"width: 520px\" class=\"wp-caption alignleft\"><img loading=\"lazy\" decoding=\"async\" aria-describedby=\"caption-attachment-1469\" class=\"size-full wp-image-1469\" title=\"0 fuente catalana 3\" src=\"http:\/\/caballitotequiero.com.ar\/portal\/wp-content\/uploads\/2011\/04\/0-fuente-catalana-3.jpg\" alt=\"\" width=\"510\" height=\"383\" srcset=\"http:\/\/caballitotequiero.com.ar\/portal\/wp-content\/uploads\/2011\/04\/0-fuente-catalana-3.jpg 510w, http:\/\/caballitotequiero.com.ar\/portal\/wp-content\/uploads\/2011\/04\/0-fuente-catalana-3-300x225.jpg 300w, http:\/\/caballitotequiero.com.ar\/portal\/wp-content\/uploads\/2011\/04\/0-fuente-catalana-3-80x60.jpg 80w\" sizes=\"auto, (max-width: 510px) 100vw, 510px\" \/><p id=\"caption-attachment-1469\" class=\"wp-caption-text\">Las guardianas en alegre charla...<\/p><\/div>\n<p><img loading=\"lazy\" decoding=\"async\" class=\"alignleft size-full wp-image-1467\" title=\"0 fuente catalana 1\" src=\"http:\/\/caballitotequiero.com.ar\/portal\/wp-content\/uploads\/2011\/04\/0-fuente-catalana-1.jpg\" alt=\"\" width=\"510\" height=\"383\" srcset=\"http:\/\/caballitotequiero.com.ar\/portal\/wp-content\/uploads\/2011\/04\/0-fuente-catalana-1.jpg 510w, http:\/\/caballitotequiero.com.ar\/portal\/wp-content\/uploads\/2011\/04\/0-fuente-catalana-1-300x225.jpg 300w, http:\/\/caballitotequiero.com.ar\/portal\/wp-content\/uploads\/2011\/04\/0-fuente-catalana-1-80x60.jpg 80w\" sizes=\"auto, (max-width: 510px) 100vw, 510px\" \/><img loading=\"lazy\" decoding=\"async\" class=\"alignleft size-full wp-image-1468\" title=\"0 fuente catalana 2\" src=\"http:\/\/caballitotequiero.com.ar\/portal\/wp-content\/uploads\/2011\/04\/0-fuente-catalana-2.jpg\" alt=\"\" width=\"510\" height=\"383\" srcset=\"http:\/\/caballitotequiero.com.ar\/portal\/wp-content\/uploads\/2011\/04\/0-fuente-catalana-2.jpg 510w, http:\/\/caballitotequiero.com.ar\/portal\/wp-content\/uploads\/2011\/04\/0-fuente-catalana-2-300x225.jpg 300w, http:\/\/caballitotequiero.com.ar\/portal\/wp-content\/uploads\/2011\/04\/0-fuente-catalana-2-80x60.jpg 80w\" sizes=\"auto, (max-width: 510px) 100vw, 510px\" \/><\/p>\n","protected":false},"excerpt":{"rendered":"<p>La albura, toda pureza e inocencia de los gl\u00fateos de La Doncella, mejor conocida como \u201cFuente Catalana\u201d, fue mancillada, que no violada (aun), por manos an\u00f3nimas. Desde su re inauguraci\u00f3n, en febrero de 2010, la recuperada escultura no hab\u00eda sufrido ninguna agresi\u00f3n. Con la, poco recatada, excepci\u00f3n de las miradas libidinosas de aquellos especimenes masculinos [&hellip;]<\/p>\n","protected":false},"author":1,"featured_media":1470,"comment_status":"open","ping_status":"open","sticky":false,"template":"","format":"standard","meta":{"footnotes":""},"categories":[5],"tags":[],"class_list":["post-1466","post","type-post","status-publish","format-standard","has-post-thumbnail","hentry","category-noticias"],"_links":{"self":[{"href":"http:\/\/caballitotequiero.com.ar\/portal\/wp-json\/wp\/v2\/posts\/1466","targetHints":{"allow":["GET"]}}],"collection":[{"href":"http:\/\/caballitotequiero.com.ar\/portal\/wp-json\/wp\/v2\/posts"}],"about":[{"href":"http:\/\/caballitotequiero.com.ar\/portal\/wp-json\/wp\/v2\/types\/post"}],"author":[{"embeddable":true,"href":"http:\/\/caballitotequiero.com.ar\/portal\/wp-json\/wp\/v2\/users\/1"}],"replies":[{"embeddable":true,"href":"http:\/\/caballitotequiero.com.ar\/portal\/wp-json\/wp\/v2\/comments?post=1466"}],"version-history":[{"count":2,"href":"http:\/\/caballitotequiero.com.ar\/portal\/wp-json\/wp\/v2\/posts\/1466\/revisions"}],"predecessor-version":[{"id":1472,"href":"http:\/\/caballitotequiero.com.ar\/portal\/wp-json\/wp\/v2\/posts\/1466\/revisions\/1472"}],"wp:featuredmedia":[{"embeddable":true,"href":"http:\/\/caballitotequiero.com.ar\/portal\/wp-json\/wp\/v2\/media\/1470"}],"wp:attachment":[{"href":"http:\/\/caballitotequiero.com.ar\/portal\/wp-json\/wp\/v2\/media?parent=1466"}],"wp:term":[{"taxonomy":"category","embeddable":true,"href":"http:\/\/caballitotequiero.com.ar\/portal\/wp-json\/wp\/v2\/categories?post=1466"},{"taxonomy":"post_tag","embeddable":true,"href":"http:\/\/caballitotequiero.com.ar\/portal\/wp-json\/wp\/v2\/tags?post=1466"}],"curies":[{"name":"wp","href":"https:\/\/api.w.org\/{rel}","templated":true}]}}