{"id":1477,"date":"2011-04-15T21:04:02","date_gmt":"2011-04-16T00:04:02","guid":{"rendered":"http:\/\/caballitotequiero.com.ar\/portal\/?p=1477"},"modified":"2011-04-15T21:04:02","modified_gmt":"2011-04-16T00:04:02","slug":"nuevo-local-del-movimiento-libres-del-sur-en-caballito","status":"publish","type":"post","link":"http:\/\/caballitotequiero.com.ar\/portal\/2011\/04\/15\/nuevo-local-del-movimiento-libres-del-sur-en-caballito\/","title":{"rendered":"NUEVO LOCAL DEL MOVIMIENTO LIBRES DEL SUR EN CABALLITO"},"content":{"rendered":"<p>El Movimiento Libres del Sur informa que el pr\u00f3ximo mi\u00e9rcoles 20 de abril, a las 19.30 hs inaugurar\u00e1 un local en el barrio de Caballito en la calle Campichuelo 395.<\/p>\n<p>La invitaci\u00f3n est\u00e1 dirigida a todos los vecinos, amigos y simpatizantes que deseen acercarse.<\/p>\n<p><img loading=\"lazy\" decoding=\"async\" class=\"alignleft size-full wp-image-1478\" title=\"invitaci\u00f3n libres del sur\" src=\"http:\/\/caballitotequiero.com.ar\/portal\/wp-content\/uploads\/2011\/04\/invitaci\u00f3n-libres-del-sur.jpg\" alt=\"\" width=\"510\" height=\"314\" srcset=\"http:\/\/caballitotequiero.com.ar\/portal\/wp-content\/uploads\/2011\/04\/invitaci\u00f3n-libres-del-sur.jpg 510w, http:\/\/caballitotequiero.com.ar\/portal\/wp-content\/uploads\/2011\/04\/invitaci\u00f3n-libres-del-sur-300x184.jpg 300w, http:\/\/caballitotequiero.com.ar\/portal\/wp-content\/uploads\/2011\/04\/invitaci\u00f3n-libres-del-sur-160x100.jpg 160w\" sizes=\"auto, (max-width: 510px) 100vw, 510px\" \/><\/p>\n","protected":false},"excerpt":{"rendered":"<p>El Movimiento Libres del Sur informa que el pr\u00f3ximo mi\u00e9rcoles 20 de abril, a las 19.30 hs inaugurar\u00e1 un local en el barrio de Caballito en la calle Campichuelo 395. La invitaci\u00f3n est\u00e1 dirigida a todos los vecinos, amigos y simpatizantes que deseen acercarse.<\/p>\n","protected":false},"author":1,"featured_media":1479,"comment_status":"open","ping_status":"open","sticky":false,"template":"","format":"standard","meta":{"footnotes":""},"categories":[5],"tags":[],"class_list":["post-1477","post","type-post","status-publish","format-standard","has-post-thumbnail","hentry","category-noticias"],"_links":{"self":[{"href":"http:\/\/caballitotequiero.com.ar\/portal\/wp-json\/wp\/v2\/posts\/1477","targetHints":{"allow":["GET"]}}],"collection":[{"href":"http:\/\/caballitotequiero.com.ar\/portal\/wp-json\/wp\/v2\/posts"}],"about":[{"href":"http:\/\/caballitotequiero.com.ar\/portal\/wp-json\/wp\/v2\/types\/post"}],"author":[{"embeddable":true,"href":"http:\/\/caballitotequiero.com.ar\/portal\/wp-json\/wp\/v2\/users\/1"}],"replies":[{"embeddable":true,"href":"http:\/\/caballitotequiero.com.ar\/portal\/wp-json\/wp\/v2\/comments?post=1477"}],"version-history":[{"count":1,"href":"http:\/\/caballitotequiero.com.ar\/portal\/wp-json\/wp\/v2\/posts\/1477\/revisions"}],"predecessor-version":[{"id":1480,"href":"http:\/\/caballitotequiero.com.ar\/portal\/wp-json\/wp\/v2\/posts\/1477\/revisions\/1480"}],"wp:featuredmedia":[{"embeddable":true,"href":"http:\/\/caballitotequiero.com.ar\/portal\/wp-json\/wp\/v2\/media\/1479"}],"wp:attachment":[{"href":"http:\/\/caballitotequiero.com.ar\/portal\/wp-json\/wp\/v2\/media?parent=1477"}],"wp:term":[{"taxonomy":"category","embeddable":true,"href":"http:\/\/caballitotequiero.com.ar\/portal\/wp-json\/wp\/v2\/categories?post=1477"},{"taxonomy":"post_tag","embeddable":true,"href":"http:\/\/caballitotequiero.com.ar\/portal\/wp-json\/wp\/v2\/tags?post=1477"}],"curies":[{"name":"wp","href":"https:\/\/api.w.org\/{rel}","templated":true}]}}