{"id":1481,"date":"2011-04-15T22:25:16","date_gmt":"2011-04-16T01:25:16","guid":{"rendered":"http:\/\/caballitotequiero.com.ar\/portal\/?p=1481"},"modified":"2011-04-15T22:25:16","modified_gmt":"2011-04-16T01:25:16","slug":"una-vecina-de-caballito-recibio-una-distincion-a-las-mujeres-destacadas","status":"publish","type":"post","link":"http:\/\/caballitotequiero.com.ar\/portal\/2011\/04\/15\/una-vecina-de-caballito-recibio-una-distincion-a-las-mujeres-destacadas\/","title":{"rendered":"UNA VECINA DE CABALLITO RECIBI\u00d3 UNA DISTINCI\u00d3N A LAS MUJERES DESTACADAS"},"content":{"rendered":"<p>El viernes 15 de abril a las 19 hs, la Secretar\u00eda de la Mujer del PRO Capital, realiz\u00f3 un encuentro de Mujeres de Comunas. El mismo tuvo lugar en la Asociaci\u00f3n Espa\u00f1ola de Socorros Mutuos de San Jos\u00e9 de Flores.<\/p>\n<p>Entre otros funcionarios, asistieron Liliana Iamurri, Secretaria de la Mujer; Raquel Herrera, Legisladora Porte\u00f1a; Guillermo Pe\u00f1a, Director del CGPC 7 y, autoridades de varios CGPCs.<\/p>\n<p>El acto dio comienzo con la proyecci\u00f3n de un audiovisual referido al tema Comunas.<\/p>\n<p>Durante el evento Liliana Iamurri destac\u00f3 la participaci\u00f3n y trabajo de diferentes mujeres que se destacaron por su trabajo en diferentes barrios.<\/p>\n<p>Por la Comuna 6 (Caballito), fue premiada la Sra. Liliana Fuente, quien mereci\u00f3 una menci\u00f3n especial por su compromiso y permanente labor en beneficio del barrio, lo que la distingue como vecina.<\/p>\n<p>Liliana Fuente agradeci\u00f3 a las autoridades este reconocimiento y manifest\u00f3 que esta distinci\u00f3n, la compromete a seguir trabajando cada vez m\u00e1s por su barrio.<\/p>\n<p><img loading=\"lazy\" decoding=\"async\" class=\"alignleft size-full wp-image-1482\" title=\"mujeres pro 0\" src=\"http:\/\/caballitotequiero.com.ar\/portal\/wp-content\/uploads\/2011\/04\/mujeres-pro-0.jpg\" alt=\"\" width=\"510\" height=\"601\" srcset=\"http:\/\/caballitotequiero.com.ar\/portal\/wp-content\/uploads\/2011\/04\/mujeres-pro-0.jpg 510w, http:\/\/caballitotequiero.com.ar\/portal\/wp-content\/uploads\/2011\/04\/mujeres-pro-0-254x300.jpg 254w\" sizes=\"auto, (max-width: 510px) 100vw, 510px\" \/><\/p>\n<div id=\"attachment_1483\" style=\"width: 520px\" class=\"wp-caption alignleft\"><img loading=\"lazy\" decoding=\"async\" aria-describedby=\"caption-attachment-1483\" class=\"size-full wp-image-1483\" title=\"mujeres pro 1\" src=\"http:\/\/caballitotequiero.com.ar\/portal\/wp-content\/uploads\/2011\/04\/mujeres-pro-1.jpg\" alt=\"\" width=\"510\" height=\"383\" srcset=\"http:\/\/caballitotequiero.com.ar\/portal\/wp-content\/uploads\/2011\/04\/mujeres-pro-1.jpg 510w, http:\/\/caballitotequiero.com.ar\/portal\/wp-content\/uploads\/2011\/04\/mujeres-pro-1-300x225.jpg 300w, http:\/\/caballitotequiero.com.ar\/portal\/wp-content\/uploads\/2011\/04\/mujeres-pro-1-80x60.jpg 80w\" sizes=\"auto, (max-width: 510px) 100vw, 510px\" \/><p id=\"caption-attachment-1483\" class=\"wp-caption-text\">Liliana Fuente recibe su distinci\u00f3n por su labor en la Comuna 6, la misma fue entregada por Estela Zalazar en representaci\u00f3n del CGPC6 y por la legisladora Raquel Herrera.<\/p><\/div>\n<p><img loading=\"lazy\" decoding=\"async\" class=\"alignleft size-full wp-image-1484\" title=\"mujeres pro 2\" src=\"http:\/\/caballitotequiero.com.ar\/portal\/wp-content\/uploads\/2011\/04\/mujeres-pro-2.jpg\" alt=\"\" width=\"510\" height=\"392\" srcset=\"http:\/\/caballitotequiero.com.ar\/portal\/wp-content\/uploads\/2011\/04\/mujeres-pro-2.jpg 510w, http:\/\/caballitotequiero.com.ar\/portal\/wp-content\/uploads\/2011\/04\/mujeres-pro-2-300x230.jpg 300w, http:\/\/caballitotequiero.com.ar\/portal\/wp-content\/uploads\/2011\/04\/mujeres-pro-2-80x60.jpg 80w\" sizes=\"auto, (max-width: 510px) 100vw, 510px\" \/><\/p>\n","protected":false},"excerpt":{"rendered":"<p>El viernes 15 de abril a las 19 hs, la Secretar\u00eda de la Mujer del PRO Capital, realiz\u00f3 un encuentro de Mujeres de Comunas. El mismo tuvo lugar en la Asociaci\u00f3n Espa\u00f1ola de Socorros Mutuos de San Jos\u00e9 de Flores. Entre otros funcionarios, asistieron Liliana Iamurri, Secretaria de la Mujer; Raquel Herrera, Legisladora Porte\u00f1a; Guillermo [&hellip;]<\/p>\n","protected":false},"author":1,"featured_media":1485,"comment_status":"open","ping_status":"open","sticky":false,"template":"","format":"standard","meta":{"footnotes":""},"categories":[5],"tags":[],"class_list":["post-1481","post","type-post","status-publish","format-standard","has-post-thumbnail","hentry","category-noticias"],"_links":{"self":[{"href":"http:\/\/caballitotequiero.com.ar\/portal\/wp-json\/wp\/v2\/posts\/1481","targetHints":{"allow":["GET"]}}],"collection":[{"href":"http:\/\/caballitotequiero.com.ar\/portal\/wp-json\/wp\/v2\/posts"}],"about":[{"href":"http:\/\/caballitotequiero.com.ar\/portal\/wp-json\/wp\/v2\/types\/post"}],"author":[{"embeddable":true,"href":"http:\/\/caballitotequiero.com.ar\/portal\/wp-json\/wp\/v2\/users\/1"}],"replies":[{"embeddable":true,"href":"http:\/\/caballitotequiero.com.ar\/portal\/wp-json\/wp\/v2\/comments?post=1481"}],"version-history":[{"count":2,"href":"http:\/\/caballitotequiero.com.ar\/portal\/wp-json\/wp\/v2\/posts\/1481\/revisions"}],"predecessor-version":[{"id":1487,"href":"http:\/\/caballitotequiero.com.ar\/portal\/wp-json\/wp\/v2\/posts\/1481\/revisions\/1487"}],"wp:featuredmedia":[{"embeddable":true,"href":"http:\/\/caballitotequiero.com.ar\/portal\/wp-json\/wp\/v2\/media\/1485"}],"wp:attachment":[{"href":"http:\/\/caballitotequiero.com.ar\/portal\/wp-json\/wp\/v2\/media?parent=1481"}],"wp:term":[{"taxonomy":"category","embeddable":true,"href":"http:\/\/caballitotequiero.com.ar\/portal\/wp-json\/wp\/v2\/categories?post=1481"},{"taxonomy":"post_tag","embeddable":true,"href":"http:\/\/caballitotequiero.com.ar\/portal\/wp-json\/wp\/v2\/tags?post=1481"}],"curies":[{"name":"wp","href":"https:\/\/api.w.org\/{rel}","templated":true}]}}