{"id":1488,"date":"2011-04-16T17:10:08","date_gmt":"2011-04-16T20:10:08","guid":{"rendered":"http:\/\/caballitotequiero.com.ar\/portal\/?p=1488"},"modified":"2011-04-16T17:10:08","modified_gmt":"2011-04-16T20:10:08","slug":"actividades-de-semana-santa-en-las-parroquias-de-caballito","status":"publish","type":"post","link":"http:\/\/caballitotequiero.com.ar\/portal\/2011\/04\/16\/actividades-de-semana-santa-en-las-parroquias-de-caballito\/","title":{"rendered":"ACTIVIDADES DE SEMANA SANTA EN LAS PARROQUIAS DE CABALLITO"},"content":{"rendered":"<p><strong>PARROQUIA SANTA JULIA<\/strong><\/p>\n<div id=\"_mcePaste\">La Parroquia Santa Julia ubicada en Juan Bautista Alberdi y V\u00edctor Mart\u00ednez informa las actividades programadas.<\/div>\n<div><\/div>\n<div id=\"_mcePaste\"><strong>Domingo de Ramos &#8211; 17 de Abril<\/strong><\/div>\n<div id=\"_mcePaste\"><strong>18.30 <\/strong>: Bendici\u00f3n de ramos y procesi\u00f3n por las calles. Concluye con la Misa de la Pasi\u00f3n.<\/div>\n<div id=\"_mcePaste\">Horario de Misas: 8, 9, 10, 11, 12, 19 y 20.30 hs.<\/div>\n<div><\/div>\n<div id=\"_mcePaste\"><strong>Lunes, Martes y Mi\u00e9rcoles Santo, 18, 19 y 20 de Abril<\/strong><\/div>\n<div id=\"_mcePaste\">Triduo preparatorio<\/div>\n<div id=\"_mcePaste\">Misa a las 19.15 presidida por el Pbro. Rvdo Monse\u00f1or Dr. Alfredo Horacio Zecca, Profesor de Teolog\u00eda y titular de la Relaci\u00f3n Fe &#8211; Cultura<\/div>\n<div id=\"_mcePaste\">Misa a las 8 hs.<\/div>\n<div id=\"_mcePaste\">Adoraci\u00f3n al Sant\u00edsimo hasta las 12 hs.<\/div>\n<div id=\"_mcePaste\">V\u00eda Crucis a las 18.30 hs.<\/div>\n<div id=\"_mcePaste\">Confesiones de 8 a 11 y de 18 a 21 hs.<\/div>\n<div id=\"_mcePaste\"><\/div>\n<div><strong>Jueves Santo &#8211; 21 de abril<\/strong><\/div>\n<div id=\"_mcePaste\"><strong>10 hs:<\/strong> Misa Crismal en la Catedral Metropolitana presidida por el Cardenal Jorge Bergoglio.<\/div>\n<div id=\"_mcePaste\"><strong>17 hs<\/strong>: Celebraci\u00f3n de la Cena del Se\u00f1or para ni\u00f1os<\/div>\n<div id=\"_mcePaste\"><strong>19.15 hs<\/strong>: Celebraci\u00f3n de la Cena del Se\u00f1or. Lavatorio de pies a doce hombres de la comunidad.<\/div>\n<div id=\"_mcePaste\"><strong>21 hs:<\/strong> Visita a las 7 iglesias.<\/div>\n<div id=\"_mcePaste\"><strong>22.10 hs<\/strong>: Hora Santa. Predicada por Monse\u00f1or Miguel Irigoyen, Profesor em\u00e9rito de Teolog\u00eda.<\/div>\n<div id=\"_mcePaste\">El templo permanecer\u00e1 abierto toda la noche para adorar a Jes\u00fas en la Eucarist\u00eda.<\/div>\n<div><\/div>\n<div id=\"_mcePaste\"><strong>Viernes Santo &#8211; 22 de Abril<\/strong><\/div>\n<div id=\"_mcePaste\"><strong>15 hs<\/strong>: V\u00eda Crucis para ni\u00f1os<\/div>\n<div id=\"_mcePaste\"><strong>18 hs<\/strong>: Celebraci\u00f3n Lit\u00fargica de la Pasi\u00f3n del Se\u00f1or. Al finalizar se realizar\u00e1 la adoraci\u00f3n de la Cruz.<\/div>\n<div id=\"_mcePaste\"><strong>20.30 hs:<\/strong> V\u00eda Crucis Viviente<\/div>\n<div><\/div>\n<div id=\"_mcePaste\"><strong>S\u00e1bado Santo &#8211; 23 de Abril<\/strong><\/div>\n<div id=\"_mcePaste\">Solemne Vigilia Pascual<\/div>\n<div id=\"_mcePaste\">Confesiones de 9 a 12 y de 17 a 21 hs.<\/div>\n<div><\/div>\n<div id=\"_mcePaste\"><strong>Domingo de Pascua &#8211; 24 de Abril<\/strong><\/div>\n<div id=\"_mcePaste\">Resurrecci\u00f3n del Se\u00f1or<\/div>\n<div id=\"_mcePaste\">Misas: 8, 9, 10, 11, 12, 19 y 20.30 hs.<\/div>\n<div><\/div>\n<div id=\"_mcePaste\"><strong><em>El P\u00e1rroco de Santa Julia , Monse\u00f1or Antonio Aloisio, los sacerdotes y seminaristas les desean una Feliz Pascua.<\/em><\/strong><\/div>\n<p><strong>PARROQUIA NUESTRA SE\u00d1ORA DE CAACUP\u00c9<\/strong><\/p>\n<p>La Parroquia Nuestra Se\u00f1ora de Caacup\u00e9 est\u00e1 ubicada en Rivadavia 4879, frente al parque. Actividades programadas.<\/p>\n<p><strong>Domingo de Ramos &#8211; 17 de Abril<\/strong><\/p>\n<p>Horario de Misas: 10, 11.30 hs (Bendici\u00f3n Principal), 18, 19 y 20.15 hs.<\/p>\n<p>Bendici\u00f3n de Ramos en todas las misas<\/p>\n<p><strong>Jueves Santo &#8211; 21 de abril<\/strong><\/p>\n<p><strong>17 hs: <\/strong>Celebraci\u00f3n del lavatorio de los pies para ni\u00f1os.<\/p>\n<p><strong>19 hs: <\/strong>Misa de la cena del Se\u00f1or (Entrega del Gesto Solidario)<\/p>\n<p><strong>21 hs:<\/strong> Adoraci\u00f3n al Sant\u00edsimo &#8211; Hora Santa<\/p>\n<p>Visita a las Siete Iglesias.<\/p>\n<p>21 a 24 hs: Confesiones<\/p>\n<p><strong>Viernes Santo &#8211; 22 de Abril<\/strong><\/p>\n<p><strong>17 hs:<\/strong> Celebraci\u00f3n con ni\u00f1os.<\/p>\n<p><strong>18.30 hs<\/strong>: Celebraci\u00f3n de la Cruz<\/p>\n<p><strong>20.30 hs:<\/strong> V\u00eda Crucis por el barrio<\/p>\n<p>9 a 12 y 16 a 18: Confesiones<\/p>\n<p><strong>S\u00e1bado Santo &#8211; 23 de Abril<\/strong><\/p>\n<p><strong>21 hs: <\/strong> Vigilia Pascual presidida por Monse\u00f1or Vicente Bokalic. Al finalizar la celebraci\u00f3n compartiremos un \u00e1gape pascual.<\/p>\n<p>Confesiones de 9 a 12 y de 17 a 19 hs.<\/p>\n<p><strong>Domingo de Pascua &#8211; 24 de Abril<\/strong><\/p>\n<p>Resurrecci\u00f3n del Se\u00f1or<\/p>\n<p>Misas: 10, 11, 12, 19 y 20.15 hs.<\/p>\n<p><img loading=\"lazy\" decoding=\"async\" class=\"alignleft size-full wp-image-1489\" title=\"0 semana santa en caballito 1\" src=\"http:\/\/caballitotequiero.com.ar\/portal\/wp-content\/uploads\/2011\/04\/0-semana-santa-en-caballito-1.jpg\" alt=\"\" width=\"510\" height=\"403\" srcset=\"http:\/\/caballitotequiero.com.ar\/portal\/wp-content\/uploads\/2011\/04\/0-semana-santa-en-caballito-1.jpg 510w, http:\/\/caballitotequiero.com.ar\/portal\/wp-content\/uploads\/2011\/04\/0-semana-santa-en-caballito-1-300x237.jpg 300w\" sizes=\"auto, (max-width: 510px) 100vw, 510px\" \/><\/p>\n<div id=\"attachment_1490\" style=\"width: 520px\" class=\"wp-caption alignleft\"><img loading=\"lazy\" decoding=\"async\" aria-describedby=\"caption-attachment-1490\" class=\"size-full wp-image-1490\" title=\"0 semana santa en caballito 2\" src=\"http:\/\/caballitotequiero.com.ar\/portal\/wp-content\/uploads\/2011\/04\/0-semana-santa-en-caballito-2.jpg\" alt=\"\" width=\"510\" height=\"339\" srcset=\"http:\/\/caballitotequiero.com.ar\/portal\/wp-content\/uploads\/2011\/04\/0-semana-santa-en-caballito-2.jpg 510w, http:\/\/caballitotequiero.com.ar\/portal\/wp-content\/uploads\/2011\/04\/0-semana-santa-en-caballito-2-300x199.jpg 300w\" sizes=\"auto, (max-width: 510px) 100vw, 510px\" \/><p id=\"caption-attachment-1490\" class=\"wp-caption-text\">Monse\u00f1or Antonio Aloisio, p\u00e1rroco de Santa Julia, bendice a los vecinos en Primera Junta.<\/p><\/div>\n","protected":false},"excerpt":{"rendered":"<p>PARROQUIA SANTA JULIA La Parroquia Santa Julia ubicada en Juan Bautista Alberdi y V\u00edctor Mart\u00ednez informa las actividades programadas. Domingo de Ramos &#8211; 17 de Abril 18.30 : Bendici\u00f3n de ramos y procesi\u00f3n por las calles. Concluye con la Misa de la Pasi\u00f3n. Horario de Misas: 8, 9, 10, 11, 12, 19 y 20.30 hs. [&hellip;]<\/p>\n","protected":false},"author":1,"featured_media":1491,"comment_status":"open","ping_status":"open","sticky":false,"template":"","format":"standard","meta":{"footnotes":""},"categories":[5],"tags":[],"class_list":["post-1488","post","type-post","status-publish","format-standard","has-post-thumbnail","hentry","category-noticias"],"_links":{"self":[{"href":"http:\/\/caballitotequiero.com.ar\/portal\/wp-json\/wp\/v2\/posts\/1488","targetHints":{"allow":["GET"]}}],"collection":[{"href":"http:\/\/caballitotequiero.com.ar\/portal\/wp-json\/wp\/v2\/posts"}],"about":[{"href":"http:\/\/caballitotequiero.com.ar\/portal\/wp-json\/wp\/v2\/types\/post"}],"author":[{"embeddable":true,"href":"http:\/\/caballitotequiero.com.ar\/portal\/wp-json\/wp\/v2\/users\/1"}],"replies":[{"embeddable":true,"href":"http:\/\/caballitotequiero.com.ar\/portal\/wp-json\/wp\/v2\/comments?post=1488"}],"version-history":[{"count":1,"href":"http:\/\/caballitotequiero.com.ar\/portal\/wp-json\/wp\/v2\/posts\/1488\/revisions"}],"predecessor-version":[{"id":1492,"href":"http:\/\/caballitotequiero.com.ar\/portal\/wp-json\/wp\/v2\/posts\/1488\/revisions\/1492"}],"wp:featuredmedia":[{"embeddable":true,"href":"http:\/\/caballitotequiero.com.ar\/portal\/wp-json\/wp\/v2\/media\/1491"}],"wp:attachment":[{"href":"http:\/\/caballitotequiero.com.ar\/portal\/wp-json\/wp\/v2\/media?parent=1488"}],"wp:term":[{"taxonomy":"category","embeddable":true,"href":"http:\/\/caballitotequiero.com.ar\/portal\/wp-json\/wp\/v2\/categories?post=1488"},{"taxonomy":"post_tag","embeddable":true,"href":"http:\/\/caballitotequiero.com.ar\/portal\/wp-json\/wp\/v2\/tags?post=1488"}],"curies":[{"name":"wp","href":"https:\/\/api.w.org\/{rel}","templated":true}]}}