{"id":1497,"date":"2011-04-17T12:31:26","date_gmt":"2011-04-17T15:31:26","guid":{"rendered":"http:\/\/caballitotequiero.com.ar\/portal\/?p=1497"},"modified":"2011-04-17T12:31:26","modified_gmt":"2011-04-17T15:31:26","slug":"la-ucr-presento-a-su-candidato-a-jefe-comunal-en-jose-maria-moreno-y-rivadavia","status":"publish","type":"post","link":"http:\/\/caballitotequiero.com.ar\/portal\/2011\/04\/17\/la-ucr-presento-a-su-candidato-a-jefe-comunal-en-jose-maria-moreno-y-rivadavia\/","title":{"rendered":"LA UCR PRESENT\u00d3 A SU CANDIDATO A JEFE COMUNAL EN JOS\u00c9 MAR\u00cdA MORENO Y RIVADAVIA"},"content":{"rendered":"<p>El s\u00e1bado 16 de abril, en la ya cl\u00e1sica esquina de Jos\u00e9 Mar\u00eda Moreno y Rivadavia, la agrupaci\u00f3n radical \u201cLos Irrompibles\u201d, present\u00f3 al candidato a Jefe Comunal para la Comuna 6 Caballito; Juan Avila.<\/p>\n<p>Acompa\u00f1ado por el presidente del partido en Caballito, Leandro Santoro; Avila respondi\u00f3 consultas de los vecinos que se acercaron a la mesa radical.<br \/>\nLa lista completa de los candidatos para la Junta comunal, por el radicalismo es:<br \/>\n<strong>1) Avila, Juan Carlos<\/strong>, 2) Gonz\u00e1lez, Ivana , 3)Pozzali, Arturo, 4) Figueira, Ana Mar\u00eda , 5) Blasi, Jorge , 6) Norbis, Estela, 7) Correa, Juan Ignacio<br \/>\nSuplentes: 1) Impala, Cristina , 2) Converti, Diego, 3) Alegre, Mar\u00eda Cecilia , 4) L\u00f3pez Carrillo, Mart\u00edn<\/p>\n<p>Tambi\u00e9n estuvo presente, acompa\u00f1ando a los militantes radicales y dialogando con los vecinos, la legisladora, mandato cumplido, Irma Gerch, vecina del barrio de Caballito.<\/p>\n<div id=\"attachment_1498\" style=\"width: 520px\" class=\"wp-caption alignleft\"><img loading=\"lazy\" decoding=\"async\" aria-describedby=\"caption-attachment-1498\" class=\"size-full wp-image-1498\" title=\"0 esquina radical 1\" src=\"http:\/\/caballitotequiero.com.ar\/portal\/wp-content\/uploads\/2011\/04\/0-esquina-radical-1.jpg\" alt=\"\" width=\"510\" height=\"383\" srcset=\"http:\/\/caballitotequiero.com.ar\/portal\/wp-content\/uploads\/2011\/04\/0-esquina-radical-1.jpg 510w, http:\/\/caballitotequiero.com.ar\/portal\/wp-content\/uploads\/2011\/04\/0-esquina-radical-1-300x225.jpg 300w, http:\/\/caballitotequiero.com.ar\/portal\/wp-content\/uploads\/2011\/04\/0-esquina-radical-1-80x60.jpg 80w\" sizes=\"auto, (max-width: 510px) 100vw, 510px\" \/><p id=\"caption-attachment-1498\" class=\"wp-caption-text\">Rivadavia y Jos\u00e9 Mar\u00eda Moreno: tradicional esquina de Los Irrompibles.<\/p><\/div>\n<div id=\"attachment_1499\" style=\"width: 520px\" class=\"wp-caption alignleft\"><img loading=\"lazy\" decoding=\"async\" aria-describedby=\"caption-attachment-1499\" class=\"size-full wp-image-1499\" title=\"0 esquina radical 2\" src=\"http:\/\/caballitotequiero.com.ar\/portal\/wp-content\/uploads\/2011\/04\/0-esquina-radical-2.jpg\" alt=\"\" width=\"510\" height=\"399\" srcset=\"http:\/\/caballitotequiero.com.ar\/portal\/wp-content\/uploads\/2011\/04\/0-esquina-radical-2.jpg 510w, http:\/\/caballitotequiero.com.ar\/portal\/wp-content\/uploads\/2011\/04\/0-esquina-radical-2-300x234.jpg 300w\" sizes=\"auto, (max-width: 510px) 100vw, 510px\" \/><p id=\"caption-attachment-1499\" class=\"wp-caption-text\">Leandro Santoro, presidente de la UCR en Caballito junto a Juan \u00c1vila, primer candidato a la Comuna 6 y Marta Beluzconi.<\/p><\/div>\n<div id=\"attachment_1500\" style=\"width: 520px\" class=\"wp-caption alignleft\"><img loading=\"lazy\" decoding=\"async\" aria-describedby=\"caption-attachment-1500\" class=\"size-full wp-image-1500\" title=\"0 esquina radical 3\" src=\"http:\/\/caballitotequiero.com.ar\/portal\/wp-content\/uploads\/2011\/04\/0-esquina-radical-3.jpg\" alt=\"\" width=\"510\" height=\"383\" srcset=\"http:\/\/caballitotequiero.com.ar\/portal\/wp-content\/uploads\/2011\/04\/0-esquina-radical-3.jpg 510w, http:\/\/caballitotequiero.com.ar\/portal\/wp-content\/uploads\/2011\/04\/0-esquina-radical-3-300x225.jpg 300w, http:\/\/caballitotequiero.com.ar\/portal\/wp-content\/uploads\/2011\/04\/0-esquina-radical-3-80x60.jpg 80w\" sizes=\"auto, (max-width: 510px) 100vw, 510px\" \/><p id=\"caption-attachment-1500\" class=\"wp-caption-text\">Irma Gerch, legisladora mandato cumplido por la UCR y Juan Avila, primer candidato a las Comunas, dialogaron con los vecinos de Caballito<\/p><\/div>\n","protected":false},"excerpt":{"rendered":"<p>El s\u00e1bado 16 de abril, en la ya cl\u00e1sica esquina de Jos\u00e9 Mar\u00eda Moreno y Rivadavia, la agrupaci\u00f3n radical \u201cLos Irrompibles\u201d, present\u00f3 al candidato a Jefe Comunal para la Comuna 6 Caballito; Juan Avila. Acompa\u00f1ado por el presidente del partido en Caballito, Leandro Santoro; Avila respondi\u00f3 consultas de los vecinos que se acercaron a la [&hellip;]<\/p>\n","protected":false},"author":1,"featured_media":1501,"comment_status":"open","ping_status":"open","sticky":false,"template":"","format":"standard","meta":{"footnotes":""},"categories":[5],"tags":[],"class_list":["post-1497","post","type-post","status-publish","format-standard","has-post-thumbnail","hentry","category-noticias"],"_links":{"self":[{"href":"http:\/\/caballitotequiero.com.ar\/portal\/wp-json\/wp\/v2\/posts\/1497","targetHints":{"allow":["GET"]}}],"collection":[{"href":"http:\/\/caballitotequiero.com.ar\/portal\/wp-json\/wp\/v2\/posts"}],"about":[{"href":"http:\/\/caballitotequiero.com.ar\/portal\/wp-json\/wp\/v2\/types\/post"}],"author":[{"embeddable":true,"href":"http:\/\/caballitotequiero.com.ar\/portal\/wp-json\/wp\/v2\/users\/1"}],"replies":[{"embeddable":true,"href":"http:\/\/caballitotequiero.com.ar\/portal\/wp-json\/wp\/v2\/comments?post=1497"}],"version-history":[{"count":1,"href":"http:\/\/caballitotequiero.com.ar\/portal\/wp-json\/wp\/v2\/posts\/1497\/revisions"}],"predecessor-version":[{"id":1502,"href":"http:\/\/caballitotequiero.com.ar\/portal\/wp-json\/wp\/v2\/posts\/1497\/revisions\/1502"}],"wp:featuredmedia":[{"embeddable":true,"href":"http:\/\/caballitotequiero.com.ar\/portal\/wp-json\/wp\/v2\/media\/1501"}],"wp:attachment":[{"href":"http:\/\/caballitotequiero.com.ar\/portal\/wp-json\/wp\/v2\/media?parent=1497"}],"wp:term":[{"taxonomy":"category","embeddable":true,"href":"http:\/\/caballitotequiero.com.ar\/portal\/wp-json\/wp\/v2\/categories?post=1497"},{"taxonomy":"post_tag","embeddable":true,"href":"http:\/\/caballitotequiero.com.ar\/portal\/wp-json\/wp\/v2\/tags?post=1497"}],"curies":[{"name":"wp","href":"https:\/\/api.w.org\/{rel}","templated":true}]}}