{"id":1503,"date":"2011-04-17T12:49:07","date_gmt":"2011-04-17T15:49:07","guid":{"rendered":"http:\/\/caballitotequiero.com.ar\/portal\/?p=1503"},"modified":"2011-04-18T12:49:00","modified_gmt":"2011-04-18T15:49:00","slug":"el-pro-presento-los-nuevos-colores-de-su-campana-junto-a-los-candidatos-de-la-comuna-6","status":"publish","type":"post","link":"http:\/\/caballitotequiero.com.ar\/portal\/2011\/04\/17\/el-pro-presento-los-nuevos-colores-de-su-campana-junto-a-los-candidatos-de-la-comuna-6\/","title":{"rendered":"EL PRO PRESENT\u00d3 LOS NUEVOS COLORES DE SU CAMPA\u00d1A"},"content":{"rendered":"<p>El s\u00e1bado 16 de abril, en la avenida Rivadavia, se pudieron ver varias mesas del PRO que luc\u00edan los nuevos colores de campa\u00f1a.<\/p>\n<p>Para evitar susceptibilidades, el partido decidi\u00f3 no utilizar el color amarillo como \u00fanico identificatorio, ya que este es el color empleado por el Gobierno de la Ciudad en su carteler\u00eda oficial.<\/p>\n<p>El lanzamiento de la nueva folleter\u00eda se realiz\u00f3, por lo tanto, el d\u00eda s\u00e1bado 16 de abril.<\/p>\n<p>Sombrillas multicolores, remeras rojas, blancas, amarillas o azules y nuevos volantes, se esparcieron por toda la avenida Rivadavia, desde Acoyte hasta Primera Junta.<\/p>\n<p>En carteles colocados en cada mesa pudieron verse los nombres de militantes que trabajan  en el PRO Caballito; Marcelo Iambrich, Fabi\u00e1n Bullotta, Estela Zalazar, Alicia Besada y Silvia Molina.<\/p>\n<p>A las coloridas mesas se sumaron globos con la leyenda \u201cMauricio Macri 2011\u201d de un lado y una carita feliz del otro  que, eran entregados a los ni\u00f1os. Una, sin duda, efectiva campa\u00f1a publicitaria ya que, ni el padre m\u00e1s opositor al PRO, pudo negarle a su hijo acercarse a buscar un globo.<\/p>\n<p><img loading=\"lazy\" decoding=\"async\" class=\"alignleft size-full wp-image-1504\" title=\"0 mesa pro 3\" src=\"http:\/\/caballitotequiero.com.ar\/portal\/wp-content\/uploads\/2011\/04\/0-mesa-pro-3.jpg\" alt=\"\" width=\"510\" height=\"383\" srcset=\"http:\/\/caballitotequiero.com.ar\/portal\/wp-content\/uploads\/2011\/04\/0-mesa-pro-3.jpg 510w, http:\/\/caballitotequiero.com.ar\/portal\/wp-content\/uploads\/2011\/04\/0-mesa-pro-3-300x225.jpg 300w, http:\/\/caballitotequiero.com.ar\/portal\/wp-content\/uploads\/2011\/04\/0-mesa-pro-3-80x60.jpg 80w\" sizes=\"auto, (max-width: 510px) 100vw, 510px\" \/><a href=\"http:\/\/caballitotequiero.com.ar\/portal\/wp-content\/uploads\/2011\/04\/0-mesa-pro-1.jpg\"><img loading=\"lazy\" decoding=\"async\" class=\"alignleft size-full wp-image-1505\" title=\"0 mesa pro 1\" src=\"http:\/\/caballitotequiero.com.ar\/portal\/wp-content\/uploads\/2011\/04\/0-mesa-pro-1.jpg\" alt=\"\" width=\"510\" height=\"383\" srcset=\"http:\/\/caballitotequiero.com.ar\/portal\/wp-content\/uploads\/2011\/04\/0-mesa-pro-1.jpg 510w, http:\/\/caballitotequiero.com.ar\/portal\/wp-content\/uploads\/2011\/04\/0-mesa-pro-1-300x225.jpg 300w, http:\/\/caballitotequiero.com.ar\/portal\/wp-content\/uploads\/2011\/04\/0-mesa-pro-1-80x60.jpg 80w\" sizes=\"auto, (max-width: 510px) 100vw, 510px\" \/><\/a><\/p>\n<div id=\"attachment_1506\" style=\"width: 520px\" class=\"wp-caption alignleft\"><img loading=\"lazy\" decoding=\"async\" aria-describedby=\"caption-attachment-1506\" class=\"size-full wp-image-1506\" title=\"0 mesa pro 2\" src=\"http:\/\/caballitotequiero.com.ar\/portal\/wp-content\/uploads\/2011\/04\/0-mesa-pro-2.jpg\" alt=\"\" width=\"510\" height=\"383\" srcset=\"http:\/\/caballitotequiero.com.ar\/portal\/wp-content\/uploads\/2011\/04\/0-mesa-pro-2.jpg 510w, http:\/\/caballitotequiero.com.ar\/portal\/wp-content\/uploads\/2011\/04\/0-mesa-pro-2-300x225.jpg 300w, http:\/\/caballitotequiero.com.ar\/portal\/wp-content\/uploads\/2011\/04\/0-mesa-pro-2-80x60.jpg 80w\" sizes=\"auto, (max-width: 510px) 100vw, 510px\" \/><p id=\"caption-attachment-1506\" class=\"wp-caption-text\">En los carteles, los nombres de los candidatos a la Comuna: Fabi\u00e1n Bullota, Marcelo Iambrich, Estela Zalazar, Alicia Besada y Silvia Molina.<\/p><\/div>\n<div id=\"attachment_1507\" style=\"width: 520px\" class=\"wp-caption alignleft\"><img loading=\"lazy\" decoding=\"async\" aria-describedby=\"caption-attachment-1507\" class=\"size-full wp-image-1507\" title=\"0 mesa pro 4\" src=\"http:\/\/caballitotequiero.com.ar\/portal\/wp-content\/uploads\/2011\/04\/0-mesa-pro-4.jpg\" alt=\"\" width=\"510\" height=\"408\" srcset=\"http:\/\/caballitotequiero.com.ar\/portal\/wp-content\/uploads\/2011\/04\/0-mesa-pro-4.jpg 510w, http:\/\/caballitotequiero.com.ar\/portal\/wp-content\/uploads\/2011\/04\/0-mesa-pro-4-300x240.jpg 300w\" sizes=\"auto, (max-width: 510px) 100vw, 510px\" \/><p id=\"caption-attachment-1507\" class=\"wp-caption-text\">Fabi\u00e1n Bullota, junto a su esposa Mar\u00eda Rosa, llegan con los globos a una de las mesas<\/p><\/div>\n<div id=\"attachment_1508\" style=\"width: 520px\" class=\"wp-caption alignleft\"><img loading=\"lazy\" decoding=\"async\" aria-describedby=\"caption-attachment-1508\" class=\"size-full wp-image-1508\" title=\"0 mesa pro 5\" src=\"http:\/\/caballitotequiero.com.ar\/portal\/wp-content\/uploads\/2011\/04\/0-mesa-pro-5.jpg\" alt=\"\" width=\"510\" height=\"383\" srcset=\"http:\/\/caballitotequiero.com.ar\/portal\/wp-content\/uploads\/2011\/04\/0-mesa-pro-5.jpg 510w, http:\/\/caballitotequiero.com.ar\/portal\/wp-content\/uploads\/2011\/04\/0-mesa-pro-5-300x225.jpg 300w, http:\/\/caballitotequiero.com.ar\/portal\/wp-content\/uploads\/2011\/04\/0-mesa-pro-5-80x60.jpg 80w\" sizes=\"auto, (max-width: 510px) 100vw, 510px\" \/><p id=\"caption-attachment-1508\" class=\"wp-caption-text\">Marcelo Iambrich repartiendo la nueva folleter\u00eda el s\u00e1bado a la ma\u00f1ana en su tradicional ubicaci\u00f3n: la vereda del Banco Provincia.<\/p><\/div>\n<div id=\"attachment_1509\" style=\"width: 520px\" class=\"wp-caption alignleft\"><img loading=\"lazy\" decoding=\"async\" aria-describedby=\"caption-attachment-1509\" class=\"size-full wp-image-1509\" title=\"0 mesa pro 6\" src=\"http:\/\/caballitotequiero.com.ar\/portal\/wp-content\/uploads\/2011\/04\/0-mesa-pro-6.jpg\" alt=\"\" width=\"510\" height=\"383\" srcset=\"http:\/\/caballitotequiero.com.ar\/portal\/wp-content\/uploads\/2011\/04\/0-mesa-pro-6.jpg 510w, http:\/\/caballitotequiero.com.ar\/portal\/wp-content\/uploads\/2011\/04\/0-mesa-pro-6-300x225.jpg 300w, http:\/\/caballitotequiero.com.ar\/portal\/wp-content\/uploads\/2011\/04\/0-mesa-pro-6-80x60.jpg 80w\" sizes=\"auto, (max-width: 510px) 100vw, 510px\" \/><p id=\"caption-attachment-1509\" class=\"wp-caption-text\">Las chicas Pro de Caballito. Mar\u00eda Rosa, Valeria, In\u00e9s y Bel\u00e9n.<\/p><\/div>\n","protected":false},"excerpt":{"rendered":"<p>El s\u00e1bado 16 de abril, en la avenida Rivadavia, se pudieron ver varias mesas del PRO que luc\u00edan los nuevos colores de campa\u00f1a. Para evitar susceptibilidades, el partido decidi\u00f3 no utilizar el color amarillo como \u00fanico identificatorio, ya que este es el color empleado por el Gobierno de la Ciudad en su carteler\u00eda oficial. El [&hellip;]<\/p>\n","protected":false},"author":1,"featured_media":1510,"comment_status":"open","ping_status":"open","sticky":false,"template":"","format":"standard","meta":{"footnotes":""},"categories":[5],"tags":[],"class_list":["post-1503","post","type-post","status-publish","format-standard","has-post-thumbnail","hentry","category-noticias"],"_links":{"self":[{"href":"http:\/\/caballitotequiero.com.ar\/portal\/wp-json\/wp\/v2\/posts\/1503","targetHints":{"allow":["GET"]}}],"collection":[{"href":"http:\/\/caballitotequiero.com.ar\/portal\/wp-json\/wp\/v2\/posts"}],"about":[{"href":"http:\/\/caballitotequiero.com.ar\/portal\/wp-json\/wp\/v2\/types\/post"}],"author":[{"embeddable":true,"href":"http:\/\/caballitotequiero.com.ar\/portal\/wp-json\/wp\/v2\/users\/1"}],"replies":[{"embeddable":true,"href":"http:\/\/caballitotequiero.com.ar\/portal\/wp-json\/wp\/v2\/comments?post=1503"}],"version-history":[{"count":4,"href":"http:\/\/caballitotequiero.com.ar\/portal\/wp-json\/wp\/v2\/posts\/1503\/revisions"}],"predecessor-version":[{"id":1524,"href":"http:\/\/caballitotequiero.com.ar\/portal\/wp-json\/wp\/v2\/posts\/1503\/revisions\/1524"}],"wp:featuredmedia":[{"embeddable":true,"href":"http:\/\/caballitotequiero.com.ar\/portal\/wp-json\/wp\/v2\/media\/1510"}],"wp:attachment":[{"href":"http:\/\/caballitotequiero.com.ar\/portal\/wp-json\/wp\/v2\/media?parent=1503"}],"wp:term":[{"taxonomy":"category","embeddable":true,"href":"http:\/\/caballitotequiero.com.ar\/portal\/wp-json\/wp\/v2\/categories?post=1503"},{"taxonomy":"post_tag","embeddable":true,"href":"http:\/\/caballitotequiero.com.ar\/portal\/wp-json\/wp\/v2\/tags?post=1503"}],"curies":[{"name":"wp","href":"https:\/\/api.w.org\/{rel}","templated":true}]}}