{"id":15071,"date":"2014-04-28T00:43:12","date_gmt":"2014-04-28T03:43:12","guid":{"rendered":"http:\/\/caballitotequiero.com.ar\/portal\/?p=15071"},"modified":"2014-04-28T00:43:12","modified_gmt":"2014-04-28T03:43:12","slug":"gracias-al-reclamo-vecinal-fue-arreglado-un-semaforo-para-no-videntes","status":"publish","type":"post","link":"http:\/\/caballitotequiero.com.ar\/portal\/2014\/04\/28\/gracias-al-reclamo-vecinal-fue-arreglado-un-semaforo-para-no-videntes\/","title":{"rendered":"GRACIAS AL RECLAMO VECINAL FUE ARREGLADO UN SEM\u00c1FORO PARA NO VIDENTES"},"content":{"rendered":"<p>El d\u00eda 22 de abril public\u00e1bamos la situaci\u00f3n de un sem\u00e1foro para no videntes, ubicado en la esquina de Rivadavia y Rojas, que hab\u00eda sido vandalizado.<\/p>\n<p>Gracias a la denuncia de una vecina de la zona y a dos j\u00f3venes que voluntariamente se acercaron para arreglarlo en forma provisoria, el artefacto se mantuvo funcionando en condiciones precarias (atado cinta aislante).<\/p>\n<p>La situaci\u00f3n fue publicada en este espacio y adem\u00e1s la vecina que denunci\u00f3 el caso, hizo publico el reclamo ante el jefe de la Junta Comunal de Caballito y ante la legisladora porte\u00f1a Alejandra Caballero.<\/p>\n<p>Finalmente, al cabo del cuarto d\u00eda el sem\u00e1foro fue puesto nuevamente en condiciones.<\/p>\n<div id=\"attachment_15072\" style=\"width: 565px\" class=\"wp-caption alignleft\"><img loading=\"lazy\" decoding=\"async\" aria-describedby=\"caption-attachment-15072\" class=\"size-full wp-image-15072\" src=\"http:\/\/caballitotequiero.com.ar\/portal\/wp-content\/uploads\/2014\/04\/9-11.jpg\" alt=\"\" width=\"555\" height=\"371\" srcset=\"http:\/\/caballitotequiero.com.ar\/portal\/wp-content\/uploads\/2014\/04\/9-11.jpg 555w, http:\/\/caballitotequiero.com.ar\/portal\/wp-content\/uploads\/2014\/04\/9-11-300x200.jpg 300w\" sizes=\"auto, (max-width: 555px) 100vw, 555px\" \/><p id=\"caption-attachment-15072\" class=\"wp-caption-text\">Asi qued\u00f3 el artefacto sonoro del sem\u00e1foro cuando manos an\u00f3nimas intentaron arrancarlo.<\/p><\/div>\n<div id=\"attachment_15073\" style=\"width: 565px\" class=\"wp-caption alignleft\"><img loading=\"lazy\" decoding=\"async\" aria-describedby=\"caption-attachment-15073\" class=\"size-full wp-image-15073\" src=\"http:\/\/caballitotequiero.com.ar\/portal\/wp-content\/uploads\/2014\/04\/9-41.jpg\" alt=\"\" width=\"555\" height=\"371\" srcset=\"http:\/\/caballitotequiero.com.ar\/portal\/wp-content\/uploads\/2014\/04\/9-41.jpg 555w, http:\/\/caballitotequiero.com.ar\/portal\/wp-content\/uploads\/2014\/04\/9-41-300x200.jpg 300w\" sizes=\"auto, (max-width: 555px) 100vw, 555px\" \/><p id=\"caption-attachment-15073\" class=\"wp-caption-text\">Vecinos solidarios se acercaron para repararlo provisoriamente.<\/p><\/div>\n<div id=\"attachment_15074\" style=\"width: 565px\" class=\"wp-caption alignleft\"><img loading=\"lazy\" decoding=\"async\" aria-describedby=\"caption-attachment-15074\" class=\"size-full wp-image-15074\" src=\"http:\/\/caballitotequiero.com.ar\/portal\/wp-content\/uploads\/2014\/04\/9-5.jpg\" alt=\"\" width=\"555\" height=\"426\" srcset=\"http:\/\/caballitotequiero.com.ar\/portal\/wp-content\/uploads\/2014\/04\/9-5.jpg 555w, http:\/\/caballitotequiero.com.ar\/portal\/wp-content\/uploads\/2014\/04\/9-5-300x230.jpg 300w, http:\/\/caballitotequiero.com.ar\/portal\/wp-content\/uploads\/2014\/04\/9-5-80x60.jpg 80w\" sizes=\"auto, (max-width: 555px) 100vw, 555px\" \/><p id=\"caption-attachment-15074\" class=\"wp-caption-text\">Finalmente los reclamos fueron escuchados y se repar\u00f3 el sem\u00e1foro.<\/p><\/div>\n","protected":false},"excerpt":{"rendered":"<p>El d\u00eda 22 de abril public\u00e1bamos la situaci\u00f3n de un sem\u00e1foro para no videntes, ubicado en la esquina de Rivadavia y Rojas, que hab\u00eda sido vandalizado. Gracias a la denuncia de una vecina de la zona y a dos j\u00f3venes que voluntariamente se acercaron para arreglarlo en forma provisoria, el artefacto se mantuvo funcionando en [&hellip;]<\/p>\n","protected":false},"author":1,"featured_media":15075,"comment_status":"open","ping_status":"open","sticky":false,"template":"","format":"standard","meta":{"footnotes":""},"categories":[5],"tags":[],"class_list":["post-15071","post","type-post","status-publish","format-standard","has-post-thumbnail","hentry","category-noticias"],"_links":{"self":[{"href":"http:\/\/caballitotequiero.com.ar\/portal\/wp-json\/wp\/v2\/posts\/15071","targetHints":{"allow":["GET"]}}],"collection":[{"href":"http:\/\/caballitotequiero.com.ar\/portal\/wp-json\/wp\/v2\/posts"}],"about":[{"href":"http:\/\/caballitotequiero.com.ar\/portal\/wp-json\/wp\/v2\/types\/post"}],"author":[{"embeddable":true,"href":"http:\/\/caballitotequiero.com.ar\/portal\/wp-json\/wp\/v2\/users\/1"}],"replies":[{"embeddable":true,"href":"http:\/\/caballitotequiero.com.ar\/portal\/wp-json\/wp\/v2\/comments?post=15071"}],"version-history":[{"count":2,"href":"http:\/\/caballitotequiero.com.ar\/portal\/wp-json\/wp\/v2\/posts\/15071\/revisions"}],"predecessor-version":[{"id":15077,"href":"http:\/\/caballitotequiero.com.ar\/portal\/wp-json\/wp\/v2\/posts\/15071\/revisions\/15077"}],"wp:featuredmedia":[{"embeddable":true,"href":"http:\/\/caballitotequiero.com.ar\/portal\/wp-json\/wp\/v2\/media\/15075"}],"wp:attachment":[{"href":"http:\/\/caballitotequiero.com.ar\/portal\/wp-json\/wp\/v2\/media?parent=15071"}],"wp:term":[{"taxonomy":"category","embeddable":true,"href":"http:\/\/caballitotequiero.com.ar\/portal\/wp-json\/wp\/v2\/categories?post=15071"},{"taxonomy":"post_tag","embeddable":true,"href":"http:\/\/caballitotequiero.com.ar\/portal\/wp-json\/wp\/v2\/tags?post=15071"}],"curies":[{"name":"wp","href":"https:\/\/api.w.org\/{rel}","templated":true}]}}