{"id":15079,"date":"2014-04-29T10:54:57","date_gmt":"2014-04-29T13:54:57","guid":{"rendered":"http:\/\/caballitotequiero.com.ar\/portal\/?p=15079"},"modified":"2014-04-29T10:54:57","modified_gmt":"2014-04-29T13:54:57","slug":"felipe-evangelista-un-autor-caballitense-en-la-feria-del-libro","status":"publish","type":"post","link":"http:\/\/caballitotequiero.com.ar\/portal\/2014\/04\/29\/felipe-evangelista-un-autor-caballitense-en-la-feria-del-libro\/","title":{"rendered":"FELIPE EVANGELISTA, UN AUTOR CABALLITENSE EN LA FERIA DEL LIBRO"},"content":{"rendered":"<p>El domingo 27 de abril, se present\u00f3 en la Feria del Libro, \u201cD\u00edas Contados\u201d, de Felipe \u201cToto\u201d Evangelista.<\/p>\n<p>Se trata de una producci\u00f3n independiente donde Toto deja plasmada en cada p\u00e1gina sus recuerdos que se mezclan con las historias del barrio, el Caballito de su infancia y sus historias de vida.<\/p>\n<p>Felipe Evangelista concurri\u00f3 al stand 3024 donde firm\u00f3 ejemplares a quienes se acercaron a dialogar con \u00e9l. Tambi\u00e9n recibi\u00f3 a alumnos de la Escuela N\u00ba 10 de la calle Canallejas, que fueron de excursi\u00f3n a la Feria del Libro y aprovecharon la ocasi\u00f3n para saludar al autor caballitense.<\/p>\n<p><img loading=\"lazy\" decoding=\"async\" class=\"alignleft size-full wp-image-15080\" src=\"http:\/\/caballitotequiero.com.ar\/portal\/wp-content\/uploads\/2014\/04\/120.jpg\" alt=\"\" width=\"555\" height=\"416\" srcset=\"http:\/\/caballitotequiero.com.ar\/portal\/wp-content\/uploads\/2014\/04\/120.jpg 555w, http:\/\/caballitotequiero.com.ar\/portal\/wp-content\/uploads\/2014\/04\/120-300x224.jpg 300w, http:\/\/caballitotequiero.com.ar\/portal\/wp-content\/uploads\/2014\/04\/120-80x60.jpg 80w\" sizes=\"auto, (max-width: 555px) 100vw, 555px\" \/><img loading=\"lazy\" decoding=\"async\" class=\"alignleft size-full wp-image-15081\" src=\"http:\/\/caballitotequiero.com.ar\/portal\/wp-content\/uploads\/2014\/04\/27.jpg\" alt=\"\" width=\"450\" height=\"674\" srcset=\"http:\/\/caballitotequiero.com.ar\/portal\/wp-content\/uploads\/2014\/04\/27.jpg 450w, http:\/\/caballitotequiero.com.ar\/portal\/wp-content\/uploads\/2014\/04\/27-200x300.jpg 200w\" sizes=\"auto, (max-width: 450px) 100vw, 450px\" \/><img loading=\"lazy\" decoding=\"async\" class=\"alignleft size-full wp-image-15082\" src=\"http:\/\/caballitotequiero.com.ar\/portal\/wp-content\/uploads\/2014\/04\/36.jpg\" alt=\"\" width=\"555\" height=\"416\" srcset=\"http:\/\/caballitotequiero.com.ar\/portal\/wp-content\/uploads\/2014\/04\/36.jpg 555w, http:\/\/caballitotequiero.com.ar\/portal\/wp-content\/uploads\/2014\/04\/36-300x224.jpg 300w, http:\/\/caballitotequiero.com.ar\/portal\/wp-content\/uploads\/2014\/04\/36-80x60.jpg 80w\" sizes=\"auto, (max-width: 555px) 100vw, 555px\" \/><img loading=\"lazy\" decoding=\"async\" class=\"alignleft size-full wp-image-15083\" src=\"http:\/\/caballitotequiero.com.ar\/portal\/wp-content\/uploads\/2014\/04\/47.jpg\" alt=\"\" width=\"555\" height=\"416\" srcset=\"http:\/\/caballitotequiero.com.ar\/portal\/wp-content\/uploads\/2014\/04\/47.jpg 555w, http:\/\/caballitotequiero.com.ar\/portal\/wp-content\/uploads\/2014\/04\/47-300x224.jpg 300w, http:\/\/caballitotequiero.com.ar\/portal\/wp-content\/uploads\/2014\/04\/47-80x60.jpg 80w\" sizes=\"auto, (max-width: 555px) 100vw, 555px\" \/><\/p>\n","protected":false},"excerpt":{"rendered":"<p>El domingo 27 de abril, se present\u00f3 en la Feria del Libro, \u201cD\u00edas Contados\u201d, de Felipe \u201cToto\u201d Evangelista. Se trata de una producci\u00f3n independiente donde Toto deja plasmada en cada p\u00e1gina sus recuerdos que se mezclan con las historias del barrio, el Caballito de su infancia y sus historias de vida. Felipe Evangelista concurri\u00f3 al [&hellip;]<\/p>\n","protected":false},"author":1,"featured_media":15084,"comment_status":"open","ping_status":"open","sticky":false,"template":"","format":"standard","meta":{"footnotes":""},"categories":[5],"tags":[],"class_list":["post-15079","post","type-post","status-publish","format-standard","has-post-thumbnail","hentry","category-noticias"],"_links":{"self":[{"href":"http:\/\/caballitotequiero.com.ar\/portal\/wp-json\/wp\/v2\/posts\/15079","targetHints":{"allow":["GET"]}}],"collection":[{"href":"http:\/\/caballitotequiero.com.ar\/portal\/wp-json\/wp\/v2\/posts"}],"about":[{"href":"http:\/\/caballitotequiero.com.ar\/portal\/wp-json\/wp\/v2\/types\/post"}],"author":[{"embeddable":true,"href":"http:\/\/caballitotequiero.com.ar\/portal\/wp-json\/wp\/v2\/users\/1"}],"replies":[{"embeddable":true,"href":"http:\/\/caballitotequiero.com.ar\/portal\/wp-json\/wp\/v2\/comments?post=15079"}],"version-history":[{"count":2,"href":"http:\/\/caballitotequiero.com.ar\/portal\/wp-json\/wp\/v2\/posts\/15079\/revisions"}],"predecessor-version":[{"id":15086,"href":"http:\/\/caballitotequiero.com.ar\/portal\/wp-json\/wp\/v2\/posts\/15079\/revisions\/15086"}],"wp:featuredmedia":[{"embeddable":true,"href":"http:\/\/caballitotequiero.com.ar\/portal\/wp-json\/wp\/v2\/media\/15084"}],"wp:attachment":[{"href":"http:\/\/caballitotequiero.com.ar\/portal\/wp-json\/wp\/v2\/media?parent=15079"}],"wp:term":[{"taxonomy":"category","embeddable":true,"href":"http:\/\/caballitotequiero.com.ar\/portal\/wp-json\/wp\/v2\/categories?post=15079"},{"taxonomy":"post_tag","embeddable":true,"href":"http:\/\/caballitotequiero.com.ar\/portal\/wp-json\/wp\/v2\/tags?post=15079"}],"curies":[{"name":"wp","href":"https:\/\/api.w.org\/{rel}","templated":true}]}}