{"id":15087,"date":"2014-04-29T11:13:08","date_gmt":"2014-04-29T14:13:08","guid":{"rendered":"http:\/\/caballitotequiero.com.ar\/portal\/?p=15087"},"modified":"2014-04-29T11:17:09","modified_gmt":"2014-04-29T14:17:09","slug":"fue-donada-a-ferro-una-bandera-que-flameo-en-las-islas-malvinas","status":"publish","type":"post","link":"http:\/\/caballitotequiero.com.ar\/portal\/2014\/04\/29\/fue-donada-a-ferro-una-bandera-que-flameo-en-las-islas-malvinas\/","title":{"rendered":"FUE DONADA A FERRO UNA BANDERA QUE FLAME\u00d3 EN LAS ISLAS MALVINAS"},"content":{"rendered":"<p>El lunes 28 de abril de 2014, el Club Ferro Carril recibi\u00f3 la donaci\u00f3n de una bandera \u201cverdolaga\u201d que flame\u00f3 en las Islas Malvinas.<\/p>\n<p>El evento tuvo lugar en el centro del campo de juego, antes del partido con Gimnasia de Jujuy. All\u00ed, V\u00edctor Villagra, socio del club, (N\u00ba1250), quien en el a\u00f1o 1982 combati\u00f3 en las Islas Malvinas, acompa\u00f1ando por otro excombatiente, Luis Quinteros; entregaron el pabell\u00f3n a la instituci\u00f3n \u201cverdolaga\u201d.<\/p>\n<p>La bandera, \u00a0que en innumerables partidos estuvo acompa\u00f1ando al club en su estadio de Caballito, fue donada por el socio Horacio Sniezco. \u00a0V\u00edctor Villagra, Infante de Marina, viaj\u00f3 a las islas con motivo de los 30 a\u00f1os de la Gesta de Malvinas y all\u00ed la hizo flamear.<\/p>\n<p>Hoy, ante la presencia de representantes de la instituci\u00f3n, socios, amigos y simpatizantes, el querido \u201ctrapo verde\u201d fue donado al club para que pase a integrar el acervo del Museo del Club Ferro Carril Oeste.<\/p>\n<p>La bandera fue recibida en el centro del campo de juego por el se\u00f1or Daniel Viscligo, quien estuvo acompa\u00f1ado por Orestes Gatti, Roberto Nardi, Angel Contela y Rub\u00e9n Alberto Garc\u00eda.<\/p>\n<p>Por su parte, Visciligo, presidente de la Mutual de Socios del Club, entreg\u00f3 a los ex combatientes, como muestra de agradecimiento, un peque\u00f1o fragmento de los antiguos tablones de las tribunas.<\/p>\n<p>Antes de retirarse del c\u00e9sped para dar lugar al inicio del partido, hubo intercambio de fotos que fueron tomadas en las islas .No faltaron los emotivos abrazos y reconocimientos hacia quienes participaron, hace ya 32 a\u00f1os en aquella gesta. El p\u00fablico que ya se hab\u00eda ubicado en la popular y las plateas, acompa\u00f1\u00f3 con un emotivo y c\u00e1lido aplauso la presencia de los excombatientes.<\/p>\n<p><img loading=\"lazy\" decoding=\"async\" class=\"alignleft size-full wp-image-15088\" title=\"0 1\" src=\"http:\/\/caballitotequiero.com.ar\/portal\/wp-content\/uploads\/2014\/04\/0-16.jpg\" alt=\"\" width=\"555\" height=\"416\" srcset=\"http:\/\/caballitotequiero.com.ar\/portal\/wp-content\/uploads\/2014\/04\/0-16.jpg 555w, http:\/\/caballitotequiero.com.ar\/portal\/wp-content\/uploads\/2014\/04\/0-16-300x224.jpg 300w, http:\/\/caballitotequiero.com.ar\/portal\/wp-content\/uploads\/2014\/04\/0-16-80x60.jpg 80w\" sizes=\"auto, (max-width: 555px) 100vw, 555px\" \/><\/p>\n<div id=\"attachment_15089\" style=\"width: 565px\" class=\"wp-caption alignleft\"><img loading=\"lazy\" decoding=\"async\" aria-describedby=\"caption-attachment-15089\" class=\"size-full wp-image-15089\" src=\"http:\/\/caballitotequiero.com.ar\/portal\/wp-content\/uploads\/2014\/04\/0-22.jpg\" alt=\"\" width=\"555\" height=\"416\" srcset=\"http:\/\/caballitotequiero.com.ar\/portal\/wp-content\/uploads\/2014\/04\/0-22.jpg 555w, http:\/\/caballitotequiero.com.ar\/portal\/wp-content\/uploads\/2014\/04\/0-22-300x224.jpg 300w, http:\/\/caballitotequiero.com.ar\/portal\/wp-content\/uploads\/2014\/04\/0-22-80x60.jpg 80w\" sizes=\"auto, (max-width: 555px) 100vw, 555px\" \/><p id=\"caption-attachment-15089\" class=\"wp-caption-text\">Emotivo abrazo de V\u00edctor Villagra, socio de Ferro y ex combatiente con Daniel Visciglio, presidente de la Mutual de Ferro.<\/p><\/div>\n<div id=\"attachment_15090\" style=\"width: 565px\" class=\"wp-caption alignleft\"><img loading=\"lazy\" decoding=\"async\" aria-describedby=\"caption-attachment-15090\" class=\"size-full wp-image-15090\" src=\"http:\/\/caballitotequiero.com.ar\/portal\/wp-content\/uploads\/2014\/04\/0-32.jpg\" alt=\"\" width=\"555\" height=\"416\" srcset=\"http:\/\/caballitotequiero.com.ar\/portal\/wp-content\/uploads\/2014\/04\/0-32.jpg 555w, http:\/\/caballitotequiero.com.ar\/portal\/wp-content\/uploads\/2014\/04\/0-32-300x224.jpg 300w, http:\/\/caballitotequiero.com.ar\/portal\/wp-content\/uploads\/2014\/04\/0-32-80x60.jpg 80w\" sizes=\"auto, (max-width: 555px) 100vw, 555px\" \/><p id=\"caption-attachment-15090\" class=\"wp-caption-text\">Horacio Sniezko, V\u00edctor Vilagra, Luis Quinteros, Daniel Visciglio, Orestes Gatti y Roberto Nardi, con la bandera de Ferro<\/p><\/div>\n<div id=\"attachment_15091\" style=\"width: 565px\" class=\"wp-caption alignleft\"><img loading=\"lazy\" decoding=\"async\" aria-describedby=\"caption-attachment-15091\" class=\"size-full wp-image-15091\" src=\"http:\/\/caballitotequiero.com.ar\/portal\/wp-content\/uploads\/2014\/04\/0-41.jpg\" alt=\"\" width=\"555\" height=\"416\" srcset=\"http:\/\/caballitotequiero.com.ar\/portal\/wp-content\/uploads\/2014\/04\/0-41.jpg 555w, http:\/\/caballitotequiero.com.ar\/portal\/wp-content\/uploads\/2014\/04\/0-41-300x224.jpg 300w, http:\/\/caballitotequiero.com.ar\/portal\/wp-content\/uploads\/2014\/04\/0-41-80x60.jpg 80w\" sizes=\"auto, (max-width: 555px) 100vw, 555px\" \/><p id=\"caption-attachment-15091\" class=\"wp-caption-text\">Daniel Visciglio, emocionado luego de recibir la bandera.<\/p><\/div>\n<div id=\"attachment_15092\" style=\"width: 565px\" class=\"wp-caption alignleft\"><img loading=\"lazy\" decoding=\"async\" aria-describedby=\"caption-attachment-15092\" class=\"size-full wp-image-15092\" src=\"http:\/\/caballitotequiero.com.ar\/portal\/wp-content\/uploads\/2014\/04\/0-51.jpg\" alt=\"\" width=\"555\" height=\"416\" srcset=\"http:\/\/caballitotequiero.com.ar\/portal\/wp-content\/uploads\/2014\/04\/0-51.jpg 555w, http:\/\/caballitotequiero.com.ar\/portal\/wp-content\/uploads\/2014\/04\/0-51-300x224.jpg 300w, http:\/\/caballitotequiero.com.ar\/portal\/wp-content\/uploads\/2014\/04\/0-51-80x60.jpg 80w\" sizes=\"auto, (max-width: 555px) 100vw, 555px\" \/><p id=\"caption-attachment-15092\" class=\"wp-caption-text\">Horacio Sniezko y Victor Villagra reciben un pedacito de tabl\u00f3n de Ferro, junto a ellos Angel Kelly Contela.<\/p><\/div>\n<div id=\"attachment_15093\" style=\"width: 565px\" class=\"wp-caption alignleft\"><img loading=\"lazy\" decoding=\"async\" aria-describedby=\"caption-attachment-15093\" class=\"size-full wp-image-15093\" src=\"http:\/\/caballitotequiero.com.ar\/portal\/wp-content\/uploads\/2014\/04\/0-6.jpg\" alt=\"\" width=\"555\" height=\"416\" srcset=\"http:\/\/caballitotequiero.com.ar\/portal\/wp-content\/uploads\/2014\/04\/0-6.jpg 555w, http:\/\/caballitotequiero.com.ar\/portal\/wp-content\/uploads\/2014\/04\/0-6-300x224.jpg 300w, http:\/\/caballitotequiero.com.ar\/portal\/wp-content\/uploads\/2014\/04\/0-6-80x60.jpg 80w\" sizes=\"auto, (max-width: 555px) 100vw, 555px\" \/><p id=\"caption-attachment-15093\" class=\"wp-caption-text\">Mostrando las fotos con la bandera en Malvinas.<\/p><\/div>\n<div id=\"attachment_15094\" style=\"width: 565px\" class=\"wp-caption alignleft\"><img loading=\"lazy\" decoding=\"async\" aria-describedby=\"caption-attachment-15094\" class=\"size-full wp-image-15094\" src=\"http:\/\/caballitotequiero.com.ar\/portal\/wp-content\/uploads\/2014\/04\/0-7.jpg\" alt=\"\" width=\"555\" height=\"386\" srcset=\"http:\/\/caballitotequiero.com.ar\/portal\/wp-content\/uploads\/2014\/04\/0-7.jpg 555w, http:\/\/caballitotequiero.com.ar\/portal\/wp-content\/uploads\/2014\/04\/0-7-300x208.jpg 300w\" sizes=\"auto, (max-width: 555px) 100vw, 555px\" \/><p id=\"caption-attachment-15094\" class=\"wp-caption-text\">Foto tomada en las Islas Malvinas<\/p><\/div>\n","protected":false},"excerpt":{"rendered":"<p>El lunes 28 de abril de 2014, el Club Ferro Carril recibi\u00f3 la donaci\u00f3n de una bandera \u201cverdolaga\u201d que flame\u00f3 en las Islas Malvinas. El evento tuvo lugar en el centro del campo de juego, antes del partido con Gimnasia de Jujuy. All\u00ed, V\u00edctor Villagra, socio del club, (N\u00ba1250), quien en el a\u00f1o 1982 combati\u00f3 [&hellip;]<\/p>\n","protected":false},"author":1,"featured_media":15095,"comment_status":"open","ping_status":"open","sticky":false,"template":"","format":"standard","meta":{"footnotes":""},"categories":[5],"tags":[],"class_list":["post-15087","post","type-post","status-publish","format-standard","has-post-thumbnail","hentry","category-noticias"],"_links":{"self":[{"href":"http:\/\/caballitotequiero.com.ar\/portal\/wp-json\/wp\/v2\/posts\/15087","targetHints":{"allow":["GET"]}}],"collection":[{"href":"http:\/\/caballitotequiero.com.ar\/portal\/wp-json\/wp\/v2\/posts"}],"about":[{"href":"http:\/\/caballitotequiero.com.ar\/portal\/wp-json\/wp\/v2\/types\/post"}],"author":[{"embeddable":true,"href":"http:\/\/caballitotequiero.com.ar\/portal\/wp-json\/wp\/v2\/users\/1"}],"replies":[{"embeddable":true,"href":"http:\/\/caballitotequiero.com.ar\/portal\/wp-json\/wp\/v2\/comments?post=15087"}],"version-history":[{"count":3,"href":"http:\/\/caballitotequiero.com.ar\/portal\/wp-json\/wp\/v2\/posts\/15087\/revisions"}],"predecessor-version":[{"id":15097,"href":"http:\/\/caballitotequiero.com.ar\/portal\/wp-json\/wp\/v2\/posts\/15087\/revisions\/15097"}],"wp:featuredmedia":[{"embeddable":true,"href":"http:\/\/caballitotequiero.com.ar\/portal\/wp-json\/wp\/v2\/media\/15095"}],"wp:attachment":[{"href":"http:\/\/caballitotequiero.com.ar\/portal\/wp-json\/wp\/v2\/media?parent=15087"}],"wp:term":[{"taxonomy":"category","embeddable":true,"href":"http:\/\/caballitotequiero.com.ar\/portal\/wp-json\/wp\/v2\/categories?post=15087"},{"taxonomy":"post_tag","embeddable":true,"href":"http:\/\/caballitotequiero.com.ar\/portal\/wp-json\/wp\/v2\/tags?post=15087"}],"curies":[{"name":"wp","href":"https:\/\/api.w.org\/{rel}","templated":true}]}}