{"id":15099,"date":"2014-04-29T13:24:32","date_gmt":"2014-04-29T16:24:32","guid":{"rendered":"http:\/\/caballitotequiero.com.ar\/portal\/?p=15099"},"modified":"2014-04-29T13:30:49","modified_gmt":"2014-04-29T16:30:49","slug":"festejo-sus-46-anos-el-rotary-club-de-caballito","status":"publish","type":"post","link":"http:\/\/caballitotequiero.com.ar\/portal\/2014\/04\/29\/festejo-sus-46-anos-el-rotary-club-de-caballito\/","title":{"rendered":"FESTEJ\u00d3 SUS 46 A\u00d1OS EL ROTARY CLUB DE CABALLITO"},"content":{"rendered":"<p>El lunes 28 de abril el Rotary Club de Caballito festej\u00f3 su 46\u00ba Aniversario. \u00a0El evento tuvo lugar en el \u00a0Centro de Oficiales Retirados de la Polic\u00eda Federal Argentina, lugar donde se realizan habitualmente sus encuentros.<\/p>\n<p>Concurrieron al festejo socios e invitados, entre ellos miembros y autoridades del Rotary Club de Flores y la past gobernadora \u00a0Mar\u00eda Teresa Neira.<\/p>\n<p>Como es habitual, la reuni\u00f3n fue presidida por Alberto Raguzzi, secundado por el secretario Gustavo Perez Fagonde. Raguzzi agradeci\u00f3 la presencia de los socios e invitados y se refiri\u00f3 a los 46 a\u00f1os de trayectoria de esta instituci\u00f3n.<\/p>\n<p>Durante el evento hizo uso de la palabra la presidenta de la Rueda femenina, Dra. Hebe Fern\u00e1ndez de Rojo, quien relat\u00f3 las innumerables tareas realizadas y tuvo una menci\u00f3n especial hacia los pioneros de la instituci\u00f3n, como An\u00edbal Fern\u00e1ndez y S\u00f3crates Bertini entre otros.<\/p>\n<p>Por su parte An\u00edbal Fern\u00e1ndez, socio fundador, tuvo palabras de reconocimientos hacia el Rotary de Flores, quien los apadrin\u00f3. Se refiri\u00f3 tambi\u00e9n al pasado de la instituci\u00f3n y al presente con las tareas solidarias relacionadas con el Hospital Durand, Hospital Mar\u00eda Curie, Escuela de Educaci\u00f3n Especial N\u00ba35 Estrada, Escuela Santa Cecilia, entre otras. Expres\u00f3 que el Rotary debe trabajar por los j\u00f3venes y por la educaci\u00f3n, como una apuesta al futuro.<\/p>\n<p>La past gobernadora y socia honoraria, \u00a0Mar\u00eda Teresa Neira felicit\u00f3 a las autoridades del Club de Caballito por haber incrementado su membres\u00eda, la cual sigue en constante crecimiento, lo que los convierte en uno de los clubes rotarios con mayor cantidad de socios y actividades.<\/p>\n<p>Luego de la cena tuvo lugar un n\u00famero art\u00edstico con la actuaci\u00f3n del cantante de tango Pablo Javier, quien fue aplaudido con entusiasmo por el p\u00fablico.<\/p>\n<p>Finalmente lleg\u00f3 la hora de apagar las velitas. La torta, como ya es tradici\u00f3n, fue un regalo de la Rueda Femenina y los socios m\u00e1s antiguos fueron convocados para cantar el \u201cFeliz Cumplea\u00f1os\u201d.<\/p>\n<p>En un c\u00e1lido clima de amistad y camarader\u00eda, los presentes brindaron por muchos a\u00f1os m\u00e1s de trabajo fecundo y solidario.<\/p>\n<p>Horizonte felicita en este nuevo aniversario a esta emblem\u00e1tica instituci\u00f3n que, trabaja por el barrio.<\/p>\n<p><img loading=\"lazy\" decoding=\"async\" class=\"alignleft size-full wp-image-15100\" src=\"http:\/\/caballitotequiero.com.ar\/portal\/wp-content\/uploads\/2014\/04\/128.jpg\" alt=\"\" width=\"555\" height=\"416\" srcset=\"http:\/\/caballitotequiero.com.ar\/portal\/wp-content\/uploads\/2014\/04\/128.jpg 555w, http:\/\/caballitotequiero.com.ar\/portal\/wp-content\/uploads\/2014\/04\/128-300x224.jpg 300w, http:\/\/caballitotequiero.com.ar\/portal\/wp-content\/uploads\/2014\/04\/128-80x60.jpg 80w\" sizes=\"auto, (max-width: 555px) 100vw, 555px\" \/><img loading=\"lazy\" decoding=\"async\" class=\"alignleft size-full wp-image-15101\" src=\"http:\/\/caballitotequiero.com.ar\/portal\/wp-content\/uploads\/2014\/04\/29.jpg\" alt=\"\" width=\"555\" height=\"416\" srcset=\"http:\/\/caballitotequiero.com.ar\/portal\/wp-content\/uploads\/2014\/04\/29.jpg 555w, http:\/\/caballitotequiero.com.ar\/portal\/wp-content\/uploads\/2014\/04\/29-300x224.jpg 300w, http:\/\/caballitotequiero.com.ar\/portal\/wp-content\/uploads\/2014\/04\/29-80x60.jpg 80w\" sizes=\"auto, (max-width: 555px) 100vw, 555px\" \/><\/p>\n<div id=\"attachment_15102\" style=\"width: 565px\" class=\"wp-caption alignleft\"><img loading=\"lazy\" decoding=\"async\" aria-describedby=\"caption-attachment-15102\" class=\"size-full wp-image-15102\" src=\"http:\/\/caballitotequiero.com.ar\/portal\/wp-content\/uploads\/2014\/04\/37.jpg\" alt=\"\" width=\"555\" height=\"416\" srcset=\"http:\/\/caballitotequiero.com.ar\/portal\/wp-content\/uploads\/2014\/04\/37.jpg 555w, http:\/\/caballitotequiero.com.ar\/portal\/wp-content\/uploads\/2014\/04\/37-300x224.jpg 300w, http:\/\/caballitotequiero.com.ar\/portal\/wp-content\/uploads\/2014\/04\/37-80x60.jpg 80w\" sizes=\"auto, (max-width: 555px) 100vw, 555px\" \/><p id=\"caption-attachment-15102\" class=\"wp-caption-text\">El presidente Alberto Raguzzi junto a la past gobernadora Mar\u00eda Teresa Neira y el secretario Gustavo Perez Fagonde.<\/p><\/div>\n<p><img loading=\"lazy\" decoding=\"async\" class=\"alignleft size-full wp-image-15103\" src=\"http:\/\/caballitotequiero.com.ar\/portal\/wp-content\/uploads\/2014\/04\/48.jpg\" alt=\"\" width=\"555\" height=\"416\" srcset=\"http:\/\/caballitotequiero.com.ar\/portal\/wp-content\/uploads\/2014\/04\/48.jpg 555w, http:\/\/caballitotequiero.com.ar\/portal\/wp-content\/uploads\/2014\/04\/48-300x224.jpg 300w, http:\/\/caballitotequiero.com.ar\/portal\/wp-content\/uploads\/2014\/04\/48-80x60.jpg 80w\" sizes=\"auto, (max-width: 555px) 100vw, 555px\" \/><img loading=\"lazy\" decoding=\"async\" class=\"alignleft size-full wp-image-15104\" src=\"http:\/\/caballitotequiero.com.ar\/portal\/wp-content\/uploads\/2014\/04\/59.jpg\" alt=\"\" width=\"555\" height=\"416\" srcset=\"http:\/\/caballitotequiero.com.ar\/portal\/wp-content\/uploads\/2014\/04\/59.jpg 555w, http:\/\/caballitotequiero.com.ar\/portal\/wp-content\/uploads\/2014\/04\/59-300x224.jpg 300w, http:\/\/caballitotequiero.com.ar\/portal\/wp-content\/uploads\/2014\/04\/59-80x60.jpg 80w\" sizes=\"auto, (max-width: 555px) 100vw, 555px\" \/><img loading=\"lazy\" decoding=\"async\" class=\"alignleft size-full wp-image-15105\" src=\"http:\/\/caballitotequiero.com.ar\/portal\/wp-content\/uploads\/2014\/04\/67.jpg\" alt=\"\" width=\"555\" height=\"416\" srcset=\"http:\/\/caballitotequiero.com.ar\/portal\/wp-content\/uploads\/2014\/04\/67.jpg 555w, http:\/\/caballitotequiero.com.ar\/portal\/wp-content\/uploads\/2014\/04\/67-300x224.jpg 300w, http:\/\/caballitotequiero.com.ar\/portal\/wp-content\/uploads\/2014\/04\/67-80x60.jpg 80w\" sizes=\"auto, (max-width: 555px) 100vw, 555px\" \/><img loading=\"lazy\" decoding=\"async\" class=\"alignleft size-full wp-image-15106\" src=\"http:\/\/caballitotequiero.com.ar\/portal\/wp-content\/uploads\/2014\/04\/77.jpg\" alt=\"\" width=\"555\" height=\"416\" srcset=\"http:\/\/caballitotequiero.com.ar\/portal\/wp-content\/uploads\/2014\/04\/77.jpg 555w, http:\/\/caballitotequiero.com.ar\/portal\/wp-content\/uploads\/2014\/04\/77-300x224.jpg 300w, http:\/\/caballitotequiero.com.ar\/portal\/wp-content\/uploads\/2014\/04\/77-80x60.jpg 80w\" sizes=\"auto, (max-width: 555px) 100vw, 555px\" \/><img loading=\"lazy\" decoding=\"async\" class=\"alignleft size-full wp-image-15107\" src=\"http:\/\/caballitotequiero.com.ar\/portal\/wp-content\/uploads\/2014\/04\/87.jpg\" alt=\"\" width=\"555\" height=\"416\" srcset=\"http:\/\/caballitotequiero.com.ar\/portal\/wp-content\/uploads\/2014\/04\/87.jpg 555w, http:\/\/caballitotequiero.com.ar\/portal\/wp-content\/uploads\/2014\/04\/87-300x224.jpg 300w, http:\/\/caballitotequiero.com.ar\/portal\/wp-content\/uploads\/2014\/04\/87-80x60.jpg 80w\" sizes=\"auto, (max-width: 555px) 100vw, 555px\" \/><img loading=\"lazy\" decoding=\"async\" class=\"alignleft size-full wp-image-15108\" src=\"http:\/\/caballitotequiero.com.ar\/portal\/wp-content\/uploads\/2014\/04\/96.jpg\" alt=\"\" width=\"555\" height=\"416\" srcset=\"http:\/\/caballitotequiero.com.ar\/portal\/wp-content\/uploads\/2014\/04\/96.jpg 555w, http:\/\/caballitotequiero.com.ar\/portal\/wp-content\/uploads\/2014\/04\/96-300x224.jpg 300w, http:\/\/caballitotequiero.com.ar\/portal\/wp-content\/uploads\/2014\/04\/96-80x60.jpg 80w\" sizes=\"auto, (max-width: 555px) 100vw, 555px\" \/><img loading=\"lazy\" decoding=\"async\" class=\"alignleft size-full wp-image-15109\" src=\"http:\/\/caballitotequiero.com.ar\/portal\/wp-content\/uploads\/2014\/04\/106.jpg\" alt=\"\" width=\"555\" height=\"416\" srcset=\"http:\/\/caballitotequiero.com.ar\/portal\/wp-content\/uploads\/2014\/04\/106.jpg 555w, http:\/\/caballitotequiero.com.ar\/portal\/wp-content\/uploads\/2014\/04\/106-300x224.jpg 300w, http:\/\/caballitotequiero.com.ar\/portal\/wp-content\/uploads\/2014\/04\/106-80x60.jpg 80w\" sizes=\"auto, (max-width: 555px) 100vw, 555px\" \/><img loading=\"lazy\" decoding=\"async\" class=\"alignleft size-full wp-image-15110\" src=\"http:\/\/caballitotequiero.com.ar\/portal\/wp-content\/uploads\/2014\/04\/1111.jpg\" alt=\"\" width=\"555\" height=\"416\" srcset=\"http:\/\/caballitotequiero.com.ar\/portal\/wp-content\/uploads\/2014\/04\/1111.jpg 555w, http:\/\/caballitotequiero.com.ar\/portal\/wp-content\/uploads\/2014\/04\/1111-300x224.jpg 300w, http:\/\/caballitotequiero.com.ar\/portal\/wp-content\/uploads\/2014\/04\/1111-80x60.jpg 80w\" sizes=\"auto, (max-width: 555px) 100vw, 555px\" \/><\/p>\n<div id=\"attachment_15111\" style=\"width: 565px\" class=\"wp-caption alignleft\"><img loading=\"lazy\" decoding=\"async\" aria-describedby=\"caption-attachment-15111\" class=\"size-full wp-image-15111\" src=\"http:\/\/caballitotequiero.com.ar\/portal\/wp-content\/uploads\/2014\/04\/129.jpg\" alt=\"\" width=\"555\" height=\"416\" srcset=\"http:\/\/caballitotequiero.com.ar\/portal\/wp-content\/uploads\/2014\/04\/129.jpg 555w, http:\/\/caballitotequiero.com.ar\/portal\/wp-content\/uploads\/2014\/04\/129-300x224.jpg 300w, http:\/\/caballitotequiero.com.ar\/portal\/wp-content\/uploads\/2014\/04\/129-80x60.jpg 80w\" sizes=\"auto, (max-width: 555px) 100vw, 555px\" \/><p id=\"caption-attachment-15111\" class=\"wp-caption-text\">La Dra. Hebe Fern\u00e1ndez de Rojo, presidenta de la Rueda Femenina felicit\u00f3 al Rotary por sus 46 a\u00f1os y las tareas realizadas<\/p><\/div>\n<div id=\"attachment_15112\" style=\"width: 565px\" class=\"wp-caption alignleft\"><img loading=\"lazy\" decoding=\"async\" aria-describedby=\"caption-attachment-15112\" class=\"size-full wp-image-15112\" src=\"http:\/\/caballitotequiero.com.ar\/portal\/wp-content\/uploads\/2014\/04\/135.jpg\" alt=\"\" width=\"555\" height=\"416\" srcset=\"http:\/\/caballitotequiero.com.ar\/portal\/wp-content\/uploads\/2014\/04\/135.jpg 555w, http:\/\/caballitotequiero.com.ar\/portal\/wp-content\/uploads\/2014\/04\/135-300x224.jpg 300w, http:\/\/caballitotequiero.com.ar\/portal\/wp-content\/uploads\/2014\/04\/135-80x60.jpg 80w\" sizes=\"auto, (max-width: 555px) 100vw, 555px\" \/><p id=\"caption-attachment-15112\" class=\"wp-caption-text\">An\u00edbal Fern\u00e1ndez, socio fundador, hablando de la historia de la instituci\u00f3n.<\/p><\/div>\n<div id=\"attachment_15113\" style=\"width: 565px\" class=\"wp-caption alignleft\"><img loading=\"lazy\" decoding=\"async\" aria-describedby=\"caption-attachment-15113\" class=\"size-full wp-image-15113\" src=\"http:\/\/caballitotequiero.com.ar\/portal\/wp-content\/uploads\/2014\/04\/144.jpg\" alt=\"\" width=\"555\" height=\"416\" srcset=\"http:\/\/caballitotequiero.com.ar\/portal\/wp-content\/uploads\/2014\/04\/144.jpg 555w, http:\/\/caballitotequiero.com.ar\/portal\/wp-content\/uploads\/2014\/04\/144-300x224.jpg 300w, http:\/\/caballitotequiero.com.ar\/portal\/wp-content\/uploads\/2014\/04\/144-80x60.jpg 80w\" sizes=\"auto, (max-width: 555px) 100vw, 555px\" \/><p id=\"caption-attachment-15113\" class=\"wp-caption-text\">Tango con Pablo Javier y una brillante interpretaci\u00f3n de &quot;Balada para un Loco&quot;<\/p><\/div>\n<div id=\"attachment_15114\" style=\"width: 565px\" class=\"wp-caption alignleft\"><img loading=\"lazy\" decoding=\"async\" aria-describedby=\"caption-attachment-15114\" class=\"size-full wp-image-15114\" src=\"http:\/\/caballitotequiero.com.ar\/portal\/wp-content\/uploads\/2014\/04\/153.jpg\" alt=\"\" width=\"555\" height=\"416\" srcset=\"http:\/\/caballitotequiero.com.ar\/portal\/wp-content\/uploads\/2014\/04\/153.jpg 555w, http:\/\/caballitotequiero.com.ar\/portal\/wp-content\/uploads\/2014\/04\/153-300x224.jpg 300w, http:\/\/caballitotequiero.com.ar\/portal\/wp-content\/uploads\/2014\/04\/153-80x60.jpg 80w\" sizes=\"auto, (max-width: 555px) 100vw, 555px\" \/><p id=\"caption-attachment-15114\" class=\"wp-caption-text\">An\u00edbal Fern\u00e1ndez y Alberto Raguzzi soplando las velitas.<\/p><\/div>\n<p><img loading=\"lazy\" decoding=\"async\" class=\"alignleft size-full wp-image-15115\" src=\"http:\/\/caballitotequiero.com.ar\/portal\/wp-content\/uploads\/2014\/04\/163.jpg\" alt=\"\" width=\"555\" height=\"371\" srcset=\"http:\/\/caballitotequiero.com.ar\/portal\/wp-content\/uploads\/2014\/04\/163.jpg 555w, http:\/\/caballitotequiero.com.ar\/portal\/wp-content\/uploads\/2014\/04\/163-300x200.jpg 300w\" sizes=\"auto, (max-width: 555px) 100vw, 555px\" \/><img loading=\"lazy\" decoding=\"async\" class=\"alignleft size-full wp-image-15116\" title=\"17\" src=\"http:\/\/caballitotequiero.com.ar\/portal\/wp-content\/uploads\/2014\/04\/172.jpg\" alt=\"\" width=\"555\" height=\"371\" srcset=\"http:\/\/caballitotequiero.com.ar\/portal\/wp-content\/uploads\/2014\/04\/172.jpg 555w, http:\/\/caballitotequiero.com.ar\/portal\/wp-content\/uploads\/2014\/04\/172-300x200.jpg 300w\" sizes=\"auto, (max-width: 555px) 100vw, 555px\" \/><\/p>\n<div id=\"attachment_15117\" style=\"width: 565px\" class=\"wp-caption alignleft\"><img loading=\"lazy\" decoding=\"async\" aria-describedby=\"caption-attachment-15117\" class=\"size-full wp-image-15117\" title=\"18\" src=\"http:\/\/caballitotequiero.com.ar\/portal\/wp-content\/uploads\/2014\/04\/182.jpg\" alt=\"\" width=\"555\" height=\"371\" srcset=\"http:\/\/caballitotequiero.com.ar\/portal\/wp-content\/uploads\/2014\/04\/182.jpg 555w, http:\/\/caballitotequiero.com.ar\/portal\/wp-content\/uploads\/2014\/04\/182-300x200.jpg 300w\" sizes=\"auto, (max-width: 555px) 100vw, 555px\" \/><p id=\"caption-attachment-15117\" class=\"wp-caption-text\">Roberto P\u00e9rez, past presidente, junto a Jorge Carcavallo, especialista en Comunicaci\u00f3n y Arnaldo Goenaga, presidente de la Asociaci\u00f3n de Fomento General Alvear<\/p><\/div>\n<p><img loading=\"lazy\" decoding=\"async\" class=\"alignleft size-full wp-image-15118\" src=\"http:\/\/caballitotequiero.com.ar\/portal\/wp-content\/uploads\/2014\/04\/192.jpg\" alt=\"\" width=\"555\" height=\"371\" srcset=\"http:\/\/caballitotequiero.com.ar\/portal\/wp-content\/uploads\/2014\/04\/192.jpg 555w, http:\/\/caballitotequiero.com.ar\/portal\/wp-content\/uploads\/2014\/04\/192-300x200.jpg 300w\" sizes=\"auto, (max-width: 555px) 100vw, 555px\" \/><img loading=\"lazy\" decoding=\"async\" class=\"alignleft size-full wp-image-15119\" src=\"http:\/\/caballitotequiero.com.ar\/portal\/wp-content\/uploads\/2014\/04\/201.jpg\" alt=\"\" width=\"555\" height=\"371\" srcset=\"http:\/\/caballitotequiero.com.ar\/portal\/wp-content\/uploads\/2014\/04\/201.jpg 555w, http:\/\/caballitotequiero.com.ar\/portal\/wp-content\/uploads\/2014\/04\/201-300x200.jpg 300w\" sizes=\"auto, (max-width: 555px) 100vw, 555px\" \/><\/p>\n","protected":false},"excerpt":{"rendered":"<p>El lunes 28 de abril el Rotary Club de Caballito festej\u00f3 su 46\u00ba Aniversario. \u00a0El evento tuvo lugar en el \u00a0Centro de Oficiales Retirados de la Polic\u00eda Federal Argentina, lugar donde se realizan habitualmente sus encuentros. Concurrieron al festejo socios e invitados, entre ellos miembros y autoridades del Rotary Club de Flores y la past [&hellip;]<\/p>\n","protected":false},"author":1,"featured_media":15120,"comment_status":"open","ping_status":"open","sticky":false,"template":"","format":"standard","meta":{"footnotes":""},"categories":[5],"tags":[],"class_list":["post-15099","post","type-post","status-publish","format-standard","has-post-thumbnail","hentry","category-noticias"],"_links":{"self":[{"href":"http:\/\/caballitotequiero.com.ar\/portal\/wp-json\/wp\/v2\/posts\/15099","targetHints":{"allow":["GET"]}}],"collection":[{"href":"http:\/\/caballitotequiero.com.ar\/portal\/wp-json\/wp\/v2\/posts"}],"about":[{"href":"http:\/\/caballitotequiero.com.ar\/portal\/wp-json\/wp\/v2\/types\/post"}],"author":[{"embeddable":true,"href":"http:\/\/caballitotequiero.com.ar\/portal\/wp-json\/wp\/v2\/users\/1"}],"replies":[{"embeddable":true,"href":"http:\/\/caballitotequiero.com.ar\/portal\/wp-json\/wp\/v2\/comments?post=15099"}],"version-history":[{"count":5,"href":"http:\/\/caballitotequiero.com.ar\/portal\/wp-json\/wp\/v2\/posts\/15099\/revisions"}],"predecessor-version":[{"id":15122,"href":"http:\/\/caballitotequiero.com.ar\/portal\/wp-json\/wp\/v2\/posts\/15099\/revisions\/15122"}],"wp:featuredmedia":[{"embeddable":true,"href":"http:\/\/caballitotequiero.com.ar\/portal\/wp-json\/wp\/v2\/media\/15120"}],"wp:attachment":[{"href":"http:\/\/caballitotequiero.com.ar\/portal\/wp-json\/wp\/v2\/media?parent=15099"}],"wp:term":[{"taxonomy":"category","embeddable":true,"href":"http:\/\/caballitotequiero.com.ar\/portal\/wp-json\/wp\/v2\/categories?post=15099"},{"taxonomy":"post_tag","embeddable":true,"href":"http:\/\/caballitotequiero.com.ar\/portal\/wp-json\/wp\/v2\/tags?post=15099"}],"curies":[{"name":"wp","href":"https:\/\/api.w.org\/{rel}","templated":true}]}}