{"id":15126,"date":"2014-04-29T13:41:34","date_gmt":"2014-04-29T16:41:34","guid":{"rendered":"http:\/\/caballitotequiero.com.ar\/portal\/?p=15126"},"modified":"2014-04-29T13:41:34","modified_gmt":"2014-04-29T16:41:34","slug":"invitacion-del-hospital-durand-en-la-semana-mundial-del-asma","status":"publish","type":"post","link":"http:\/\/caballitotequiero.com.ar\/portal\/2014\/04\/29\/invitacion-del-hospital-durand-en-la-semana-mundial-del-asma\/","title":{"rendered":"INVITACI\u00d3N DEL HOSPITAL DURAND EN LA \u00abSEMANA MUNDIAL DEL ASMA\u00bb"},"content":{"rendered":"<p>La Asociaci\u00f3n de Profesionales Universitarios del Hospital Durand invita a la charla \u00a0titulada\u00a0<strong>\u00ab\u00bfTengo asma o tengo EPOC?\u201d.<\/strong><\/p>\n<p>En el contexto de la\u00a0<strong>Semana Mundial del Asma<\/strong>, que tendr\u00e1 lugar\u00a0entre el 5 y el 9 de mayo, la Red de Alergia del GCBA realizar\u00e1 una actividad central el d\u00eda 6 en el Hospital Fern\u00e1ndez, y\u00a0suplementariamente un n\u00famero de hospitales va a realizar otras actividades alusivas\u00a0destinadas a los pacientes.<\/p>\n<p>El Durand estar\u00e1 presente, y con ese fin,\u00a0el Dr. Alberto Jorge Tolcachier y el Dr. Miguel Angel Feola dar\u00e1n al p\u00fablico una charla de car\u00e1cter coloquial titulada\u00a0\u00a0<strong>\u00ab\u00bfTengo asma o tengo EPOC?\u201d.<\/strong><\/p>\n<p>Dicha charla tendr\u00e1 lugar el\u00a0<strong>d\u00eda 8 de mayo, de 9:30 a 10:30 hs. en el aula Mayor de la APUHD, Pabell\u00f3n Villanueva, Planta Baja.<\/strong><\/p>\n<p><strong>Av. D\u00edaz V\u00e9lez 5044.<\/strong><\/p>\n<p><strong><img loading=\"lazy\" decoding=\"async\" class=\"alignleft size-full wp-image-15127\" src=\"http:\/\/caballitotequiero.com.ar\/portal\/wp-content\/uploads\/2014\/04\/asma.jpg\" alt=\"\" width=\"555\" height=\"416\" srcset=\"http:\/\/caballitotequiero.com.ar\/portal\/wp-content\/uploads\/2014\/04\/asma.jpg 555w, http:\/\/caballitotequiero.com.ar\/portal\/wp-content\/uploads\/2014\/04\/asma-300x224.jpg 300w, http:\/\/caballitotequiero.com.ar\/portal\/wp-content\/uploads\/2014\/04\/asma-80x60.jpg 80w\" sizes=\"auto, (max-width: 555px) 100vw, 555px\" \/><br \/>\n<\/strong><\/p>\n","protected":false},"excerpt":{"rendered":"<p>La Asociaci\u00f3n de Profesionales Universitarios del Hospital Durand invita a la charla \u00a0titulada\u00a0\u00ab\u00bfTengo asma o tengo EPOC?\u201d. En el contexto de la\u00a0Semana Mundial del Asma, que tendr\u00e1 lugar\u00a0entre el 5 y el 9 de mayo, la Red de Alergia del GCBA realizar\u00e1 una actividad central el d\u00eda 6 en el Hospital Fern\u00e1ndez, y\u00a0suplementariamente un n\u00famero [&hellip;]<\/p>\n","protected":false},"author":1,"featured_media":15128,"comment_status":"open","ping_status":"open","sticky":false,"template":"","format":"standard","meta":{"footnotes":""},"categories":[5],"tags":[],"class_list":["post-15126","post","type-post","status-publish","format-standard","has-post-thumbnail","hentry","category-noticias"],"_links":{"self":[{"href":"http:\/\/caballitotequiero.com.ar\/portal\/wp-json\/wp\/v2\/posts\/15126","targetHints":{"allow":["GET"]}}],"collection":[{"href":"http:\/\/caballitotequiero.com.ar\/portal\/wp-json\/wp\/v2\/posts"}],"about":[{"href":"http:\/\/caballitotequiero.com.ar\/portal\/wp-json\/wp\/v2\/types\/post"}],"author":[{"embeddable":true,"href":"http:\/\/caballitotequiero.com.ar\/portal\/wp-json\/wp\/v2\/users\/1"}],"replies":[{"embeddable":true,"href":"http:\/\/caballitotequiero.com.ar\/portal\/wp-json\/wp\/v2\/comments?post=15126"}],"version-history":[{"count":2,"href":"http:\/\/caballitotequiero.com.ar\/portal\/wp-json\/wp\/v2\/posts\/15126\/revisions"}],"predecessor-version":[{"id":15130,"href":"http:\/\/caballitotequiero.com.ar\/portal\/wp-json\/wp\/v2\/posts\/15126\/revisions\/15130"}],"wp:featuredmedia":[{"embeddable":true,"href":"http:\/\/caballitotequiero.com.ar\/portal\/wp-json\/wp\/v2\/media\/15128"}],"wp:attachment":[{"href":"http:\/\/caballitotequiero.com.ar\/portal\/wp-json\/wp\/v2\/media?parent=15126"}],"wp:term":[{"taxonomy":"category","embeddable":true,"href":"http:\/\/caballitotequiero.com.ar\/portal\/wp-json\/wp\/v2\/categories?post=15126"},{"taxonomy":"post_tag","embeddable":true,"href":"http:\/\/caballitotequiero.com.ar\/portal\/wp-json\/wp\/v2\/tags?post=15126"}],"curies":[{"name":"wp","href":"https:\/\/api.w.org\/{rel}","templated":true}]}}