{"id":1513,"date":"2011-04-17T13:15:40","date_gmt":"2011-04-17T16:15:40","guid":{"rendered":"http:\/\/caballitotequiero.com.ar\/portal\/?p=1513"},"modified":"2011-04-20T13:27:09","modified_gmt":"2011-04-20T16:27:09","slug":"la-senadora-maria-eugenia-estenssoro-dialogo-con-vecinos-en-el-parque-rivadavia-y-presento-a-su-candidato-a-jefe-comunal","status":"publish","type":"post","link":"http:\/\/caballitotequiero.com.ar\/portal\/2011\/04\/17\/la-senadora-maria-eugenia-estenssoro-dialogo-con-vecinos-en-el-parque-rivadavia-y-presento-a-su-candidato-a-jefe-comunal\/","title":{"rendered":"LA SENADORA MAR\u00cdA EUGENIA ESTENSSORO DIALOG\u00d3 CON VECINOS EN EL PARQUE RIVADAVIA Y PRESENT\u00d3 A SU CANDIDATO A JEFE COMUNAL"},"content":{"rendered":"<div id=\"_mcePaste\">El s\u00e1bado 16 de abril, la Senadora Nacional Mar\u00eda Eugenia Estenssoro, candidata a la jefatura de gobierno de la Ciudad de Buenos Aires por la Coalici\u00f3n C\u00edvica, se hizo presente en el Parque Rivadavia. All\u00ed se reuni\u00f3 con un importante n\u00famero de vecinos, en el extremo del parque, sobre la calle Rosario, cercano a la esquina con Doblas.<\/div>\n<div id=\"_mcePaste\">Estuvo acompa\u00f1ada por el Legislador Sergio Abrevaya;  y los candidatos a integrar la futura Junta Comunal de Caballito:   Arnaldo Sokol (dirigente de Uni\u00f3n por Todos) y participante del Pre Consejo Comunal, convocado por el CGPC 6; y  Mariano Scorzelli (referente del ARI).<\/div>\n<div id=\"_mcePaste\">La Senadora Estenssoro  hizo referencia a los problemas de seguridad y educaci\u00f3n que aquejan a la ciudad. Asegur\u00f3 que a partir de una mayor distribuci\u00f3n presupuestaria y del di\u00e1logo con el gobierno nacional, ambas problem\u00e1ticas pueden solucionarse.<\/div>\n<div id=\"_mcePaste\">Hizo hincapi\u00e9 en la importancia que tendr\u00e1n para el vecino las futuras comunas  y  present\u00f3 a los referentes barriales, Arnaldo Sokol y Mariano Scorzelli, quienes integrar\u00e1n la lista de la Junta Comunal.<\/div>\n<div id=\"_mcePaste\">Estensoro pregunt\u00f3 a los presentes si ten\u00edan conocimiento sobre las futuras comunas, no recibiendo respuesta alguna, se refiri\u00f3 al tema: \u201cAll\u00ed se podr\u00e1 ejercer libremente el juego democr\u00e1tico, ya que los vecinos podr\u00e1n participar en las decisiones que afecten a su barrio\u201d, expreso la Senadora.<\/div>\n<div id=\"_mcePaste\">En una breve rese\u00f1a sobre el barrio, Mariano Scorzelli expres\u00f3:<\/div>\n<div id=\"_mcePaste\">\u201cEn Caballito ten\u00edamos la Feria de Numism\u00e1tica. Ten\u00edamos espect\u00e1culos culturales en el Parque Rivadavia. Ten\u00edamos un importante club que compet\u00eda por los campeonatos de f\u00fatbol de Primera A y hoy, est\u00e1 viviendo el riesgo de una quiebra, me refiero a Ferrocarril Oeste\u201d.<\/div>\n<div id=\"_mcePaste\">La candidata a jefe de gobierno, dio el ejemplo de Medell\u00edn, una ciudad con graves problemas de inseguridad y pobreza que, los solucion\u00f3 a partir de la educaci\u00f3n, la cultura y la presencia del estado en los espacios p\u00fablicos.<\/div>\n<div id=\"_mcePaste\">Luego, el legislador porte\u00f1o, Sergio Abrevaya, abord\u00f3 diferentes temas de inter\u00e9s de la ciudad, como el trasporte p\u00fablico, los estacionamientos y la educaci\u00f3n, entre otros.<\/div>\n<div id=\"_mcePaste\">Finalmente, y tras contestar preguntas del p\u00fablico, concluy\u00f3 el encuentro de los candidatos de la Coalici\u00f3n C\u00edvica con los vecinos de Caballito en el Parque Rivadavia.<\/div>\n<div id=\"attachment_1515\" style=\"width: 520px\" class=\"wp-caption alignleft\"><img loading=\"lazy\" decoding=\"async\" aria-describedby=\"caption-attachment-1515\" class=\"size-full wp-image-1515\" title=\"0 coalicion civica parque rivadavia 2\" src=\"http:\/\/caballitotequiero.com.ar\/portal\/wp-content\/uploads\/2011\/04\/0-coalicion-civica-parque-rivadavia-2.jpg\" alt=\"\" width=\"510\" height=\"383\" srcset=\"http:\/\/caballitotequiero.com.ar\/portal\/wp-content\/uploads\/2011\/04\/0-coalicion-civica-parque-rivadavia-2.jpg 510w, http:\/\/caballitotequiero.com.ar\/portal\/wp-content\/uploads\/2011\/04\/0-coalicion-civica-parque-rivadavia-2-300x225.jpg 300w, http:\/\/caballitotequiero.com.ar\/portal\/wp-content\/uploads\/2011\/04\/0-coalicion-civica-parque-rivadavia-2-80x60.jpg 80w\" sizes=\"auto, (max-width: 510px) 100vw, 510px\" \/><p id=\"caption-attachment-1515\" class=\"wp-caption-text\">Mar\u00eda Eugenia Estenssoro, candidata a Jefe de Gobierno por la Coalici\u00f3n C\u00edvica en el Parque Rivadavia<\/p><\/div>\n<div id=\"attachment_1516\" style=\"width: 520px\" class=\"wp-caption alignleft\"><img loading=\"lazy\" decoding=\"async\" aria-describedby=\"caption-attachment-1516\" class=\"size-full wp-image-1516\" title=\"0 coalicion civica parque rivadavia 3\" src=\"http:\/\/caballitotequiero.com.ar\/portal\/wp-content\/uploads\/2011\/04\/0-coalicion-civica-parque-rivadavia-3.jpg\" alt=\"\" width=\"510\" height=\"383\" srcset=\"http:\/\/caballitotequiero.com.ar\/portal\/wp-content\/uploads\/2011\/04\/0-coalicion-civica-parque-rivadavia-3.jpg 510w, http:\/\/caballitotequiero.com.ar\/portal\/wp-content\/uploads\/2011\/04\/0-coalicion-civica-parque-rivadavia-3-300x225.jpg 300w, http:\/\/caballitotequiero.com.ar\/portal\/wp-content\/uploads\/2011\/04\/0-coalicion-civica-parque-rivadavia-3-80x60.jpg 80w\" sizes=\"auto, (max-width: 510px) 100vw, 510px\" \/><p id=\"caption-attachment-1516\" class=\"wp-caption-text\">Sergio Abrevaya, legislador porte\u00f1o,  acompa\u00f1\u00f3 a la senadora Estenssoro<\/p><\/div>\n<div id=\"attachment_1517\" style=\"width: 520px\" class=\"wp-caption alignleft\"><img loading=\"lazy\" decoding=\"async\" aria-describedby=\"caption-attachment-1517\" class=\"size-full wp-image-1517  \" title=\"0 coalicion civica parque rivadavia 4\" src=\"http:\/\/caballitotequiero.com.ar\/portal\/wp-content\/uploads\/2011\/04\/0-coalicion-civica-parque-rivadavia-4.jpg\" alt=\"\" width=\"510\" height=\"383\" srcset=\"http:\/\/caballitotequiero.com.ar\/portal\/wp-content\/uploads\/2011\/04\/0-coalicion-civica-parque-rivadavia-4.jpg 510w, http:\/\/caballitotequiero.com.ar\/portal\/wp-content\/uploads\/2011\/04\/0-coalicion-civica-parque-rivadavia-4-300x225.jpg 300w, http:\/\/caballitotequiero.com.ar\/portal\/wp-content\/uploads\/2011\/04\/0-coalicion-civica-parque-rivadavia-4-80x60.jpg 80w\" sizes=\"auto, (max-width: 510px) 100vw, 510px\" \/><p id=\"caption-attachment-1517\" class=\"wp-caption-text\">Mar\u00eda Eugenia Estenssoro acompa\u00f1ada por Arnaldo Sokol, referente barrial de la Coalici\u00f3n C\u00edvica, y candidato a integrar la Junta Comunal por &quot;Uni\u00f3n por todos&quot;<\/p><\/div>\n<div id=\"attachment_1518\" style=\"width: 520px\" class=\"wp-caption alignleft\"><img loading=\"lazy\" decoding=\"async\" aria-describedby=\"caption-attachment-1518\" class=\"size-full wp-image-1518  \" title=\"0 coalicion civica parque rivadavia 5\" src=\"http:\/\/caballitotequiero.com.ar\/portal\/wp-content\/uploads\/2011\/04\/0-coalicion-civica-parque-rivadavia-5.jpg\" alt=\"\" width=\"510\" height=\"406\" srcset=\"http:\/\/caballitotequiero.com.ar\/portal\/wp-content\/uploads\/2011\/04\/0-coalicion-civica-parque-rivadavia-5.jpg 510w, http:\/\/caballitotequiero.com.ar\/portal\/wp-content\/uploads\/2011\/04\/0-coalicion-civica-parque-rivadavia-5-300x238.jpg 300w\" sizes=\"auto, (max-width: 510px) 100vw, 510px\" \/><p id=\"caption-attachment-1518\" class=\"wp-caption-text\">Mariano Scorzelli, candidato a integrar la Junta Comunal de la Comuna 6 por el Ari, junto a Estenssoro y Abrevaya.<\/p><\/div>\n","protected":false},"excerpt":{"rendered":"<p>El s\u00e1bado 16 de abril, la Senadora Nacional Mar\u00eda Eugenia Estenssoro, candidata a la jefatura de gobierno de la Ciudad de Buenos Aires por la Coalici\u00f3n C\u00edvica, se hizo presente en el Parque Rivadavia. All\u00ed se reuni\u00f3 con un importante n\u00famero de vecinos, en el extremo del parque, sobre la calle Rosario, cercano a la [&hellip;]<\/p>\n","protected":false},"author":1,"featured_media":1519,"comment_status":"open","ping_status":"open","sticky":false,"template":"","format":"standard","meta":{"footnotes":""},"categories":[5],"tags":[],"class_list":["post-1513","post","type-post","status-publish","format-standard","has-post-thumbnail","hentry","category-noticias"],"_links":{"self":[{"href":"http:\/\/caballitotequiero.com.ar\/portal\/wp-json\/wp\/v2\/posts\/1513","targetHints":{"allow":["GET"]}}],"collection":[{"href":"http:\/\/caballitotequiero.com.ar\/portal\/wp-json\/wp\/v2\/posts"}],"about":[{"href":"http:\/\/caballitotequiero.com.ar\/portal\/wp-json\/wp\/v2\/types\/post"}],"author":[{"embeddable":true,"href":"http:\/\/caballitotequiero.com.ar\/portal\/wp-json\/wp\/v2\/users\/1"}],"replies":[{"embeddable":true,"href":"http:\/\/caballitotequiero.com.ar\/portal\/wp-json\/wp\/v2\/comments?post=1513"}],"version-history":[{"count":6,"href":"http:\/\/caballitotequiero.com.ar\/portal\/wp-json\/wp\/v2\/posts\/1513\/revisions"}],"predecessor-version":[{"id":1521,"href":"http:\/\/caballitotequiero.com.ar\/portal\/wp-json\/wp\/v2\/posts\/1513\/revisions\/1521"}],"wp:featuredmedia":[{"embeddable":true,"href":"http:\/\/caballitotequiero.com.ar\/portal\/wp-json\/wp\/v2\/media\/1519"}],"wp:attachment":[{"href":"http:\/\/caballitotequiero.com.ar\/portal\/wp-json\/wp\/v2\/media?parent=1513"}],"wp:term":[{"taxonomy":"category","embeddable":true,"href":"http:\/\/caballitotequiero.com.ar\/portal\/wp-json\/wp\/v2\/categories?post=1513"},{"taxonomy":"post_tag","embeddable":true,"href":"http:\/\/caballitotequiero.com.ar\/portal\/wp-json\/wp\/v2\/tags?post=1513"}],"curies":[{"name":"wp","href":"https:\/\/api.w.org\/{rel}","templated":true}]}}