{"id":15131,"date":"2014-04-30T10:13:20","date_gmt":"2014-04-30T13:13:20","guid":{"rendered":"http:\/\/caballitotequiero.com.ar\/portal\/?p=15131"},"modified":"2014-04-30T11:30:32","modified_gmt":"2014-04-30T14:30:32","slug":"taller-de-fotografia-en-el-museo-perlotti","status":"publish","type":"post","link":"http:\/\/caballitotequiero.com.ar\/portal\/2014\/04\/30\/taller-de-fotografia-en-el-museo-perlotti\/","title":{"rendered":"TALLER DE FOTOGRAF\u00cdA EN EL MUSEO PERLOTTI"},"content":{"rendered":"<p>El Museo de Esculturas Luis Perlotti informa que el pr\u00f3ximo jueves 29 de mayo tendr\u00e1 lugar un Taller de Fotograf\u00eda de Obras de Arte. La actividad es libre y gratuita y requiere inscripci\u00f3n previa.<\/p>\n<p><img loading=\"lazy\" decoding=\"async\" class=\"alignleft size-full wp-image-15132\" src=\"http:\/\/caballitotequiero.com.ar\/portal\/wp-content\/uploads\/2014\/04\/taller-fotografia-erloti.jpg\" alt=\"\" width=\"555\" height=\"334\" srcset=\"http:\/\/caballitotequiero.com.ar\/portal\/wp-content\/uploads\/2014\/04\/taller-fotografia-erloti.jpg 555w, http:\/\/caballitotequiero.com.ar\/portal\/wp-content\/uploads\/2014\/04\/taller-fotografia-erloti-300x180.jpg 300w\" sizes=\"auto, (max-width: 555px) 100vw, 555px\" \/><\/p>\n","protected":false},"excerpt":{"rendered":"<p>El Museo de Esculturas Luis Perlotti informa que el pr\u00f3ximo jueves 29 de mayo tendr\u00e1 lugar un Taller de Fotograf\u00eda de Obras de Arte. La actividad es libre y gratuita y requiere inscripci\u00f3n previa.<\/p>\n","protected":false},"author":1,"featured_media":15133,"comment_status":"open","ping_status":"open","sticky":false,"template":"","format":"standard","meta":{"footnotes":""},"categories":[1],"tags":[],"class_list":["post-15131","post","type-post","status-publish","format-standard","has-post-thumbnail","hentry","category-sin-categoria"],"_links":{"self":[{"href":"http:\/\/caballitotequiero.com.ar\/portal\/wp-json\/wp\/v2\/posts\/15131","targetHints":{"allow":["GET"]}}],"collection":[{"href":"http:\/\/caballitotequiero.com.ar\/portal\/wp-json\/wp\/v2\/posts"}],"about":[{"href":"http:\/\/caballitotequiero.com.ar\/portal\/wp-json\/wp\/v2\/types\/post"}],"author":[{"embeddable":true,"href":"http:\/\/caballitotequiero.com.ar\/portal\/wp-json\/wp\/v2\/users\/1"}],"replies":[{"embeddable":true,"href":"http:\/\/caballitotequiero.com.ar\/portal\/wp-json\/wp\/v2\/comments?post=15131"}],"version-history":[{"count":3,"href":"http:\/\/caballitotequiero.com.ar\/portal\/wp-json\/wp\/v2\/posts\/15131\/revisions"}],"predecessor-version":[{"id":15135,"href":"http:\/\/caballitotequiero.com.ar\/portal\/wp-json\/wp\/v2\/posts\/15131\/revisions\/15135"}],"wp:featuredmedia":[{"embeddable":true,"href":"http:\/\/caballitotequiero.com.ar\/portal\/wp-json\/wp\/v2\/media\/15133"}],"wp:attachment":[{"href":"http:\/\/caballitotequiero.com.ar\/portal\/wp-json\/wp\/v2\/media?parent=15131"}],"wp:term":[{"taxonomy":"category","embeddable":true,"href":"http:\/\/caballitotequiero.com.ar\/portal\/wp-json\/wp\/v2\/categories?post=15131"},{"taxonomy":"post_tag","embeddable":true,"href":"http:\/\/caballitotequiero.com.ar\/portal\/wp-json\/wp\/v2\/tags?post=15131"}],"curies":[{"name":"wp","href":"https:\/\/api.w.org\/{rel}","templated":true}]}}