{"id":15137,"date":"2014-04-30T12:59:15","date_gmt":"2014-04-30T15:59:15","guid":{"rendered":"http:\/\/caballitotequiero.com.ar\/portal\/?p=15137"},"modified":"2014-04-30T12:59:15","modified_gmt":"2014-04-30T15:59:15","slug":"horarios-de-servicios-para-los-feriados-del-1-y-2-de-mayo","status":"publish","type":"post","link":"http:\/\/caballitotequiero.com.ar\/portal\/2014\/04\/30\/horarios-de-servicios-para-los-feriados-del-1-y-2-de-mayo\/","title":{"rendered":"HORARIOS DE SERVICIOS PARA LOS FERIADOS DEL 1 Y 2 DE MAYO"},"content":{"rendered":"<p><strong><span style=\"text-decoration: underline;\">CRONOGRAMA DE SERVICIOS POR LOS FERIADOS<\/span><\/strong><\/p>\n<p><strong> <span style=\"text-decoration: underline;\">Jueves 1\u00b0 y Viernes 2 de mayo.<\/span><\/strong><\/p>\n<p>&#8211;\u00a0\u00a0\u00a0\u00a0\u00a0\u00a0\u00a0\u00a0\u00a0\u00a0El\u00a0<strong>Servicio de Recolecci\u00f3n<\/strong> de basura ser\u00e1 normal.<\/p>\n<p>&#8211;\u00a0\u00a0\u00a0\u00a0\u00a0\u00a0\u00a0\u00a0\u00a0\u00a0Jueves 1\/5 y 2\/5\u00a0<strong>Hospitales<\/strong> de la Ciudad funcionar\u00e1n s\u00f3lo a trav\u00e9s de sus guardias y el SAME.<\/p>\n<p>&#8211;\u00a0\u00a0\u00a0\u00a0\u00a0\u00a0\u00a0\u00a0\u00a0\u00a0<strong>Escuelas<\/strong> cerradas.<\/p>\n<p>&#8211;\u00a0\u00a0\u00a0\u00a0\u00a0\u00a0\u00a0\u00a0\u00a0\u00a0Oficina de\u00a0<strong>rentas y sedes comunales<\/strong> no abrir\u00e1n sus puertas. El Registro Civil s\u00f3lo trabajar\u00e1 para defunciones.<\/p>\n<p>&#8211;\u00a0\u00a0\u00a0\u00a0\u00a0\u00a0\u00a0\u00a0\u00a0\u00a0Jueves y viernes se permitir\u00e1 el\u00a0<strong>estacionamiento<\/strong> general de veh\u00edculos en las avenidas, exceptuando 9 de Julio, Perito Moreno, La R\u00e1bida, General Paz, Leopoldo Lugones, Intendente Cantilo, Teniente General Jos\u00e9 Luis Dellepiane, Luis Huergo, Eduardo Madero y calzadas centrales de Leandro N. Alem, Paseo Col\u00f3n y S\u00e1enz.<\/p>\n<p>&#8211;\u00a0\u00a0\u00a0\u00a0\u00a0\u00a0\u00a0\u00a0\u00a0\u00a0Se autoriza el\u00a0<strong>estacionamiento<\/strong> general de veh\u00edculos junto al cord\u00f3n de la acera derecha en las calles donde habitualmente est\u00e1 prohibido los d\u00edas h\u00e1biles de 7 a 21.<\/p>\n<p>&#8211;\u00a0\u00a0\u00a0\u00a0\u00a0\u00a0\u00a0\u00a0\u00a0\u00a0El\u00a0<strong>sistema de estacionamiento<\/strong> medido no rige durante el feriado. Se mantiene la prohibici\u00f3n en los sectores donde exista veda permanente.<\/p>\n<p>&#8211;\u00a0\u00a0\u00a0\u00a0\u00a0\u00a0\u00a0\u00a0\u00a0\u00a0<strong>Ecobici<\/strong>: Cerrado<\/p>\n<p>&#8211;\u00a0\u00a0\u00a0\u00a0\u00a0\u00a0\u00a0\u00a0\u00a0\u00a0<strong>Controles de alcoholemia<\/strong>: Rotativos en diferentes puntos de la ciudad durante el fin de semana largo.<\/p>\n<p>&#8211;\u00a0\u00a0\u00a0\u00a0\u00a0\u00a0\u00a0\u00a0\u00a0\u00a0<strong>Registro de licencias para conducir<\/strong>: Cerrado<\/p>\n<p>&#8211;\u00a0\u00a0\u00a0\u00a0\u00a0\u00a0\u00a0\u00a0\u00a0\u00a0<strong>Pista de aprendizaje<\/strong>: Jueves cerrada. Viernes abierta de 8 a 18<\/p>\n<p>&#8211;\u00a0\u00a0\u00a0\u00a0\u00a0\u00a0\u00a0\u00a0\u00a0\u00a0<strong>Direcci\u00f3n General de Infracciones<\/strong>: Cerrada<\/p>\n<p>&#8211;\u00a0\u00a0\u00a0\u00a0\u00a0\u00a0\u00a0\u00a0\u00a0\u00a0<strong> Log\u00edstica, Defensa Civil y Guardia de Auxilio y Emergencias + L\u00ednea 103<\/strong>: En servicio.<\/p>\n<p>&#8211;\u00a0\u00a0\u00a0\u00a0\u00a0\u00a0\u00a0\u00a0\u00a0\u00a0<strong>Museos<\/strong>: Jueves cerrados. Viernes, s\u00e1bado y domingo abiertos (m\u00e1s informaci\u00f3n en\u00a0<a href=\"http:\/\/www.museos.buenosaires.gob.ar\/\" target=\"_blank\">www.museos.buenosaires.gob.ar<\/a>)<\/p>\n<p>&#8211;\u00a0\u00a0\u00a0\u00a0\u00a0\u00a0\u00a0\u00a0\u00a0\u00a0<strong>Teatros dependientes del GCBA<\/strong>: Cerrados jueves y viernes. Abiertos s\u00e1bado y domingo.<\/p>\n<p>&#8211;\u00a0 \u00a0 \u00a0 \u00a0 \u00a0\u00a0\u00a0<strong>Cementerios<\/strong>:<\/p>\n<p><em>Chacarita<\/em>: Jueves y viernes las inhumaciones ser\u00e1n de\u00a08 a\u00a012 a\u00a0dep\u00f3sito.<\/p>\n<p><em>Flores<\/em>: Jueves y viernes de\u00a08 a\u00a012 a\u00a0lugar de destino.<\/p>\n<p><em>Recoleta<\/em>: Jueves de\u00a08 a\u00a012 guarda en capilla. Viernes de\u00a08 a\u00a012 a\u00a0lugar de destino.<\/p>\n<p>&#8211; \u00a0 \u00a0 \u00a0<strong>Parques<\/strong>:<\/p>\n<p><em>Reserva Ecol\u00f3gica<\/em>: Jueves cerrada. Viernes abierta de 8 a 18<\/p>\n<p><em>Jard\u00edn Bot\u00e1nico<\/em>: Jueves cerrado. Viernes abierto de 9.30 a 17.45<\/p>\n<p><em>Sarmiento, Belgrano (ex KDT) y Ro<\/em>ca: Jueves cerrado. Viernes, s\u00e1bado y domingo abiertos.<\/p>\n<p><img loading=\"lazy\" decoding=\"async\" class=\"alignleft size-full wp-image-15138\" src=\"http:\/\/caballitotequiero.com.ar\/portal\/wp-content\/uploads\/2014\/04\/horario.jpg\" alt=\"\" width=\"555\" height=\"312\" srcset=\"http:\/\/caballitotequiero.com.ar\/portal\/wp-content\/uploads\/2014\/04\/horario.jpg 555w, http:\/\/caballitotequiero.com.ar\/portal\/wp-content\/uploads\/2014\/04\/horario-300x168.jpg 300w\" sizes=\"auto, (max-width: 555px) 100vw, 555px\" \/><\/p>\n","protected":false},"excerpt":{"rendered":"<p>CRONOGRAMA DE SERVICIOS POR LOS FERIADOS Jueves 1\u00b0 y Viernes 2 de mayo. &#8211;\u00a0\u00a0\u00a0\u00a0\u00a0\u00a0\u00a0\u00a0\u00a0\u00a0El\u00a0Servicio de Recolecci\u00f3n de basura ser\u00e1 normal. &#8211;\u00a0\u00a0\u00a0\u00a0\u00a0\u00a0\u00a0\u00a0\u00a0\u00a0Jueves 1\/5 y 2\/5\u00a0Hospitales de la Ciudad funcionar\u00e1n s\u00f3lo a trav\u00e9s de sus guardias y el SAME. &#8211;\u00a0\u00a0\u00a0\u00a0\u00a0\u00a0\u00a0\u00a0\u00a0\u00a0Escuelas cerradas. &#8211;\u00a0\u00a0\u00a0\u00a0\u00a0\u00a0\u00a0\u00a0\u00a0\u00a0Oficina de\u00a0rentas y sedes comunales no abrir\u00e1n sus puertas. El Registro Civil s\u00f3lo trabajar\u00e1 para defunciones. [&hellip;]<\/p>\n","protected":false},"author":1,"featured_media":15139,"comment_status":"open","ping_status":"open","sticky":false,"template":"","format":"standard","meta":{"footnotes":""},"categories":[5],"tags":[],"class_list":["post-15137","post","type-post","status-publish","format-standard","has-post-thumbnail","hentry","category-noticias"],"_links":{"self":[{"href":"http:\/\/caballitotequiero.com.ar\/portal\/wp-json\/wp\/v2\/posts\/15137","targetHints":{"allow":["GET"]}}],"collection":[{"href":"http:\/\/caballitotequiero.com.ar\/portal\/wp-json\/wp\/v2\/posts"}],"about":[{"href":"http:\/\/caballitotequiero.com.ar\/portal\/wp-json\/wp\/v2\/types\/post"}],"author":[{"embeddable":true,"href":"http:\/\/caballitotequiero.com.ar\/portal\/wp-json\/wp\/v2\/users\/1"}],"replies":[{"embeddable":true,"href":"http:\/\/caballitotequiero.com.ar\/portal\/wp-json\/wp\/v2\/comments?post=15137"}],"version-history":[{"count":2,"href":"http:\/\/caballitotequiero.com.ar\/portal\/wp-json\/wp\/v2\/posts\/15137\/revisions"}],"predecessor-version":[{"id":15141,"href":"http:\/\/caballitotequiero.com.ar\/portal\/wp-json\/wp\/v2\/posts\/15137\/revisions\/15141"}],"wp:featuredmedia":[{"embeddable":true,"href":"http:\/\/caballitotequiero.com.ar\/portal\/wp-json\/wp\/v2\/media\/15139"}],"wp:attachment":[{"href":"http:\/\/caballitotequiero.com.ar\/portal\/wp-json\/wp\/v2\/media?parent=15137"}],"wp:term":[{"taxonomy":"category","embeddable":true,"href":"http:\/\/caballitotequiero.com.ar\/portal\/wp-json\/wp\/v2\/categories?post=15137"},{"taxonomy":"post_tag","embeddable":true,"href":"http:\/\/caballitotequiero.com.ar\/portal\/wp-json\/wp\/v2\/tags?post=15137"}],"curies":[{"name":"wp","href":"https:\/\/api.w.org\/{rel}","templated":true}]}}