{"id":15142,"date":"2014-05-01T18:43:08","date_gmt":"2014-05-01T21:43:08","guid":{"rendered":"http:\/\/caballitotequiero.com.ar\/portal\/?p=15142"},"modified":"2014-05-01T18:43:08","modified_gmt":"2014-05-01T21:43:08","slug":"1%c2%ba-de-mayo-cumple-106-anos-la-escuela-normal-n%c2%ba4","status":"publish","type":"post","link":"http:\/\/caballitotequiero.com.ar\/portal\/2014\/05\/01\/1%c2%ba-de-mayo-cumple-106-anos-la-escuela-normal-n%c2%ba4\/","title":{"rendered":"1\u00ba DE MAYO, CUMPLE 106 A\u00d1OS LA ESCUELA NORMAL N\u00ba4"},"content":{"rendered":"<p>El 1\u00b0 de mayo de 1908, con la presencia del Ministro de Instrucci\u00f3n P\u00fablica, Estanislao Severo Zeballos, tuvo lugar la inauguraci\u00f3n de la Escuela Normal de Maestras de Flores, a la saz\u00f3n ubicada en las actuales calles Donato Alvarez y Avellaneda.<\/p>\n<p>Mientras tanto en Rivadavia 4950, funcionaba el Colegio Gorostarz\u00fa, dirigido por el Dr. Mario Gorostarz\u00fa.<\/p>\n<p>Por problemas de salud de su propietario, el colegio es vendido en 1910 al estado, quien lo adquiere en la suma de m$n 800.000, y se destina a la Escuela Normal Superior\u00a0 dirigida por el profesor Leopoldo Herrera.<\/p>\n<p>En 1911 la escuela se traslada a su nueva sede, denomin\u00e1ndose a partir de 1912 Escuela Normal Nacional N\u00b04, y el 10 de junio de 1927, se le impone el nombre de Estanislao S. Zeballos.<\/p>\n<p>Su primer director fue lo que dio motivo para que el Normal fuera llamado \u201cla Escuela de Herrera\u201d. Su primera vicedirectora fue la profesora Laura Champy Alvear, que tambi\u00e9n dictaba clases de franc\u00e9s, entre su cuerpo docente figuraban Juan Bautista Ambrosetti, Ricardo Levene, Nicolas Roveda, Marcos Guti\u00e9rrez, Joaqu\u00edn V. Gonz\u00e1lez, Pablo A. Pizzurno, etc.<\/p>\n<p>El reconocimiento de la Escuela Normal N\u00b0\u00a0 4 fue creciendo a\u00f1o a a\u00f1o hasta la \u00e9poca de las directoras Cogorno y Dinardo. Por aquel entonces conseguir una vacante era muy dif\u00edcil y presentarse como alumna o egresada del \u201cnormal\u201d equival\u00eda a un prestigio sin par.<\/p>\n<p>Lleg\u00f3 a ser la escuela con mayor alumnado del pa\u00eds cubriendo los niveles de jard\u00edn de infantes, primaria, secundaria y profesorado.<\/p>\n<p>Luego, lamentablemente, sufri\u00f3 los embates y la ca\u00edda que tuvo la educaci\u00f3n p\u00fablica en nuestro pa\u00eds. Embates de los que, con esfuerzo, a lo largo de diferentes gestiones, ha salido airosa.<\/p>\n<p>Actualmente, con sus casi dos mil quinientos alumnos, sigue siendo un orgullo para la comunidad educativa.<\/p>\n<div id=\"attachment_15143\" style=\"width: 565px\" class=\"wp-caption alignleft\"><img loading=\"lazy\" decoding=\"async\" aria-describedby=\"caption-attachment-15143\" class=\"size-full wp-image-15143\" src=\"http:\/\/caballitotequiero.com.ar\/portal\/wp-content\/uploads\/2014\/05\/normal-1.jpg\" alt=\"\" width=\"555\" height=\"283\" srcset=\"http:\/\/caballitotequiero.com.ar\/portal\/wp-content\/uploads\/2014\/05\/normal-1.jpg 555w, http:\/\/caballitotequiero.com.ar\/portal\/wp-content\/uploads\/2014\/05\/normal-1-300x152.jpg 300w\" sizes=\"auto, (max-width: 555px) 100vw, 555px\" \/><p id=\"caption-attachment-15143\" class=\"wp-caption-text\">Las primeras alumnas en el edificio de Flores<\/p><\/div>\n<div id=\"attachment_15144\" style=\"width: 565px\" class=\"wp-caption alignleft\"><img loading=\"lazy\" decoding=\"async\" aria-describedby=\"caption-attachment-15144\" class=\"size-full wp-image-15144\" src=\"http:\/\/caballitotequiero.com.ar\/portal\/wp-content\/uploads\/2014\/05\/normal-2.jpg\" alt=\"\" width=\"555\" height=\"406\" srcset=\"http:\/\/caballitotequiero.com.ar\/portal\/wp-content\/uploads\/2014\/05\/normal-2.jpg 555w, http:\/\/caballitotequiero.com.ar\/portal\/wp-content\/uploads\/2014\/05\/normal-2-300x219.jpg 300w, http:\/\/caballitotequiero.com.ar\/portal\/wp-content\/uploads\/2014\/05\/normal-2-80x60.jpg 80w\" sizes=\"auto, (max-width: 555px) 100vw, 555px\" \/><p id=\"caption-attachment-15144\" class=\"wp-caption-text\">Alumnas de segundo a\u00f1o en 1908<\/p><\/div>\n<div id=\"attachment_15145\" style=\"width: 565px\" class=\"wp-caption alignleft\"><img loading=\"lazy\" decoding=\"async\" aria-describedby=\"caption-attachment-15145\" class=\"size-full wp-image-15145\" src=\"http:\/\/caballitotequiero.com.ar\/portal\/wp-content\/uploads\/2014\/05\/normal-3.jpg\" alt=\"\" width=\"555\" height=\"368\" srcset=\"http:\/\/caballitotequiero.com.ar\/portal\/wp-content\/uploads\/2014\/05\/normal-3.jpg 555w, http:\/\/caballitotequiero.com.ar\/portal\/wp-content\/uploads\/2014\/05\/normal-3-300x198.jpg 300w\" sizes=\"auto, (max-width: 555px) 100vw, 555px\" \/><p id=\"caption-attachment-15145\" class=\"wp-caption-text\">Originariamente en el actual edificio funcionaba el Colegio Gorostarz\u00fa<\/p><\/div>\n<p><img loading=\"lazy\" decoding=\"async\" class=\"alignleft size-full wp-image-15146\" src=\"http:\/\/caballitotequiero.com.ar\/portal\/wp-content\/uploads\/2014\/05\/normal-4.jpg\" alt=\"\" width=\"555\" height=\"377\" srcset=\"http:\/\/caballitotequiero.com.ar\/portal\/wp-content\/uploads\/2014\/05\/normal-4.jpg 555w, http:\/\/caballitotequiero.com.ar\/portal\/wp-content\/uploads\/2014\/05\/normal-4-300x203.jpg 300w\" sizes=\"auto, (max-width: 555px) 100vw, 555px\" \/><\/p>\n<div id=\"attachment_15147\" style=\"width: 565px\" class=\"wp-caption alignleft\"><img loading=\"lazy\" decoding=\"async\" aria-describedby=\"caption-attachment-15147\" class=\"size-full wp-image-15147\" src=\"http:\/\/caballitotequiero.com.ar\/portal\/wp-content\/uploads\/2014\/05\/normal-5.jpg\" alt=\"\" width=\"555\" height=\"319\" srcset=\"http:\/\/caballitotequiero.com.ar\/portal\/wp-content\/uploads\/2014\/05\/normal-5.jpg 555w, http:\/\/caballitotequiero.com.ar\/portal\/wp-content\/uploads\/2014\/05\/normal-5-300x172.jpg 300w\" sizes=\"auto, (max-width: 555px) 100vw, 555px\" \/><p id=\"caption-attachment-15147\" class=\"wp-caption-text\">Se ingresaba por los laterales, aun no estaba abierto el acceso por la parte central.<\/p><\/div>\n<p><br id=\"__mce\" \/><\/p>\n","protected":false},"excerpt":{"rendered":"<p>El 1\u00b0 de mayo de 1908, con la presencia del Ministro de Instrucci\u00f3n P\u00fablica, Estanislao Severo Zeballos, tuvo lugar la inauguraci\u00f3n de la Escuela Normal de Maestras de Flores, a la saz\u00f3n ubicada en las actuales calles Donato Alvarez y Avellaneda. Mientras tanto en Rivadavia 4950, funcionaba el Colegio Gorostarz\u00fa, dirigido por el Dr. Mario [&hellip;]<\/p>\n","protected":false},"author":1,"featured_media":15148,"comment_status":"open","ping_status":"open","sticky":false,"template":"","format":"standard","meta":{"footnotes":""},"categories":[5],"tags":[],"class_list":["post-15142","post","type-post","status-publish","format-standard","has-post-thumbnail","hentry","category-noticias"],"_links":{"self":[{"href":"http:\/\/caballitotequiero.com.ar\/portal\/wp-json\/wp\/v2\/posts\/15142","targetHints":{"allow":["GET"]}}],"collection":[{"href":"http:\/\/caballitotequiero.com.ar\/portal\/wp-json\/wp\/v2\/posts"}],"about":[{"href":"http:\/\/caballitotequiero.com.ar\/portal\/wp-json\/wp\/v2\/types\/post"}],"author":[{"embeddable":true,"href":"http:\/\/caballitotequiero.com.ar\/portal\/wp-json\/wp\/v2\/users\/1"}],"replies":[{"embeddable":true,"href":"http:\/\/caballitotequiero.com.ar\/portal\/wp-json\/wp\/v2\/comments?post=15142"}],"version-history":[{"count":2,"href":"http:\/\/caballitotequiero.com.ar\/portal\/wp-json\/wp\/v2\/posts\/15142\/revisions"}],"predecessor-version":[{"id":15150,"href":"http:\/\/caballitotequiero.com.ar\/portal\/wp-json\/wp\/v2\/posts\/15142\/revisions\/15150"}],"wp:featuredmedia":[{"embeddable":true,"href":"http:\/\/caballitotequiero.com.ar\/portal\/wp-json\/wp\/v2\/media\/15148"}],"wp:attachment":[{"href":"http:\/\/caballitotequiero.com.ar\/portal\/wp-json\/wp\/v2\/media?parent=15142"}],"wp:term":[{"taxonomy":"category","embeddable":true,"href":"http:\/\/caballitotequiero.com.ar\/portal\/wp-json\/wp\/v2\/categories?post=15142"},{"taxonomy":"post_tag","embeddable":true,"href":"http:\/\/caballitotequiero.com.ar\/portal\/wp-json\/wp\/v2\/tags?post=15142"}],"curies":[{"name":"wp","href":"https:\/\/api.w.org\/{rel}","templated":true}]}}