{"id":15151,"date":"2014-05-02T19:18:24","date_gmt":"2014-05-02T22:18:24","guid":{"rendered":"http:\/\/caballitotequiero.com.ar\/portal\/?p=15151"},"modified":"2014-05-02T19:18:24","modified_gmt":"2014-05-02T22:18:24","slug":"buscando-a-tico","status":"publish","type":"post","link":"http:\/\/caballitotequiero.com.ar\/portal\/2014\/05\/02\/buscando-a-tico\/","title":{"rendered":"BUSCANDO A \u00abTICO\u00bb"},"content":{"rendered":"<p>Vecino pide una mano para encontrar a \u201cTico\u201d.<\/p>\n<p>Tico es un gato negro y blanco que se perdi\u00f3 el lunes 28 de abril. Tiene tres a\u00f1os, est\u00e1 castrado y es muy d\u00f3cil.<\/p>\n<p>Se perdi\u00f3 en las proximidades de la calle Federico Garcia Lorca, entre Bogot\u00e1 y Avellaneda, frente a la sede de Ferro.<\/p>\n<p>Agradeceremos cualquier dato que puedan aportar.<\/p>\n<p><img loading=\"lazy\" decoding=\"async\" class=\"alignleft size-full wp-image-15152\" src=\"http:\/\/caballitotequiero.com.ar\/portal\/wp-content\/uploads\/2014\/05\/gato-perdido-2.jpg\" alt=\"\" width=\"555\" height=\"503\" srcset=\"http:\/\/caballitotequiero.com.ar\/portal\/wp-content\/uploads\/2014\/05\/gato-perdido-2.jpg 555w, http:\/\/caballitotequiero.com.ar\/portal\/wp-content\/uploads\/2014\/05\/gato-perdido-2-300x271.jpg 300w\" sizes=\"auto, (max-width: 555px) 100vw, 555px\" \/><\/p>\n<p>Muchas gracias.<\/p>\n","protected":false},"excerpt":{"rendered":"<p>Vecino pide una mano para encontrar a \u201cTico\u201d. Tico es un gato negro y blanco que se perdi\u00f3 el lunes 28 de abril. Tiene tres a\u00f1os, est\u00e1 castrado y es muy d\u00f3cil. Se perdi\u00f3 en las proximidades de la calle Federico Garcia Lorca, entre Bogot\u00e1 y Avellaneda, frente a la sede de Ferro. Agradeceremos cualquier [&hellip;]<\/p>\n","protected":false},"author":1,"featured_media":15153,"comment_status":"open","ping_status":"open","sticky":false,"template":"","format":"standard","meta":{"footnotes":""},"categories":[5],"tags":[],"class_list":["post-15151","post","type-post","status-publish","format-standard","has-post-thumbnail","hentry","category-noticias"],"_links":{"self":[{"href":"http:\/\/caballitotequiero.com.ar\/portal\/wp-json\/wp\/v2\/posts\/15151","targetHints":{"allow":["GET"]}}],"collection":[{"href":"http:\/\/caballitotequiero.com.ar\/portal\/wp-json\/wp\/v2\/posts"}],"about":[{"href":"http:\/\/caballitotequiero.com.ar\/portal\/wp-json\/wp\/v2\/types\/post"}],"author":[{"embeddable":true,"href":"http:\/\/caballitotequiero.com.ar\/portal\/wp-json\/wp\/v2\/users\/1"}],"replies":[{"embeddable":true,"href":"http:\/\/caballitotequiero.com.ar\/portal\/wp-json\/wp\/v2\/comments?post=15151"}],"version-history":[{"count":2,"href":"http:\/\/caballitotequiero.com.ar\/portal\/wp-json\/wp\/v2\/posts\/15151\/revisions"}],"predecessor-version":[{"id":15155,"href":"http:\/\/caballitotequiero.com.ar\/portal\/wp-json\/wp\/v2\/posts\/15151\/revisions\/15155"}],"wp:featuredmedia":[{"embeddable":true,"href":"http:\/\/caballitotequiero.com.ar\/portal\/wp-json\/wp\/v2\/media\/15153"}],"wp:attachment":[{"href":"http:\/\/caballitotequiero.com.ar\/portal\/wp-json\/wp\/v2\/media?parent=15151"}],"wp:term":[{"taxonomy":"category","embeddable":true,"href":"http:\/\/caballitotequiero.com.ar\/portal\/wp-json\/wp\/v2\/categories?post=15151"},{"taxonomy":"post_tag","embeddable":true,"href":"http:\/\/caballitotequiero.com.ar\/portal\/wp-json\/wp\/v2\/tags?post=15151"}],"curies":[{"name":"wp","href":"https:\/\/api.w.org\/{rel}","templated":true}]}}