{"id":15156,"date":"2014-05-02T23:15:02","date_gmt":"2014-05-03T02:15:02","guid":{"rendered":"http:\/\/caballitotequiero.com.ar\/portal\/?p=15156"},"modified":"2014-05-02T23:22:23","modified_gmt":"2014-05-03T02:22:23","slug":"homenaje-a-los-heroes-del-crucero-general-belgrano-en-el-parque-centenario","status":"publish","type":"post","link":"http:\/\/caballitotequiero.com.ar\/portal\/2014\/05\/02\/homenaje-a-los-heroes-del-crucero-general-belgrano-en-el-parque-centenario\/","title":{"rendered":"HOMENAJE A LOS HEROES DEL CRUCERO GENERAL BELGRANO EN EL PARQUE CENTENARIO"},"content":{"rendered":"<p>El lago del Parque Centenario fue cita para una nueva conmemoraci\u00f3n del hundimiento del Crucero ARA GENERAL BELGRANO. Esta tarde,\u00a0se lanz\u00f3 en el lago del parque una peque\u00f1a r\u00e9plica a escala del Crucero\u00a0Belgrano para que realizara maniobras a modo de homenaje al buque original, Las misma \u00a0fueron acompa\u00f1adas \u00a0a viva voz de \u00a1Viva la Patria!, \u00a1Viva El Crucero Gral. Belgrano! por\u00a0\u00a0una nutrida presencia de p\u00fablico, veteranos y miembros de la armada.<\/p>\n<p>El Crucero General Belgrano fue hundido el 2 de mayo de 1982 por el submarino brit\u00e1nico Conqueror durante la Guerra de Malvinas.<\/p>\n<p>A las 16.01 del 2 de mayo de 1982, dos torpedos impactaron en el Belgrano, justamente hoy a la misma hora, dio comienzo el acto conmemorativo frente al cenotafio que recuerda a los 323 h\u00e9roes.<\/p>\n<p>Estuvieron presentes oficiales, suboficiales y tropa de la Armada de\u00a0la Rep\u00fablica\u00a0Argentina. Junto a ellos asistieron al acto familiares de los ca\u00eddos, personal que perteneciera a la dotaci\u00f3n del Crucero, Asociaci\u00f3n Amigos del Crucero Gral. Belgrano y vecinos. \u00a0Participaron las autoridades del Instituto Belgraniano de Caballito, Profesores Mar\u00eda In\u00e9s Azinari y Mario Sordelli, tambi\u00e9n miembros de la Junta de Estudios Hist\u00f3ricos del Caballito. Sumaron su presencia los integrantes de la Asociaci\u00f3n Vecinos del Parque Centenario. \u00a0No concurieron al acto ninguno de los siete miembros de la Junta Comunal de Caballito.<\/p>\n<p>Luego de que la Banda de la Armada ejecutara el Himno Nacional Argentino, tom\u00f3 la palabra\u00a0el Capit\u00e1n Pedro\u00a0\u00a0<em>Galazzi<\/em>, quien se desempe\u00f1\u00f3 como Segundo Comandante del Crucero\u00a0<em>General Belgrano.<\/em><\/p>\n<p><em>Galazzi se explay\u00f3 con lujo de detalles, sobre aquel fat\u00eddico episodio, resaltando el valor y patriotismo de todos los tripulantes.<\/em><\/p>\n<p><em>Tambi\u00e9n se\u00f1alo que en el d\u00eda de hoy deber\u00edan estar las banderas \u00a0a media asta, pero que esto es ignorado por los maestros, profesores y pol\u00edticos, que desmalvinizan esta fecha.<\/em><\/p>\n<p><em>Luego con un<\/em> emotivo toque de silencio, se colocaron tres ofrendas florales al pie del monumento por parte de\u00a0la Asociaci\u00f3n Amigos del ARA Gral. Belgrano,\u00a0ex Alumnos de la Escuela de Mec\u00e1nica de la Armada; y \u00a0del C\u00edrculo de Oficiales del Mar.<\/p>\n<p>El Acto finalizo con la Marcha de la Armada, y la Marcha de las Malvinas, que fue coreada por la gran cantidad de vecinos presentes.<\/p>\n<p><img loading=\"lazy\" decoding=\"async\" class=\"alignleft size-full wp-image-15157\" src=\"http:\/\/caballitotequiero.com.ar\/portal\/wp-content\/uploads\/2014\/05\/1.jpg\" alt=\"\" width=\"555\" height=\"371\" srcset=\"http:\/\/caballitotequiero.com.ar\/portal\/wp-content\/uploads\/2014\/05\/1.jpg 555w, http:\/\/caballitotequiero.com.ar\/portal\/wp-content\/uploads\/2014\/05\/1-300x200.jpg 300w\" sizes=\"auto, (max-width: 555px) 100vw, 555px\" \/><img loading=\"lazy\" decoding=\"async\" class=\"alignleft size-full wp-image-15159\" src=\"http:\/\/caballitotequiero.com.ar\/portal\/wp-content\/uploads\/2014\/05\/2.jpg\" alt=\"\" width=\"555\" height=\"417\" srcset=\"http:\/\/caballitotequiero.com.ar\/portal\/wp-content\/uploads\/2014\/05\/2.jpg 555w, http:\/\/caballitotequiero.com.ar\/portal\/wp-content\/uploads\/2014\/05\/2-300x225.jpg 300w, http:\/\/caballitotequiero.com.ar\/portal\/wp-content\/uploads\/2014\/05\/2-80x60.jpg 80w\" sizes=\"auto, (max-width: 555px) 100vw, 555px\" \/><img loading=\"lazy\" decoding=\"async\" class=\"alignleft size-full wp-image-15160\" src=\"http:\/\/caballitotequiero.com.ar\/portal\/wp-content\/uploads\/2014\/05\/3.jpg\" alt=\"\" width=\"555\" height=\"417\" srcset=\"http:\/\/caballitotequiero.com.ar\/portal\/wp-content\/uploads\/2014\/05\/3.jpg 555w, http:\/\/caballitotequiero.com.ar\/portal\/wp-content\/uploads\/2014\/05\/3-300x225.jpg 300w, http:\/\/caballitotequiero.com.ar\/portal\/wp-content\/uploads\/2014\/05\/3-80x60.jpg 80w\" sizes=\"auto, (max-width: 555px) 100vw, 555px\" \/><img loading=\"lazy\" decoding=\"async\" class=\"alignleft size-full wp-image-15161\" src=\"http:\/\/caballitotequiero.com.ar\/portal\/wp-content\/uploads\/2014\/05\/4.jpg\" alt=\"\" width=\"555\" height=\"417\" srcset=\"http:\/\/caballitotequiero.com.ar\/portal\/wp-content\/uploads\/2014\/05\/4.jpg 555w, http:\/\/caballitotequiero.com.ar\/portal\/wp-content\/uploads\/2014\/05\/4-300x225.jpg 300w, http:\/\/caballitotequiero.com.ar\/portal\/wp-content\/uploads\/2014\/05\/4-80x60.jpg 80w\" sizes=\"auto, (max-width: 555px) 100vw, 555px\" \/><img loading=\"lazy\" decoding=\"async\" class=\"alignleft size-full wp-image-15162\" src=\"http:\/\/caballitotequiero.com.ar\/portal\/wp-content\/uploads\/2014\/05\/5.jpg\" alt=\"\" width=\"555\" height=\"371\" srcset=\"http:\/\/caballitotequiero.com.ar\/portal\/wp-content\/uploads\/2014\/05\/5.jpg 555w, http:\/\/caballitotequiero.com.ar\/portal\/wp-content\/uploads\/2014\/05\/5-300x200.jpg 300w\" sizes=\"auto, (max-width: 555px) 100vw, 555px\" \/><img loading=\"lazy\" decoding=\"async\" class=\"alignleft size-full wp-image-15163\" src=\"http:\/\/caballitotequiero.com.ar\/portal\/wp-content\/uploads\/2014\/05\/6.jpg\" alt=\"\" width=\"555\" height=\"371\" srcset=\"http:\/\/caballitotequiero.com.ar\/portal\/wp-content\/uploads\/2014\/05\/6.jpg 555w, http:\/\/caballitotequiero.com.ar\/portal\/wp-content\/uploads\/2014\/05\/6-300x200.jpg 300w\" sizes=\"auto, (max-width: 555px) 100vw, 555px\" \/><img loading=\"lazy\" decoding=\"async\" class=\"alignleft size-full wp-image-15164\" src=\"http:\/\/caballitotequiero.com.ar\/portal\/wp-content\/uploads\/2014\/05\/7.jpg\" alt=\"\" width=\"555\" height=\"371\" srcset=\"http:\/\/caballitotequiero.com.ar\/portal\/wp-content\/uploads\/2014\/05\/7.jpg 555w, http:\/\/caballitotequiero.com.ar\/portal\/wp-content\/uploads\/2014\/05\/7-300x200.jpg 300w\" sizes=\"auto, (max-width: 555px) 100vw, 555px\" \/><\/p>\n<div id=\"attachment_15165\" style=\"width: 565px\" class=\"wp-caption alignleft\"><img loading=\"lazy\" decoding=\"async\" aria-describedby=\"caption-attachment-15165\" class=\"size-full wp-image-15165\" src=\"http:\/\/caballitotequiero.com.ar\/portal\/wp-content\/uploads\/2014\/05\/8.jpg\" alt=\"\" width=\"555\" height=\"371\" srcset=\"http:\/\/caballitotequiero.com.ar\/portal\/wp-content\/uploads\/2014\/05\/8.jpg 555w, http:\/\/caballitotequiero.com.ar\/portal\/wp-content\/uploads\/2014\/05\/8-300x200.jpg 300w\" sizes=\"auto, (max-width: 555px) 100vw, 555px\" \/><p id=\"caption-attachment-15165\" class=\"wp-caption-text\">Veteranos del Crucero General Belgrano<\/p><\/div>\n<div id=\"attachment_15166\" style=\"width: 565px\" class=\"wp-caption alignleft\"><img loading=\"lazy\" decoding=\"async\" aria-describedby=\"caption-attachment-15166\" class=\"size-full wp-image-15166\" src=\"http:\/\/caballitotequiero.com.ar\/portal\/wp-content\/uploads\/2014\/05\/9.jpg\" alt=\"\" width=\"555\" height=\"371\" srcset=\"http:\/\/caballitotequiero.com.ar\/portal\/wp-content\/uploads\/2014\/05\/9.jpg 555w, http:\/\/caballitotequiero.com.ar\/portal\/wp-content\/uploads\/2014\/05\/9-300x200.jpg 300w\" sizes=\"auto, (max-width: 555px) 100vw, 555px\" \/><p id=\"caption-attachment-15166\" class=\"wp-caption-text\">El capit\u00e1n Pedro Galazzi, quien cumpli\u00f3 tareas como Comandante del Crucero.<\/p><\/div>\n<p><img loading=\"lazy\" decoding=\"async\" class=\"alignleft size-full wp-image-15167\" src=\"http:\/\/caballitotequiero.com.ar\/portal\/wp-content\/uploads\/2014\/05\/10.jpg\" alt=\"\" width=\"555\" height=\"371\" srcset=\"http:\/\/caballitotequiero.com.ar\/portal\/wp-content\/uploads\/2014\/05\/10.jpg 555w, http:\/\/caballitotequiero.com.ar\/portal\/wp-content\/uploads\/2014\/05\/10-300x200.jpg 300w\" sizes=\"auto, (max-width: 555px) 100vw, 555px\" \/><\/p>\n<div id=\"attachment_15168\" style=\"width: 565px\" class=\"wp-caption alignleft\"><img loading=\"lazy\" decoding=\"async\" aria-describedby=\"caption-attachment-15168\" class=\"size-full wp-image-15168\" src=\"http:\/\/caballitotequiero.com.ar\/portal\/wp-content\/uploads\/2014\/05\/12.jpg\" alt=\"\" width=\"555\" height=\"371\" srcset=\"http:\/\/caballitotequiero.com.ar\/portal\/wp-content\/uploads\/2014\/05\/12.jpg 555w, http:\/\/caballitotequiero.com.ar\/portal\/wp-content\/uploads\/2014\/05\/12-300x200.jpg 300w\" sizes=\"auto, (max-width: 555px) 100vw, 555px\" \/><p id=\"caption-attachment-15168\" class=\"wp-caption-text\">Colocando las ofrendas florales.<\/p><\/div>\n<p><img loading=\"lazy\" decoding=\"async\" class=\"alignleft size-full wp-image-15169\" src=\"http:\/\/caballitotequiero.com.ar\/portal\/wp-content\/uploads\/2014\/05\/13.jpg\" alt=\"\" width=\"555\" height=\"371\" srcset=\"http:\/\/caballitotequiero.com.ar\/portal\/wp-content\/uploads\/2014\/05\/13.jpg 555w, http:\/\/caballitotequiero.com.ar\/portal\/wp-content\/uploads\/2014\/05\/13-300x200.jpg 300w\" sizes=\"auto, (max-width: 555px) 100vw, 555px\" \/><img loading=\"lazy\" decoding=\"async\" class=\"alignleft size-full wp-image-15170\" src=\"http:\/\/caballitotequiero.com.ar\/portal\/wp-content\/uploads\/2014\/05\/15.jpg\" alt=\"\" width=\"555\" height=\"371\" srcset=\"http:\/\/caballitotequiero.com.ar\/portal\/wp-content\/uploads\/2014\/05\/15.jpg 555w, http:\/\/caballitotequiero.com.ar\/portal\/wp-content\/uploads\/2014\/05\/15-300x200.jpg 300w\" sizes=\"auto, (max-width: 555px) 100vw, 555px\" \/><\/p>\n<div id=\"attachment_15172\" style=\"width: 565px\" class=\"wp-caption alignleft\"><img loading=\"lazy\" decoding=\"async\" aria-describedby=\"caption-attachment-15172\" class=\"size-full wp-image-15172\" src=\"http:\/\/caballitotequiero.com.ar\/portal\/wp-content\/uploads\/2014\/05\/16.jpg\" alt=\"\" width=\"555\" height=\"371\" srcset=\"http:\/\/caballitotequiero.com.ar\/portal\/wp-content\/uploads\/2014\/05\/16.jpg 555w, http:\/\/caballitotequiero.com.ar\/portal\/wp-content\/uploads\/2014\/05\/16-300x200.jpg 300w\" sizes=\"auto, (max-width: 555px) 100vw, 555px\" \/><p id=\"caption-attachment-15172\" class=\"wp-caption-text\">Integrantes de la Asociaci\u00f3n Vecinos del Parque Centenario.<\/p><\/div>\n<div id=\"attachment_15173\" style=\"width: 565px\" class=\"wp-caption alignleft\"><img loading=\"lazy\" decoding=\"async\" aria-describedby=\"caption-attachment-15173\" class=\"size-full wp-image-15173\" src=\"http:\/\/caballitotequiero.com.ar\/portal\/wp-content\/uploads\/2014\/05\/17.jpg\" alt=\"\" width=\"555\" height=\"371\" srcset=\"http:\/\/caballitotequiero.com.ar\/portal\/wp-content\/uploads\/2014\/05\/17.jpg 555w, http:\/\/caballitotequiero.com.ar\/portal\/wp-content\/uploads\/2014\/05\/17-300x200.jpg 300w\" sizes=\"auto, (max-width: 555px) 100vw, 555px\" \/><p id=\"caption-attachment-15173\" class=\"wp-caption-text\"> Voluntarias del Hospital Naval.<\/p><\/div>\n<p><img loading=\"lazy\" decoding=\"async\" class=\"alignleft size-full wp-image-15174\" src=\"http:\/\/caballitotequiero.com.ar\/portal\/wp-content\/uploads\/2014\/05\/18.jpg\" alt=\"\" width=\"555\" height=\"371\" srcset=\"http:\/\/caballitotequiero.com.ar\/portal\/wp-content\/uploads\/2014\/05\/18.jpg 555w, http:\/\/caballitotequiero.com.ar\/portal\/wp-content\/uploads\/2014\/05\/18-300x200.jpg 300w\" sizes=\"auto, (max-width: 555px) 100vw, 555px\" \/><img loading=\"lazy\" decoding=\"async\" class=\"alignleft size-full wp-image-15175\" src=\"http:\/\/caballitotequiero.com.ar\/portal\/wp-content\/uploads\/2014\/05\/19.jpg\" alt=\"\" width=\"555\" height=\"371\" srcset=\"http:\/\/caballitotequiero.com.ar\/portal\/wp-content\/uploads\/2014\/05\/19.jpg 555w, http:\/\/caballitotequiero.com.ar\/portal\/wp-content\/uploads\/2014\/05\/19-300x200.jpg 300w\" sizes=\"auto, (max-width: 555px) 100vw, 555px\" \/><\/p>\n","protected":false},"excerpt":{"rendered":"<p>El lago del Parque Centenario fue cita para una nueva conmemoraci\u00f3n del hundimiento del Crucero ARA GENERAL BELGRANO. Esta tarde,\u00a0se lanz\u00f3 en el lago del parque una peque\u00f1a r\u00e9plica a escala del Crucero\u00a0Belgrano para que realizara maniobras a modo de homenaje al buque original, Las misma \u00a0fueron acompa\u00f1adas \u00a0a viva voz de \u00a1Viva la Patria!, [&hellip;]<\/p>\n","protected":false},"author":1,"featured_media":15176,"comment_status":"open","ping_status":"open","sticky":false,"template":"","format":"standard","meta":{"footnotes":""},"categories":[5],"tags":[],"class_list":["post-15156","post","type-post","status-publish","format-standard","has-post-thumbnail","hentry","category-noticias"],"_links":{"self":[{"href":"http:\/\/caballitotequiero.com.ar\/portal\/wp-json\/wp\/v2\/posts\/15156","targetHints":{"allow":["GET"]}}],"collection":[{"href":"http:\/\/caballitotequiero.com.ar\/portal\/wp-json\/wp\/v2\/posts"}],"about":[{"href":"http:\/\/caballitotequiero.com.ar\/portal\/wp-json\/wp\/v2\/types\/post"}],"author":[{"embeddable":true,"href":"http:\/\/caballitotequiero.com.ar\/portal\/wp-json\/wp\/v2\/users\/1"}],"replies":[{"embeddable":true,"href":"http:\/\/caballitotequiero.com.ar\/portal\/wp-json\/wp\/v2\/comments?post=15156"}],"version-history":[{"count":3,"href":"http:\/\/caballitotequiero.com.ar\/portal\/wp-json\/wp\/v2\/posts\/15156\/revisions"}],"predecessor-version":[{"id":15178,"href":"http:\/\/caballitotequiero.com.ar\/portal\/wp-json\/wp\/v2\/posts\/15156\/revisions\/15178"}],"wp:featuredmedia":[{"embeddable":true,"href":"http:\/\/caballitotequiero.com.ar\/portal\/wp-json\/wp\/v2\/media\/15176"}],"wp:attachment":[{"href":"http:\/\/caballitotequiero.com.ar\/portal\/wp-json\/wp\/v2\/media?parent=15156"}],"wp:term":[{"taxonomy":"category","embeddable":true,"href":"http:\/\/caballitotequiero.com.ar\/portal\/wp-json\/wp\/v2\/categories?post=15156"},{"taxonomy":"post_tag","embeddable":true,"href":"http:\/\/caballitotequiero.com.ar\/portal\/wp-json\/wp\/v2\/tags?post=15156"}],"curies":[{"name":"wp","href":"https:\/\/api.w.org\/{rel}","templated":true}]}}