{"id":1528,"date":"2011-04-21T17:31:26","date_gmt":"2011-04-21T20:31:26","guid":{"rendered":"http:\/\/caballitotequiero.com.ar\/portal\/?p=1528"},"modified":"2011-04-21T17:32:55","modified_gmt":"2011-04-21T20:32:55","slug":"viviendo-la-semana-santa","status":"publish","type":"post","link":"http:\/\/caballitotequiero.com.ar\/portal\/2011\/04\/21\/viviendo-la-semana-santa\/","title":{"rendered":"VIVIENDO LA SEMANA SANTA"},"content":{"rendered":"<div id=\"_mcePaste\"><strong>Por el Padre Guillermo Natti, especial para Horizonte.<\/strong><\/div>\n<div>A la Semana Santa se le llamaba en tiempos antiguos \u201cLa Gran Semana\u201d. Hoy la conocemos por:  Semana Santa o Semana Mayor y, a sus d\u00edas, se les dice d\u00edas santos.<\/div>\n<div id=\"_mcePaste\">En la actualidad, dados los tiempos de modernidad y poca memoria que transitamos, la Semana Santa se ha transformado en un feriado largo m\u00e1s.<\/div>\n<div id=\"_mcePaste\">La mayor\u00eda suelen aprovechar los d\u00edas no laborables, ya que no se los puede llamar festivos, para hacer turismo.<\/div>\n<div id=\"_mcePaste\">Como tradici\u00f3n, se mantiene la costumbre de no comer carnes rojas. As\u00ed, se consume pescado el Viernes Santo.<\/div>\n<div id=\"_mcePaste\">No son demasiados aquellos que cumplen con los ritos Cat\u00f3licos impuestos por el dogma.<\/div>\n<div id=\"_mcePaste\">Concurren a misa el Domingo de Ramos, para bendecir las ramas de olivo.<\/div>\n<div id=\"_mcePaste\">Algunos, recorren siete iglesias y, otros se detienen a rezar ante cada estaci\u00f3n en una misma iglesia.<\/div>\n<div id=\"_mcePaste\">El Domingo de Pascua, cumplen con la asistencia a misa.<\/div>\n<div id=\"_mcePaste\">La mayor\u00eda de los cat\u00f3licos se olvidan de lo esencial: esta semana la debemos dedicar a la oraci\u00f3n y la reflexi\u00f3n en los misterios de la Pasi\u00f3n y Muerte de Jes\u00fas.<\/div>\n<div id=\"_mcePaste\">Para vivir la Semana Santa, debemos darle a Dios el primer lugar y participar en todas las celebraciones propias de la liturgia cat\u00f3lica.<\/div>\n<div id=\"_mcePaste\">Vivir la Semana Santa es acompa\u00f1ar a Jes\u00fas con nuestra oraci\u00f3n, sacrificios y el arrepentimiento de nuestros pecados.<\/div>\n<div id=\"_mcePaste\">Asistir al Sacramento de la Penitencia aliviarnos del pecado y resucitar con Cristo el d\u00eda de Pascua.<\/div>\n<div id=\"_mcePaste\">Lo importante de este tiempo no es el recordar con tristeza lo que Cristo padeci\u00f3, sino entender por qu\u00e9 muri\u00f3 y resucit\u00f3. Es comprender su entrega a la muerte por amor a nosotros. Entender que, su Resurrecci\u00f3n, es tan s\u00f3lo un anticipo de la de cada uno de nosotros.<\/div>\n<div id=\"_mcePaste\">La Semana Santa fue la \u00faltima semana de Cristo en la tierra. Su Resurrecci\u00f3n nos recuerda que los hombres somos finitos, pero tambi\u00e9n que fuimos creados para vivir eternamente junto a Dios.<\/div>\n<div><\/div>\n<div><strong>\u00bfQu\u00e9 recordamos en Semana Santa?<\/strong><\/div>\n<div id=\"_mcePaste\"><strong>Domingo de Ramos:<\/strong><\/div>\n<div id=\"_mcePaste\">Celebramos la entrada triunfal de Jes\u00fas a Jerusal\u00e9n en la que todo el pueblo lo alaba como rey con cantos y palmas. Por esto, nosotros llevamos nuestras palmas a la Iglesia para que las bendigan ese d\u00eda y participamos en la misa.<\/div>\n<div id=\"_mcePaste\">Jueves Santo:<\/div>\n<div id=\"_mcePaste\">Este d\u00eda recordamos la \u00daltima Cena de Jes\u00fas con sus ap\u00f3stoles en la que les lav\u00f3 los pies d\u00e1ndonos un ejemplo de servicialidad. En la \u00daltima Cena, Jes\u00fas se qued\u00f3 con nosotros en el pan y en el vino, nos dej\u00f3 su cuerpo y su sangre. Es el Jueves Santo cuando instituy\u00f3 la Eucarist\u00eda y el Sacerdocio. Al terminar la \u00faltima cena, Jes\u00fas se fue a orar, al Huerto de los Olivos. Ah\u00ed pas\u00f3 toda la noche y despu\u00e9s de mucho tiempo de oraci\u00f3n, llegaron a aprehenderlo.<\/div>\n<div><\/div>\n<div><strong>Viernes Santo:<\/strong><\/div>\n<div id=\"_mcePaste\">Ese d\u00eda recordamos la Pasi\u00f3n de Nuestro Se\u00f1or: Su prisi\u00f3n, los interrogatorios de Herodes y Pilato; la flagelaci\u00f3n, la coronaci\u00f3n de espinas y la crucifixi\u00f3n. Lo conmemoramos con un Via Crucis solemne y con la ceremonia de la Adoraci\u00f3n de la Cruz.<\/div>\n<div><\/div>\n<div><strong>S\u00e1bado Santo o S\u00e1bado de Gloria:<\/strong><\/div>\n<div id=\"_mcePaste\">Se recuerda el d\u00eda que pas\u00f3 entre la muerte y la Resurrecci\u00f3n de Jes\u00fas. Es un d\u00eda de luto y tristeza pues no tenemos a Jes\u00fas entre nosotros. Las im\u00e1genes se cubren y los sagrarios est\u00e1n abiertos. Por la noche se lleva a cabo una vigilia pascual para celebrar la Resurrecci\u00f3n de Jes\u00fas. Vigilia quiere decir \u201cla tarde y noche anteriores a una fiesta\u201d.  En esta celebraci\u00f3n se acostumbra bendecir el agua y encender las velas en se\u00f1al de la Resurrecci\u00f3n de Cristo<\/div>\n<div id=\"_mcePaste\">Este momento \u00fanico es la gran fiesta de los cat\u00f3licos.<\/div>\n<div><\/div>\n<div><strong>Domingo de Resurrecci\u00f3n o Domingo de Pascua:<\/strong><\/div>\n<div id=\"_mcePaste\">Es el d\u00eda m\u00e1s importante y m\u00e1s alegre para todos nosotros, los cat\u00f3licos, ya que Jes\u00fas venci\u00f3 a la muerte y nos dio la vida. Esto quiere decir que Cristo nos da la oportunidad de salvarnos, de entrar al Cielo y vivir siempre felices en compa\u00f1\u00eda de Dios. Pascua es el paso de la muerte a la vida.<\/div>\n<div id=\"_mcePaste\">Como hombres es una se\u00f1al de esperanza. Es la luz que podemos ver al final del arduo camino de sufrimiento y pena que, cual un V\u00eda Crucis, es la vida terrenal.<\/div>\n<div>Por eso, recordemos que, la Semana Santa, no es tan s\u00f3lo un feriado largo para distendernos o pasear. Tampoco es la oportunidad de ingerir pescado en cantidades mayores de lo que habitualmente acostumbramos o, de repetir las recetas de bacalao de la bisabuela. As\u00ed, por costumbre o tradici\u00f3n familiar.<\/div>\n<div id=\"_mcePaste\">Semana Santa es nuestra oportunidad, si somos cat\u00f3licos, de reflexionar sobre nuestro sentido en el mundo. Hace 1978 a\u00f1os, hubo algui\u00e9n que nos mostr\u00f3 el camino desde una cruz.<\/div>\n<div><\/div>\n<div><strong>Las iglesias de Caballito:<\/strong><\/div>\n<div><strong> <\/strong><\/div>\n<div><strong><\/p>\n<div id=\"attachment_1529\" style=\"width: 520px\" class=\"wp-caption alignleft\"><img loading=\"lazy\" decoding=\"async\" aria-describedby=\"caption-attachment-1529\" class=\"size-full wp-image-1529\" title=\"buen pastor\" src=\"http:\/\/caballitotequiero.com.ar\/portal\/wp-content\/uploads\/2011\/04\/buen-pastor.jpg\" alt=\"\" width=\"510\" height=\"680\" srcset=\"http:\/\/caballitotequiero.com.ar\/portal\/wp-content\/uploads\/2011\/04\/buen-pastor.jpg 510w, http:\/\/caballitotequiero.com.ar\/portal\/wp-content\/uploads\/2011\/04\/buen-pastor-225x300.jpg 225w\" sizes=\"auto, (max-width: 510px) 100vw, 510px\" \/><p id=\"caption-attachment-1529\" class=\"wp-caption-text\">El Buen Pastor<\/p><\/div>\n<div id=\"attachment_1530\" style=\"width: 520px\" class=\"wp-caption alignleft\"><img loading=\"lazy\" decoding=\"async\" aria-describedby=\"caption-attachment-1530\" class=\"size-full wp-image-1530\" title=\"Nuestra Se\u00f1ora Buenos Aires\" src=\"http:\/\/caballitotequiero.com.ar\/portal\/wp-content\/uploads\/2011\/04\/Buestra-Se\u00f1ora-Buenos-Aires.jpg\" alt=\"\" width=\"510\" height=\"507\" srcset=\"http:\/\/caballitotequiero.com.ar\/portal\/wp-content\/uploads\/2011\/04\/Buestra-Se\u00f1ora-Buenos-Aires.jpg 510w, http:\/\/caballitotequiero.com.ar\/portal\/wp-content\/uploads\/2011\/04\/Buestra-Se\u00f1ora-Buenos-Aires-150x150.jpg 150w, http:\/\/caballitotequiero.com.ar\/portal\/wp-content\/uploads\/2011\/04\/Buestra-Se\u00f1ora-Buenos-Aires-300x298.jpg 300w\" sizes=\"auto, (max-width: 510px) 100vw, 510px\" \/><p id=\"caption-attachment-1530\" class=\"wp-caption-text\">Nuestra Se\u00f1ora de los Buenos Aires<\/p><\/div>\n<div id=\"attachment_1531\" style=\"width: 490px\" class=\"wp-caption alignleft\"><img loading=\"lazy\" decoding=\"async\" aria-describedby=\"caption-attachment-1531\" class=\"size-full wp-image-1531\" title=\"Caacupe\" src=\"http:\/\/caballitotequiero.com.ar\/portal\/wp-content\/uploads\/2011\/04\/Caacupe.jpg\" alt=\"\" width=\"480\" height=\"640\" srcset=\"http:\/\/caballitotequiero.com.ar\/portal\/wp-content\/uploads\/2011\/04\/Caacupe.jpg 480w, http:\/\/caballitotequiero.com.ar\/portal\/wp-content\/uploads\/2011\/04\/Caacupe-225x300.jpg 225w\" sizes=\"auto, (max-width: 480px) 100vw, 480px\" \/><p id=\"caption-attachment-1531\" class=\"wp-caption-text\">Nuestra Se\u00f1ora de Caacup\u00e9<\/p><\/div>\n<div id=\"attachment_1532\" style=\"width: 520px\" class=\"wp-caption alignleft\"><img loading=\"lazy\" decoding=\"async\" aria-describedby=\"caption-attachment-1532\" class=\"size-full wp-image-1532\" title=\"calasanz\" src=\"http:\/\/caballitotequiero.com.ar\/portal\/wp-content\/uploads\/2011\/04\/calasanz.jpg\" alt=\"\" width=\"510\" height=\"680\" srcset=\"http:\/\/caballitotequiero.com.ar\/portal\/wp-content\/uploads\/2011\/04\/calasanz.jpg 510w, http:\/\/caballitotequiero.com.ar\/portal\/wp-content\/uploads\/2011\/04\/calasanz-225x300.jpg 225w\" sizes=\"auto, (max-width: 510px) 100vw, 510px\" \/><p id=\"caption-attachment-1532\" class=\"wp-caption-text\">San Jos\u00e9 de Calasanz<\/p><\/div>\n<div id=\"attachment_1533\" style=\"width: 690px\" class=\"wp-caption alignleft\"><img loading=\"lazy\" decoding=\"async\" aria-describedby=\"caption-attachment-1533\" class=\"size-full wp-image-1533\" title=\"dolores\" src=\"http:\/\/caballitotequiero.com.ar\/portal\/wp-content\/uploads\/2011\/04\/dolores.jpg\" alt=\"\" width=\"680\" height=\"852\" srcset=\"http:\/\/caballitotequiero.com.ar\/portal\/wp-content\/uploads\/2011\/04\/dolores.jpg 680w, http:\/\/caballitotequiero.com.ar\/portal\/wp-content\/uploads\/2011\/04\/dolores-239x300.jpg 239w\" sizes=\"auto, (max-width: 680px) 100vw, 680px\" \/><p id=\"caption-attachment-1533\" class=\"wp-caption-text\">Nuestra Se\u00f1ora de los Dolores<\/p><\/div>\n<div id=\"attachment_1534\" style=\"width: 577px\" class=\"wp-caption alignleft\"><img loading=\"lazy\" decoding=\"async\" aria-describedby=\"caption-attachment-1534\" class=\"size-full wp-image-1534\" title=\"maria madre de la iglesia\" src=\"http:\/\/caballitotequiero.com.ar\/portal\/wp-content\/uploads\/2011\/04\/maria-madre-de-la-iglesia.jpg\" alt=\"\" width=\"567\" height=\"425\" srcset=\"http:\/\/caballitotequiero.com.ar\/portal\/wp-content\/uploads\/2011\/04\/maria-madre-de-la-iglesia.jpg 567w, http:\/\/caballitotequiero.com.ar\/portal\/wp-content\/uploads\/2011\/04\/maria-madre-de-la-iglesia-300x224.jpg 300w, http:\/\/caballitotequiero.com.ar\/portal\/wp-content\/uploads\/2011\/04\/maria-madre-de-la-iglesia-80x60.jpg 80w\" sizes=\"auto, (max-width: 567px) 100vw, 567px\" \/><p id=\"caption-attachment-1534\" class=\"wp-caption-text\">Mar\u00eda Madre de la Iglesia<\/p><\/div>\n<div id=\"attachment_1535\" style=\"width: 577px\" class=\"wp-caption alignleft\"><img loading=\"lazy\" decoding=\"async\" aria-describedby=\"caption-attachment-1535\" class=\"size-full wp-image-1535\" title=\"Santa Julia\" src=\"http:\/\/caballitotequiero.com.ar\/portal\/wp-content\/uploads\/2011\/04\/Santa-Julia.jpg\" alt=\"\" width=\"567\" height=\"756\" srcset=\"http:\/\/caballitotequiero.com.ar\/portal\/wp-content\/uploads\/2011\/04\/Santa-Julia.jpg 567w, http:\/\/caballitotequiero.com.ar\/portal\/wp-content\/uploads\/2011\/04\/Santa-Julia-225x300.jpg 225w\" sizes=\"auto, (max-width: 567px) 100vw, 567px\" \/><p id=\"caption-attachment-1535\" class=\"wp-caption-text\">Santa Julia<\/p><\/div>\n<div id=\"attachment_1536\" style=\"width: 577px\" class=\"wp-caption alignleft\"><img loading=\"lazy\" decoding=\"async\" aria-describedby=\"caption-attachment-1536\" class=\"size-full wp-image-1536\" title=\"santa maria\" src=\"http:\/\/caballitotequiero.com.ar\/portal\/wp-content\/uploads\/2011\/04\/santa-maria.jpg\" alt=\"\" width=\"567\" height=\"756\" srcset=\"http:\/\/caballitotequiero.com.ar\/portal\/wp-content\/uploads\/2011\/04\/santa-maria.jpg 567w, http:\/\/caballitotequiero.com.ar\/portal\/wp-content\/uploads\/2011\/04\/santa-maria-225x300.jpg 225w\" sizes=\"auto, (max-width: 567px) 100vw, 567px\" \/><p id=\"caption-attachment-1536\" class=\"wp-caption-text\">Santa Mar\u00eda (geogr\u00e1ficamente est\u00e1 fuera del barrio de Caballito, pero tiene jurisdicci\u00f3n en \u00e9l)<\/p><\/div>\n<div id=\"attachment_1537\" style=\"width: 520px\" class=\"wp-caption alignleft\"><img loading=\"lazy\" decoding=\"async\" aria-describedby=\"caption-attachment-1537\" class=\"size-full wp-image-1537\" title=\"Nuestra Sra de la Consolata\" src=\"http:\/\/caballitotequiero.com.ar\/portal\/wp-content\/uploads\/2011\/04\/Nuestra-Sra-de-la-Consolata.jpg\" alt=\"\" width=\"510\" height=\"404\" srcset=\"http:\/\/caballitotequiero.com.ar\/portal\/wp-content\/uploads\/2011\/04\/Nuestra-Sra-de-la-Consolata.jpg 510w, http:\/\/caballitotequiero.com.ar\/portal\/wp-content\/uploads\/2011\/04\/Nuestra-Sra-de-la-Consolata-300x237.jpg 300w\" sizes=\"auto, (max-width: 510px) 100vw, 510px\" \/><p id=\"caption-attachment-1537\" class=\"wp-caption-text\">Nuestra Se\u00f1ora de la Consolata (geogr\u00e1ficamente est\u00e1 fuera del barrio de Caballito, pero tiene jurisdicci\u00f3n en \u00e9l)<\/p><\/div>\n<div id=\"attachment_1538\" style=\"width: 577px\" class=\"wp-caption alignleft\"><img loading=\"lazy\" decoding=\"async\" aria-describedby=\"caption-attachment-1538\" class=\"size-full wp-image-1538\" title=\"lourdes\" src=\"http:\/\/caballitotequiero.com.ar\/portal\/wp-content\/uploads\/2011\/04\/lourdes.jpg\" alt=\"\" width=\"567\" height=\"756\" srcset=\"http:\/\/caballitotequiero.com.ar\/portal\/wp-content\/uploads\/2011\/04\/lourdes.jpg 567w, http:\/\/caballitotequiero.com.ar\/portal\/wp-content\/uploads\/2011\/04\/lourdes-225x300.jpg 225w\" sizes=\"auto, (max-width: 567px) 100vw, 567px\" \/><p id=\"caption-attachment-1538\" class=\"wp-caption-text\">Nuestra Se\u00f1ora de Lourdes (geogr\u00e1ficamente est\u00e1 fuera del barrio de Caballito, pero tiene jurisdicci\u00f3n en \u00e9l)<\/p><\/div>\n<p><\/strong><strong> <\/strong><\/p>\n<\/div>\n","protected":false},"excerpt":{"rendered":"<p>Por el Padre Guillermo Natti, especial para Horizonte. A la Semana Santa se le llamaba en tiempos antiguos \u201cLa Gran Semana\u201d. Hoy la conocemos por: Semana Santa o Semana Mayor y, a sus d\u00edas, se les dice d\u00edas santos. En la actualidad, dados los tiempos de modernidad y poca memoria que transitamos, la Semana Santa [&hellip;]<\/p>\n","protected":false},"author":1,"featured_media":1539,"comment_status":"open","ping_status":"open","sticky":false,"template":"","format":"standard","meta":{"footnotes":""},"categories":[5],"tags":[],"class_list":["post-1528","post","type-post","status-publish","format-standard","has-post-thumbnail","hentry","category-noticias"],"_links":{"self":[{"href":"http:\/\/caballitotequiero.com.ar\/portal\/wp-json\/wp\/v2\/posts\/1528","targetHints":{"allow":["GET"]}}],"collection":[{"href":"http:\/\/caballitotequiero.com.ar\/portal\/wp-json\/wp\/v2\/posts"}],"about":[{"href":"http:\/\/caballitotequiero.com.ar\/portal\/wp-json\/wp\/v2\/types\/post"}],"author":[{"embeddable":true,"href":"http:\/\/caballitotequiero.com.ar\/portal\/wp-json\/wp\/v2\/users\/1"}],"replies":[{"embeddable":true,"href":"http:\/\/caballitotequiero.com.ar\/portal\/wp-json\/wp\/v2\/comments?post=1528"}],"version-history":[{"count":3,"href":"http:\/\/caballitotequiero.com.ar\/portal\/wp-json\/wp\/v2\/posts\/1528\/revisions"}],"predecessor-version":[{"id":1541,"href":"http:\/\/caballitotequiero.com.ar\/portal\/wp-json\/wp\/v2\/posts\/1528\/revisions\/1541"}],"wp:featuredmedia":[{"embeddable":true,"href":"http:\/\/caballitotequiero.com.ar\/portal\/wp-json\/wp\/v2\/media\/1539"}],"wp:attachment":[{"href":"http:\/\/caballitotequiero.com.ar\/portal\/wp-json\/wp\/v2\/media?parent=1528"}],"wp:term":[{"taxonomy":"category","embeddable":true,"href":"http:\/\/caballitotequiero.com.ar\/portal\/wp-json\/wp\/v2\/categories?post=1528"},{"taxonomy":"post_tag","embeddable":true,"href":"http:\/\/caballitotequiero.com.ar\/portal\/wp-json\/wp\/v2\/tags?post=1528"}],"curies":[{"name":"wp","href":"https:\/\/api.w.org\/{rel}","templated":true}]}}