{"id":1558,"date":"2011-04-24T11:27:33","date_gmt":"2011-04-24T14:27:33","guid":{"rendered":"http:\/\/caballitotequiero.com.ar\/portal\/?p=1558"},"modified":"2011-04-30T13:28:45","modified_gmt":"2011-04-30T16:28:45","slug":"conmoverdor-via-crucis-en-la-parroquia-santa-julia","status":"publish","type":"post","link":"http:\/\/caballitotequiero.com.ar\/portal\/2011\/04\/24\/conmoverdor-via-crucis-en-la-parroquia-santa-julia\/","title":{"rendered":"CONMOVERDOR VIA CRUCIS EN LA PARROQUIA SANTA JULIA"},"content":{"rendered":"<p>El 22 de abril, Viernes Santo, los j\u00f3venes de la Parroquia Santa Julia recrearon el V\u00eda Crucis en el atrio y las escalinatas del templo.<br \/>\nUn gran n\u00famero de vecinos se acercaron para presenciar la puesta en escena, que logr\u00f3 ser convincente y de a ratos despertar una profunda emoci\u00f3n.<\/p>\n<p>Parte de la ceremonia fue una peque\u00f1a peregrinaci\u00f3n a alrededor de la manzana limitada por: Rivadavia, Emilio Mitre, Juan Bautista Alberdi y V\u00edctor Mart\u00ednez. Muchos vecinos se ofrecieron y se fueron turnando en llevar una enorme cruz, en una aut\u00e9ntica demostraci\u00f3n de fe.<br \/>\nEl relato se transform\u00f3 en un emotivo regreso al dogma cat\u00f3lico, llegando a conmover, hasta las l\u00e1grimas, a muchos de los presentes.<\/p>\n<p>Luego de la excelente representaci\u00f3n, Monse\u00f1or Antonio Aloisio agradeci\u00f3 y felicit\u00f3 a los j\u00f3venes, al Padre Jorge y al Seminarista Dami\u00e1n que tuvieron a su cargo la impecable realizaci\u00f3n de este V\u00eda Crucis, tambi\u00e9n mereci\u00f3 un agradecimiento la Polic\u00eda Federal que colabor\u00f3 aportando el sonido para el evento.<br \/>\n\u201cMirando la Cruz de Cristo, y la Cruz que le toca llevar a algunos hermanos, debemos pensar que, quiz\u00e1s, nuestra Cruz no es tan pesada, y podemos ayudar a otros a cargar con la suya, como lo hizo Sim\u00f3n, el cirineo, con Jes\u00fas.\u201d, fue el mensaje de Monse\u00f1or Aloisio.<br \/>\nFinalmente, al terminar la representaci\u00f3n, los fieles ingresaron al templo a orar frente al Cristo yacente.<\/p>\n<p>Un claro mensaje de Fe y Compromiso, lleg\u00f3 as\u00ed a los vecinos de Caballito. Fe en nuestro Se\u00f1or y su m\u00e1ximo acto de amor, y compromiso para con nuestros hermanos que sufren d\u00eda a d\u00eda.<strong> <\/strong><\/p>\n<p><strong> <\/strong><\/p>\n<p><strong>Organizadores:<\/strong><br \/>\nDamian Corigliano: director<br \/>\nMartin Gorgazzi: ayudante del director<br \/>\nFrancisco Arrabal: ayudante del director<\/p>\n<p><strong>Elenco:<\/strong><br \/>\nMartin Gorgazzi: Jesus<br \/>\nSamanta Rombol\u00e1: Mar\u00eda<br \/>\nIgnacio Cavanagh: Pilato y soldado romano<br \/>\nAlejandro Espindola: Discipulo y soldado romano\/judio<br \/>\nNicolas Blache: Discipulo y soldado romano\/judio<br \/>\nVictor Tolosa: Discipulo, diablo, y soldado romano<br \/>\nNahuel Aguero: Discipulo (Judas)<br \/>\nNicolas Lema: Discipulo (Juan)<br \/>\nGuido Jeandet: Discipulo (Pedro)<br \/>\nMariana Arrabal: Pueblerina y Sirvienta<br \/>\nPadre Damian Corigliano: Caifas<br \/>\nMarianela Melo Cardus: Maria Magdalena<br \/>\nFrancisco Arrabal: Discipulo y Centurion<br \/>\nAlba Rojas: Veronica<\/p>\n<p><strong>Coro: <\/strong>Sandra Geoffroy, Isabel Gardey, Horacio Badano<\/p>\n<p><strong>Voces: <\/strong>Mariano Moreno, Osvaldo Gorgazzi, Pablo, Leticia Ruiz<\/p>\n<p><strong>Asistencia, vestuario, utiler\u00eda, etc.: <\/strong>Florencia Quartino, Andrea Lozano, Alba Rojas, Sof\u00eda Todoroff, Mercedes Todoroff<\/p>\n<p><img loading=\"lazy\" decoding=\"async\" class=\"alignleft size-full wp-image-1560\" title=\"o via crucis 1\" src=\"http:\/\/caballitotequiero.com.ar\/portal\/wp-content\/uploads\/2011\/04\/o-via-crucis-1.jpg\" alt=\"\" width=\"510\" height=\"383\" srcset=\"http:\/\/caballitotequiero.com.ar\/portal\/wp-content\/uploads\/2011\/04\/o-via-crucis-1.jpg 510w, http:\/\/caballitotequiero.com.ar\/portal\/wp-content\/uploads\/2011\/04\/o-via-crucis-1-300x225.jpg 300w, http:\/\/caballitotequiero.com.ar\/portal\/wp-content\/uploads\/2011\/04\/o-via-crucis-1-80x60.jpg 80w\" sizes=\"auto, (max-width: 510px) 100vw, 510px\" \/><img loading=\"lazy\" decoding=\"async\" class=\"alignleft size-full wp-image-1561\" title=\"o via crucis 2\" src=\"http:\/\/caballitotequiero.com.ar\/portal\/wp-content\/uploads\/2011\/04\/o-via-crucis-2.jpg\" alt=\"\" width=\"510\" height=\"383\" srcset=\"http:\/\/caballitotequiero.com.ar\/portal\/wp-content\/uploads\/2011\/04\/o-via-crucis-2.jpg 510w, http:\/\/caballitotequiero.com.ar\/portal\/wp-content\/uploads\/2011\/04\/o-via-crucis-2-300x225.jpg 300w, http:\/\/caballitotequiero.com.ar\/portal\/wp-content\/uploads\/2011\/04\/o-via-crucis-2-80x60.jpg 80w\" sizes=\"auto, (max-width: 510px) 100vw, 510px\" \/><img loading=\"lazy\" decoding=\"async\" class=\"alignleft size-full wp-image-1562\" title=\"o via crucis 3\" src=\"http:\/\/caballitotequiero.com.ar\/portal\/wp-content\/uploads\/2011\/04\/o-via-crucis-3.jpg\" alt=\"\" width=\"510\" height=\"383\" srcset=\"http:\/\/caballitotequiero.com.ar\/portal\/wp-content\/uploads\/2011\/04\/o-via-crucis-3.jpg 510w, http:\/\/caballitotequiero.com.ar\/portal\/wp-content\/uploads\/2011\/04\/o-via-crucis-3-300x225.jpg 300w, http:\/\/caballitotequiero.com.ar\/portal\/wp-content\/uploads\/2011\/04\/o-via-crucis-3-80x60.jpg 80w\" sizes=\"auto, (max-width: 510px) 100vw, 510px\" \/><img loading=\"lazy\" decoding=\"async\" class=\"alignleft size-full wp-image-1563\" title=\"o via crucis 4\" src=\"http:\/\/caballitotequiero.com.ar\/portal\/wp-content\/uploads\/2011\/04\/o-via-crucis-4.jpg\" alt=\"\" width=\"510\" height=\"383\" srcset=\"http:\/\/caballitotequiero.com.ar\/portal\/wp-content\/uploads\/2011\/04\/o-via-crucis-4.jpg 510w, http:\/\/caballitotequiero.com.ar\/portal\/wp-content\/uploads\/2011\/04\/o-via-crucis-4-300x225.jpg 300w, http:\/\/caballitotequiero.com.ar\/portal\/wp-content\/uploads\/2011\/04\/o-via-crucis-4-80x60.jpg 80w\" sizes=\"auto, (max-width: 510px) 100vw, 510px\" \/><img loading=\"lazy\" decoding=\"async\" class=\"alignleft size-full wp-image-1564\" title=\"o via crucis 5\" src=\"http:\/\/caballitotequiero.com.ar\/portal\/wp-content\/uploads\/2011\/04\/o-via-crucis-5.jpg\" alt=\"\" width=\"510\" height=\"457\" srcset=\"http:\/\/caballitotequiero.com.ar\/portal\/wp-content\/uploads\/2011\/04\/o-via-crucis-5.jpg 510w, http:\/\/caballitotequiero.com.ar\/portal\/wp-content\/uploads\/2011\/04\/o-via-crucis-5-300x268.jpg 300w\" sizes=\"auto, (max-width: 510px) 100vw, 510px\" \/><img loading=\"lazy\" decoding=\"async\" class=\"alignleft size-full wp-image-1565\" title=\"o via crucis 6\" src=\"http:\/\/caballitotequiero.com.ar\/portal\/wp-content\/uploads\/2011\/04\/o-via-crucis-6.jpg\" alt=\"\" width=\"510\" height=\"383\" srcset=\"http:\/\/caballitotequiero.com.ar\/portal\/wp-content\/uploads\/2011\/04\/o-via-crucis-6.jpg 510w, http:\/\/caballitotequiero.com.ar\/portal\/wp-content\/uploads\/2011\/04\/o-via-crucis-6-300x225.jpg 300w, http:\/\/caballitotequiero.com.ar\/portal\/wp-content\/uploads\/2011\/04\/o-via-crucis-6-80x60.jpg 80w\" sizes=\"auto, (max-width: 510px) 100vw, 510px\" \/><img loading=\"lazy\" decoding=\"async\" class=\"alignleft size-full wp-image-1566\" title=\"o via crucis 7\" src=\"http:\/\/caballitotequiero.com.ar\/portal\/wp-content\/uploads\/2011\/04\/o-via-crucis-7.jpg\" alt=\"\" width=\"510\" height=\"394\" srcset=\"http:\/\/caballitotequiero.com.ar\/portal\/wp-content\/uploads\/2011\/04\/o-via-crucis-7.jpg 510w, http:\/\/caballitotequiero.com.ar\/portal\/wp-content\/uploads\/2011\/04\/o-via-crucis-7-300x231.jpg 300w\" sizes=\"auto, (max-width: 510px) 100vw, 510px\" \/><img loading=\"lazy\" decoding=\"async\" class=\"alignleft size-full wp-image-1567\" title=\"o via crucis 8\" src=\"http:\/\/caballitotequiero.com.ar\/portal\/wp-content\/uploads\/2011\/04\/o-via-crucis-8.jpg\" alt=\"\" width=\"510\" height=\"388\" srcset=\"http:\/\/caballitotequiero.com.ar\/portal\/wp-content\/uploads\/2011\/04\/o-via-crucis-8.jpg 510w, http:\/\/caballitotequiero.com.ar\/portal\/wp-content\/uploads\/2011\/04\/o-via-crucis-8-300x228.jpg 300w, http:\/\/caballitotequiero.com.ar\/portal\/wp-content\/uploads\/2011\/04\/o-via-crucis-8-80x60.jpg 80w\" sizes=\"auto, (max-width: 510px) 100vw, 510px\" \/><img loading=\"lazy\" decoding=\"async\" class=\"alignleft size-full wp-image-1568\" title=\"o via crucis 9\" src=\"http:\/\/caballitotequiero.com.ar\/portal\/wp-content\/uploads\/2011\/04\/o-via-crucis-9.jpg\" alt=\"\" width=\"510\" height=\"383\" srcset=\"http:\/\/caballitotequiero.com.ar\/portal\/wp-content\/uploads\/2011\/04\/o-via-crucis-9.jpg 510w, http:\/\/caballitotequiero.com.ar\/portal\/wp-content\/uploads\/2011\/04\/o-via-crucis-9-300x225.jpg 300w, http:\/\/caballitotequiero.com.ar\/portal\/wp-content\/uploads\/2011\/04\/o-via-crucis-9-80x60.jpg 80w\" sizes=\"auto, (max-width: 510px) 100vw, 510px\" \/><img loading=\"lazy\" decoding=\"async\" class=\"alignleft size-full wp-image-1569\" title=\"o via crucis 10\" src=\"http:\/\/caballitotequiero.com.ar\/portal\/wp-content\/uploads\/2011\/04\/o-via-crucis-10.jpg\" alt=\"\" width=\"510\" height=\"383\" srcset=\"http:\/\/caballitotequiero.com.ar\/portal\/wp-content\/uploads\/2011\/04\/o-via-crucis-10.jpg 510w, http:\/\/caballitotequiero.com.ar\/portal\/wp-content\/uploads\/2011\/04\/o-via-crucis-10-300x225.jpg 300w, http:\/\/caballitotequiero.com.ar\/portal\/wp-content\/uploads\/2011\/04\/o-via-crucis-10-80x60.jpg 80w\" sizes=\"auto, (max-width: 510px) 100vw, 510px\" \/><img loading=\"lazy\" decoding=\"async\" class=\"alignleft size-full wp-image-1570\" title=\"o via crucis 11\" src=\"http:\/\/caballitotequiero.com.ar\/portal\/wp-content\/uploads\/2011\/04\/o-via-crucis-11.jpg\" alt=\"\" width=\"567\" height=\"425\" srcset=\"http:\/\/caballitotequiero.com.ar\/portal\/wp-content\/uploads\/2011\/04\/o-via-crucis-11.jpg 567w, http:\/\/caballitotequiero.com.ar\/portal\/wp-content\/uploads\/2011\/04\/o-via-crucis-11-300x224.jpg 300w, http:\/\/caballitotequiero.com.ar\/portal\/wp-content\/uploads\/2011\/04\/o-via-crucis-11-80x60.jpg 80w\" sizes=\"auto, (max-width: 567px) 100vw, 567px\" \/><img loading=\"lazy\" decoding=\"async\" class=\"alignleft size-full wp-image-1571\" title=\"o via crucis Monse\u00f1os Aloisio\" src=\"http:\/\/caballitotequiero.com.ar\/portal\/wp-content\/uploads\/2011\/04\/o-via-crucis-Monse\u00f1os-Aloisio.jpg\" alt=\"\" width=\"510\" height=\"383\" srcset=\"http:\/\/caballitotequiero.com.ar\/portal\/wp-content\/uploads\/2011\/04\/o-via-crucis-Monse\u00f1os-Aloisio.jpg 510w, http:\/\/caballitotequiero.com.ar\/portal\/wp-content\/uploads\/2011\/04\/o-via-crucis-Monse\u00f1os-Aloisio-300x225.jpg 300w, http:\/\/caballitotequiero.com.ar\/portal\/wp-content\/uploads\/2011\/04\/o-via-crucis-Monse\u00f1os-Aloisio-80x60.jpg 80w\" sizes=\"auto, (max-width: 510px) 100vw, 510px\" \/><img loading=\"lazy\" decoding=\"async\" class=\"alignleft size-full wp-image-1572\" title=\"o via crucis Cristo de Santa Julia\" src=\"http:\/\/caballitotequiero.com.ar\/portal\/wp-content\/uploads\/2011\/04\/o-via-crucis-Cristo-de-Santa-Julia.jpg\" alt=\"\" width=\"510\" height=\"383\" srcset=\"http:\/\/caballitotequiero.com.ar\/portal\/wp-content\/uploads\/2011\/04\/o-via-crucis-Cristo-de-Santa-Julia.jpg 510w, http:\/\/caballitotequiero.com.ar\/portal\/wp-content\/uploads\/2011\/04\/o-via-crucis-Cristo-de-Santa-Julia-300x225.jpg 300w, http:\/\/caballitotequiero.com.ar\/portal\/wp-content\/uploads\/2011\/04\/o-via-crucis-Cristo-de-Santa-Julia-80x60.jpg 80w\" sizes=\"auto, (max-width: 510px) 100vw, 510px\" \/><br \/>\n<img loading=\"lazy\" decoding=\"async\" class=\"alignleft size-full wp-image-1559\" title=\"o via crucis 0\" src=\"http:\/\/caballitotequiero.com.ar\/portal\/wp-content\/uploads\/2011\/04\/o-via-crucis-0.jpg\" alt=\"\" width=\"510\" height=\"383\" srcset=\"http:\/\/caballitotequiero.com.ar\/portal\/wp-content\/uploads\/2011\/04\/o-via-crucis-0.jpg 510w, http:\/\/caballitotequiero.com.ar\/portal\/wp-content\/uploads\/2011\/04\/o-via-crucis-0-300x225.jpg 300w, http:\/\/caballitotequiero.com.ar\/portal\/wp-content\/uploads\/2011\/04\/o-via-crucis-0-80x60.jpg 80w\" sizes=\"auto, (max-width: 510px) 100vw, 510px\" \/><\/p>\n","protected":false},"excerpt":{"rendered":"<p>El 22 de abril, Viernes Santo, los j\u00f3venes de la Parroquia Santa Julia recrearon el V\u00eda Crucis en el atrio y las escalinatas del templo. Un gran n\u00famero de vecinos se acercaron para presenciar la puesta en escena, que logr\u00f3 ser convincente y de a ratos despertar una profunda emoci\u00f3n. Parte de la ceremonia fue [&hellip;]<\/p>\n","protected":false},"author":1,"featured_media":1573,"comment_status":"open","ping_status":"open","sticky":false,"template":"","format":"standard","meta":{"footnotes":""},"categories":[5],"tags":[],"class_list":["post-1558","post","type-post","status-publish","format-standard","has-post-thumbnail","hentry","category-noticias"],"_links":{"self":[{"href":"http:\/\/caballitotequiero.com.ar\/portal\/wp-json\/wp\/v2\/posts\/1558","targetHints":{"allow":["GET"]}}],"collection":[{"href":"http:\/\/caballitotequiero.com.ar\/portal\/wp-json\/wp\/v2\/posts"}],"about":[{"href":"http:\/\/caballitotequiero.com.ar\/portal\/wp-json\/wp\/v2\/types\/post"}],"author":[{"embeddable":true,"href":"http:\/\/caballitotequiero.com.ar\/portal\/wp-json\/wp\/v2\/users\/1"}],"replies":[{"embeddable":true,"href":"http:\/\/caballitotequiero.com.ar\/portal\/wp-json\/wp\/v2\/comments?post=1558"}],"version-history":[{"count":3,"href":"http:\/\/caballitotequiero.com.ar\/portal\/wp-json\/wp\/v2\/posts\/1558\/revisions"}],"predecessor-version":[{"id":1575,"href":"http:\/\/caballitotequiero.com.ar\/portal\/wp-json\/wp\/v2\/posts\/1558\/revisions\/1575"}],"wp:featuredmedia":[{"embeddable":true,"href":"http:\/\/caballitotequiero.com.ar\/portal\/wp-json\/wp\/v2\/media\/1573"}],"wp:attachment":[{"href":"http:\/\/caballitotequiero.com.ar\/portal\/wp-json\/wp\/v2\/media?parent=1558"}],"wp:term":[{"taxonomy":"category","embeddable":true,"href":"http:\/\/caballitotequiero.com.ar\/portal\/wp-json\/wp\/v2\/categories?post=1558"},{"taxonomy":"post_tag","embeddable":true,"href":"http:\/\/caballitotequiero.com.ar\/portal\/wp-json\/wp\/v2\/tags?post=1558"}],"curies":[{"name":"wp","href":"https:\/\/api.w.org\/{rel}","templated":true}]}}