{"id":1581,"date":"2011-04-25T12:46:00","date_gmt":"2011-04-25T15:46:00","guid":{"rendered":"http:\/\/caballitotequiero.com.ar\/portal\/?p=1581"},"modified":"2011-04-25T12:46:00","modified_gmt":"2011-04-25T15:46:00","slug":"septima-reunion-del-preconsejo-consultivo-comunal","status":"publish","type":"post","link":"http:\/\/caballitotequiero.com.ar\/portal\/2011\/04\/25\/septima-reunion-del-preconsejo-consultivo-comunal\/","title":{"rendered":"SEPTIMA REUNI\u00d3N DEL PRECONSEJO CONSULTIVO COMUNAL"},"content":{"rendered":"<div id=\"_mcePaste\">En el marco del proceso de transici\u00f3n hacia las comunas, se invita a todos los vecinos e instituciones de la Comuna 6 que deseen participar de la 7 \u00aa jornada del Preconsejo Consultivo.<\/div>\n<div id=\"_mcePaste\">El encuentro se realizar\u00e1 el mi\u00e9rcoles 27 de abril en el CGPC 6, sito en Av. D\u00edaz V\u00e9lez 4558 a las 18 hs.<\/div>\n","protected":false},"excerpt":{"rendered":"<p>En el marco del proceso de transici\u00f3n hacia las comunas, se invita a todos los vecinos e instituciones de la Comuna 6 que deseen participar de la 7 \u00aa jornada del Preconsejo Consultivo. El encuentro se realizar\u00e1 el mi\u00e9rcoles 27 de abril en el CGPC 6, sito en Av. D\u00edaz V\u00e9lez 4558 a las 18 [&hellip;]<\/p>\n","protected":false},"author":1,"featured_media":1582,"comment_status":"open","ping_status":"open","sticky":false,"template":"","format":"standard","meta":{"footnotes":""},"categories":[5],"tags":[],"class_list":["post-1581","post","type-post","status-publish","format-standard","has-post-thumbnail","hentry","category-noticias"],"_links":{"self":[{"href":"http:\/\/caballitotequiero.com.ar\/portal\/wp-json\/wp\/v2\/posts\/1581","targetHints":{"allow":["GET"]}}],"collection":[{"href":"http:\/\/caballitotequiero.com.ar\/portal\/wp-json\/wp\/v2\/posts"}],"about":[{"href":"http:\/\/caballitotequiero.com.ar\/portal\/wp-json\/wp\/v2\/types\/post"}],"author":[{"embeddable":true,"href":"http:\/\/caballitotequiero.com.ar\/portal\/wp-json\/wp\/v2\/users\/1"}],"replies":[{"embeddable":true,"href":"http:\/\/caballitotequiero.com.ar\/portal\/wp-json\/wp\/v2\/comments?post=1581"}],"version-history":[{"count":1,"href":"http:\/\/caballitotequiero.com.ar\/portal\/wp-json\/wp\/v2\/posts\/1581\/revisions"}],"predecessor-version":[{"id":1583,"href":"http:\/\/caballitotequiero.com.ar\/portal\/wp-json\/wp\/v2\/posts\/1581\/revisions\/1583"}],"wp:featuredmedia":[{"embeddable":true,"href":"http:\/\/caballitotequiero.com.ar\/portal\/wp-json\/wp\/v2\/media\/1582"}],"wp:attachment":[{"href":"http:\/\/caballitotequiero.com.ar\/portal\/wp-json\/wp\/v2\/media?parent=1581"}],"wp:term":[{"taxonomy":"category","embeddable":true,"href":"http:\/\/caballitotequiero.com.ar\/portal\/wp-json\/wp\/v2\/categories?post=1581"},{"taxonomy":"post_tag","embeddable":true,"href":"http:\/\/caballitotequiero.com.ar\/portal\/wp-json\/wp\/v2\/tags?post=1581"}],"curies":[{"name":"wp","href":"https:\/\/api.w.org\/{rel}","templated":true}]}}