{"id":1584,"date":"2011-04-26T01:32:06","date_gmt":"2011-04-26T04:32:06","guid":{"rendered":"http:\/\/caballitotequiero.com.ar\/portal\/?p=1584"},"modified":"2011-04-27T19:34:44","modified_gmt":"2011-04-27T22:34:44","slug":"el-pro-caballito-inauguro-un-nuevo-local","status":"publish","type":"post","link":"http:\/\/caballitotequiero.com.ar\/portal\/2011\/04\/26\/el-pro-caballito-inauguro-un-nuevo-local\/","title":{"rendered":"EL PRO CABALLITO INAUGUR\u00d3 UN NUEVO LOCAL"},"content":{"rendered":"<p>El lunes 25 de abril a las 18.30, se inaugur\u00f3 un local del PRO en la calle Senillosa 415.<\/p>\n<p>Los due\u00f1os de casa, Marcelo Iambrich, Fabi\u00e1n Bullotta, Estela Salazar, Silvia Molina y Alicia Besada, recibieron a las casi cien personas que concurrieron a la inauguraci\u00f3n. De hecho, la capacidad del local fue colmada, debiendo gran parte del p\u00fablico mantenerse en la acera.<\/p>\n<p>Entre los concurrentes, estuvieron presentes: el Jefe de Gabinete del GCABA, Horacio Rodr\u00edguez Larreta; el Subsecretario de Atenci\u00f3n Ciudadana del <em>GCBA<\/em>, Eduardo <em>Machiavelli;<\/em> el Director de Espacios Verdes, Luis Lehman; Director General de la Guardia de Auxilio y Emergencias, Alejandro Roldan; los Directores de los CGPCs 5, 7, 10, 11 y 12, Marcelo Bouzas, Guillermo Pe\u00f1a, Osvaldo Vega, Carlos A. Guzzini y N\u00e9stor A. Dellalpi.<\/p>\n<p>En representaci\u00f3n de los CGPCs 2; 3 y 4 se hicieron presentes sus respectivos Jefes de Gabinete.<\/p>\n<p>Entre los vecinos del barrio se pudo ver a Sergio Mosquera, Beatriz Oller y Ana Paulino; Liliana Fuente; Juan Carlos Varela; Roberto Nardi y el Dr. Ra\u00fal Hashiba, entre otros.<\/p>\n<p>La inauguraci\u00f3n del nuevo local partidario fue una muestra de aut\u00e9ntica democracia ya que, concurrieron a felicitar a los anfitriones figuras pol\u00edticas barriales de distintos signos partidarios.<\/p>\n<p>La mayor\u00eda de los pol\u00edticos presentes son posibles candidatos a Jefes comunales  por cada uno de sus partidos. Arnaldo Goenaga, justicialista; Arnaldo Sokol de Uni\u00f3n por Todos de la Coalici\u00f3n C\u00edvica y \u201cChasqui\u201d Herrera de Los Irrompibles de la UCR.<\/p>\n<p>Junto a Marcelo Iambrich, los dem\u00e1s referentes pol\u00edticos mantuvieron cordiales charlas, dando as\u00ed un ejemplo de convivencia y respeto mutuos. Quiz\u00e1, de este primer ejercicio comunal, salga, desde los barrios porte\u00f1os, el embri\u00f3n de una nueva pol\u00edtica no agresiva ni descalificadora.<\/p>\n<p>Un audiovisual, mostr\u00f3 el trabajo miltante de los miembros del PRO Caballito a trav\u00e9s de los \u00faltimos ocho a\u00f1os.<\/p>\n<p>Finalizado el mismo, el Jefe de Gabinete, Horacio Rodr\u00edguez Larreta, manifest\u00f3 sus felicitaciones por el nuevo local e impuls\u00f3 a profundizar la militancia y llenar las calles.<\/p>\n<p>As\u00ed, un nuevo local partidario se suma a los ya existentes en el barrio, con vista a un activo a\u00f1o electoral.<\/p>\n<p><img loading=\"lazy\" decoding=\"async\" class=\"alignleft size-full wp-image-1641\" title=\"quinteto\" src=\"http:\/\/caballitotequiero.com.ar\/portal\/wp-content\/uploads\/2011\/04\/quinteto.jpg\" alt=\"\" width=\"510\" height=\"195\" srcset=\"http:\/\/caballitotequiero.com.ar\/portal\/wp-content\/uploads\/2011\/04\/quinteto.jpg 1063w, http:\/\/caballitotequiero.com.ar\/portal\/wp-content\/uploads\/2011\/04\/quinteto-300x114.jpg 300w, http:\/\/caballitotequiero.com.ar\/portal\/wp-content\/uploads\/2011\/04\/quinteto-1024x391.jpg 1024w\" sizes=\"auto, (max-width: 510px) 100vw, 510px\" \/><\/p>\n<p><img loading=\"lazy\" decoding=\"async\" class=\"alignleft size-full wp-image-1585\" title=\"1\" src=\"http:\/\/caballitotequiero.com.ar\/portal\/wp-content\/uploads\/2011\/04\/1.jpg\" alt=\"\" width=\"510\" height=\"383\" srcset=\"http:\/\/caballitotequiero.com.ar\/portal\/wp-content\/uploads\/2011\/04\/1.jpg 510w, http:\/\/caballitotequiero.com.ar\/portal\/wp-content\/uploads\/2011\/04\/1-300x225.jpg 300w, http:\/\/caballitotequiero.com.ar\/portal\/wp-content\/uploads\/2011\/04\/1-80x60.jpg 80w\" sizes=\"auto, (max-width: 510px) 100vw, 510px\" \/><\/p>\n<div id=\"attachment_1586\" style=\"width: 520px\" class=\"wp-caption alignleft\"><img loading=\"lazy\" decoding=\"async\" aria-describedby=\"caption-attachment-1586\" class=\"size-full wp-image-1586\" title=\"2\" src=\"http:\/\/caballitotequiero.com.ar\/portal\/wp-content\/uploads\/2011\/04\/2.jpg\" alt=\"\" width=\"510\" height=\"383\" srcset=\"http:\/\/caballitotequiero.com.ar\/portal\/wp-content\/uploads\/2011\/04\/2.jpg 510w, http:\/\/caballitotequiero.com.ar\/portal\/wp-content\/uploads\/2011\/04\/2-300x225.jpg 300w, http:\/\/caballitotequiero.com.ar\/portal\/wp-content\/uploads\/2011\/04\/2-80x60.jpg 80w\" sizes=\"auto, (max-width: 510px) 100vw, 510px\" \/><p id=\"caption-attachment-1586\" class=\"wp-caption-text\">Marcelo Iambrich, responsable del Pro en Caballito dio la bienvenida al nuevo local<\/p><\/div>\n<div id=\"attachment_1587\" style=\"width: 520px\" class=\"wp-caption alignleft\"><img loading=\"lazy\" decoding=\"async\" aria-describedby=\"caption-attachment-1587\" class=\"size-full wp-image-1587\" title=\"3\" src=\"http:\/\/caballitotequiero.com.ar\/portal\/wp-content\/uploads\/2011\/04\/3.jpg\" alt=\"\" width=\"510\" height=\"383\" srcset=\"http:\/\/caballitotequiero.com.ar\/portal\/wp-content\/uploads\/2011\/04\/3.jpg 510w, http:\/\/caballitotequiero.com.ar\/portal\/wp-content\/uploads\/2011\/04\/3-300x225.jpg 300w, http:\/\/caballitotequiero.com.ar\/portal\/wp-content\/uploads\/2011\/04\/3-80x60.jpg 80w\" sizes=\"auto, (max-width: 510px) 100vw, 510px\" \/><p id=\"caption-attachment-1587\" class=\"wp-caption-text\">Horacio Rodr\u00edguez Larreta particip\u00f3 en la inauguraci\u00f3n y dej\u00f3 su firma.<\/p><\/div>\n<div id=\"attachment_1588\" style=\"width: 520px\" class=\"wp-caption alignleft\"><img loading=\"lazy\" decoding=\"async\" aria-describedby=\"caption-attachment-1588\" class=\"size-full wp-image-1588\" title=\"4\" src=\"http:\/\/caballitotequiero.com.ar\/portal\/wp-content\/uploads\/2011\/04\/4.jpg\" alt=\"\" width=\"510\" height=\"383\" srcset=\"http:\/\/caballitotequiero.com.ar\/portal\/wp-content\/uploads\/2011\/04\/4.jpg 510w, http:\/\/caballitotequiero.com.ar\/portal\/wp-content\/uploads\/2011\/04\/4-300x225.jpg 300w, http:\/\/caballitotequiero.com.ar\/portal\/wp-content\/uploads\/2011\/04\/4-80x60.jpg 80w\" sizes=\"auto, (max-width: 510px) 100vw, 510px\" \/><p id=\"caption-attachment-1588\" class=\"wp-caption-text\">El turno de Eduardo Machiavelli, subsecretario de Atenci\u00f3n Ciudadana.<\/p><\/div>\n<div id=\"attachment_1589\" style=\"width: 520px\" class=\"wp-caption alignleft\"><img loading=\"lazy\" decoding=\"async\" aria-describedby=\"caption-attachment-1589\" class=\"size-full wp-image-1589 \" title=\"5\" src=\"http:\/\/caballitotequiero.com.ar\/portal\/wp-content\/uploads\/2011\/04\/5.jpg\" alt=\"\" width=\"510\" height=\"383\" srcset=\"http:\/\/caballitotequiero.com.ar\/portal\/wp-content\/uploads\/2011\/04\/5.jpg 510w, http:\/\/caballitotequiero.com.ar\/portal\/wp-content\/uploads\/2011\/04\/5-300x225.jpg 300w, http:\/\/caballitotequiero.com.ar\/portal\/wp-content\/uploads\/2011\/04\/5-80x60.jpg 80w\" sizes=\"auto, (max-width: 510px) 100vw, 510px\" \/><p id=\"caption-attachment-1589\" class=\"wp-caption-text\">Horacio Rodr\u00edguez Larreta junto a los due\u00f1os de casa, Marcelo Iambrich y Fabi\u00e1n Bullotta<\/p><\/div>\n<div id=\"attachment_1590\" style=\"width: 520px\" class=\"wp-caption alignleft\"><img loading=\"lazy\" decoding=\"async\" aria-describedby=\"caption-attachment-1590\" class=\"size-full wp-image-1590\" title=\"6\" src=\"http:\/\/caballitotequiero.com.ar\/portal\/wp-content\/uploads\/2011\/04\/6.jpg\" alt=\"\" width=\"510\" height=\"383\" srcset=\"http:\/\/caballitotequiero.com.ar\/portal\/wp-content\/uploads\/2011\/04\/6.jpg 510w, http:\/\/caballitotequiero.com.ar\/portal\/wp-content\/uploads\/2011\/04\/6-300x225.jpg 300w, http:\/\/caballitotequiero.com.ar\/portal\/wp-content\/uploads\/2011\/04\/6-80x60.jpg 80w\" sizes=\"auto, (max-width: 510px) 100vw, 510px\" \/><p id=\"caption-attachment-1590\" class=\"wp-caption-text\">Machiavelli felicit\u00f3 a los militantes del Pro en Caballito por su compromiso y sus logros.<\/p><\/div>\n<div id=\"attachment_1592\" style=\"width: 520px\" class=\"wp-caption alignleft\"><img loading=\"lazy\" decoding=\"async\" aria-describedby=\"caption-attachment-1592\" class=\"size-full wp-image-1592\" title=\"8\" src=\"http:\/\/caballitotequiero.com.ar\/portal\/wp-content\/uploads\/2011\/04\/8.jpg\" alt=\"\" width=\"510\" height=\"552\" srcset=\"http:\/\/caballitotequiero.com.ar\/portal\/wp-content\/uploads\/2011\/04\/8.jpg 510w, http:\/\/caballitotequiero.com.ar\/portal\/wp-content\/uploads\/2011\/04\/8-277x300.jpg 277w\" sizes=\"auto, (max-width: 510px) 100vw, 510px\" \/><p id=\"caption-attachment-1592\" class=\"wp-caption-text\">Alicia Besada, Silvia Molina y Estela Salazar, mujeres Pro de Caballito<\/p><\/div>\n<div id=\"attachment_1594\" style=\"width: 520px\" class=\"wp-caption alignleft\"><img loading=\"lazy\" decoding=\"async\" aria-describedby=\"caption-attachment-1594\" class=\"size-full wp-image-1594\" title=\"Gr\u00e1fico1\" src=\"http:\/\/caballitotequiero.com.ar\/portal\/wp-content\/uploads\/2011\/04\/Gr\u00e1fico1.jpg\" alt=\"\" width=\"510\" height=\"641\" srcset=\"http:\/\/caballitotequiero.com.ar\/portal\/wp-content\/uploads\/2011\/04\/Gr\u00e1fico1.jpg 510w, http:\/\/caballitotequiero.com.ar\/portal\/wp-content\/uploads\/2011\/04\/Gr\u00e1fico1-238x300.jpg 238w\" sizes=\"auto, (max-width: 510px) 100vw, 510px\" \/><p id=\"caption-attachment-1594\" class=\"wp-caption-text\">Durante de la inauguraci\u00f3n se proyect\u00f3 un audiovisual sobre la actividad realizada en los \u00faltimos a\u00f1os.<\/p><\/div>\n<p><img loading=\"lazy\" decoding=\"async\" class=\"alignleft size-full wp-image-1595\" title=\"11\" src=\"http:\/\/caballitotequiero.com.ar\/portal\/wp-content\/uploads\/2011\/04\/11.jpg\" alt=\"\" width=\"510\" height=\"383\" srcset=\"http:\/\/caballitotequiero.com.ar\/portal\/wp-content\/uploads\/2011\/04\/11.jpg 510w, http:\/\/caballitotequiero.com.ar\/portal\/wp-content\/uploads\/2011\/04\/11-300x225.jpg 300w, http:\/\/caballitotequiero.com.ar\/portal\/wp-content\/uploads\/2011\/04\/11-80x60.jpg 80w\" sizes=\"auto, (max-width: 510px) 100vw, 510px\" \/><\/p>\n<div id=\"attachment_1596\" style=\"width: 520px\" class=\"wp-caption alignleft\"><img loading=\"lazy\" decoding=\"async\" aria-describedby=\"caption-attachment-1596\" class=\"size-full wp-image-1596\" title=\"11 a\" src=\"http:\/\/caballitotequiero.com.ar\/portal\/wp-content\/uploads\/2011\/04\/11-a.jpg\" alt=\"\" width=\"510\" height=\"383\" srcset=\"http:\/\/caballitotequiero.com.ar\/portal\/wp-content\/uploads\/2011\/04\/11-a.jpg 510w, http:\/\/caballitotequiero.com.ar\/portal\/wp-content\/uploads\/2011\/04\/11-a-300x225.jpg 300w, http:\/\/caballitotequiero.com.ar\/portal\/wp-content\/uploads\/2011\/04\/11-a-80x60.jpg 80w\" sizes=\"auto, (max-width: 510px) 100vw, 510px\" \/><p id=\"caption-attachment-1596\" class=\"wp-caption-text\">Visitaron el local los referentes de ABC (Agrupaci\u00f3n Barrial Caballito) Arnaldo Goenaga y Juan Carlos Desch. Junto a ellos, Roberto Nardi del Club FCO.<\/p><\/div>\n<div id=\"attachment_1597\" style=\"width: 520px\" class=\"wp-caption alignleft\"><img loading=\"lazy\" decoding=\"async\" aria-describedby=\"caption-attachment-1597\" class=\"size-full wp-image-1597\" title=\"11 b\" src=\"http:\/\/caballitotequiero.com.ar\/portal\/wp-content\/uploads\/2011\/04\/11-b.jpg\" alt=\"\" width=\"510\" height=\"383\" srcset=\"http:\/\/caballitotequiero.com.ar\/portal\/wp-content\/uploads\/2011\/04\/11-b.jpg 510w, http:\/\/caballitotequiero.com.ar\/portal\/wp-content\/uploads\/2011\/04\/11-b-300x225.jpg 300w, http:\/\/caballitotequiero.com.ar\/portal\/wp-content\/uploads\/2011\/04\/11-b-80x60.jpg 80w\" sizes=\"auto, (max-width: 510px) 100vw, 510px\" \/><p id=\"caption-attachment-1597\" class=\"wp-caption-text\">Arnaldo Sokol junto a referentes de &quot;Uni\u00f3n por Todos&quot; (Coalici\u00f3n C\u00edvica) se acercaron a saludar a Marcelo Iambrich.<\/p><\/div>\n<div id=\"attachment_1598\" style=\"width: 520px\" class=\"wp-caption alignleft\"><img loading=\"lazy\" decoding=\"async\" aria-describedby=\"caption-attachment-1598\" class=\"size-full wp-image-1598\" title=\"13\" src=\"http:\/\/caballitotequiero.com.ar\/portal\/wp-content\/uploads\/2011\/04\/13.jpg\" alt=\"\" width=\"510\" height=\"383\" srcset=\"http:\/\/caballitotequiero.com.ar\/portal\/wp-content\/uploads\/2011\/04\/13.jpg 510w, http:\/\/caballitotequiero.com.ar\/portal\/wp-content\/uploads\/2011\/04\/13-300x225.jpg 300w, http:\/\/caballitotequiero.com.ar\/portal\/wp-content\/uploads\/2011\/04\/13-80x60.jpg 80w\" sizes=\"auto, (max-width: 510px) 100vw, 510px\" \/><p id=\"caption-attachment-1598\" class=\"wp-caption-text\">Sergio Mosquera, perteneciente a la Asociaci\u00f3n Vecinos del Parque del Centenario durante la inauguraci\u00f3n junto a Marcelo Iambrich.<\/p><\/div>\n<div id=\"attachment_1599\" style=\"width: 520px\" class=\"wp-caption alignleft\"><img loading=\"lazy\" decoding=\"async\" aria-describedby=\"caption-attachment-1599\" class=\"size-full wp-image-1599\" title=\"15\" src=\"http:\/\/caballitotequiero.com.ar\/portal\/wp-content\/uploads\/2011\/04\/15.jpg\" alt=\"\" width=\"510\" height=\"397\" srcset=\"http:\/\/caballitotequiero.com.ar\/portal\/wp-content\/uploads\/2011\/04\/15.jpg 510w, http:\/\/caballitotequiero.com.ar\/portal\/wp-content\/uploads\/2011\/04\/15-300x233.jpg 300w\" sizes=\"auto, (max-width: 510px) 100vw, 510px\" \/><p id=\"caption-attachment-1599\" class=\"wp-caption-text\">Militantes, simpatizantes y amigos dijeron presente: Ana Paulino, Beatriz Oller, Sergio Mosquero, Roberto Nardi, Liliana Fuente y Graciela<\/p><\/div>\n<div id=\"attachment_1601\" style=\"width: 520px\" class=\"wp-caption alignleft\"><img loading=\"lazy\" decoding=\"async\" aria-describedby=\"caption-attachment-1601\" class=\"size-full wp-image-1601\" title=\"14\" src=\"http:\/\/caballitotequiero.com.ar\/portal\/wp-content\/uploads\/2011\/04\/141.jpg\" alt=\"\" width=\"510\" height=\"383\" srcset=\"http:\/\/caballitotequiero.com.ar\/portal\/wp-content\/uploads\/2011\/04\/141.jpg 510w, http:\/\/caballitotequiero.com.ar\/portal\/wp-content\/uploads\/2011\/04\/141-300x225.jpg 300w, http:\/\/caballitotequiero.com.ar\/portal\/wp-content\/uploads\/2011\/04\/141-80x60.jpg 80w\" sizes=\"auto, (max-width: 510px) 100vw, 510px\" \/><p id=\"caption-attachment-1601\" class=\"wp-caption-text\">Tres referentes de Caballito: Arnaldo Goenaga (Peronismo), Marcelo Iambrich (Pro), Arnaldo Sokol (Coalici\u00f3n C\u00edvica)<\/p><\/div>\n<p><img loading=\"lazy\" decoding=\"async\" class=\"alignleft size-full wp-image-1602\" title=\"12\" src=\"http:\/\/caballitotequiero.com.ar\/portal\/wp-content\/uploads\/2011\/04\/12.jpg\" alt=\"\" width=\"510\" height=\"383\" srcset=\"http:\/\/caballitotequiero.com.ar\/portal\/wp-content\/uploads\/2011\/04\/12.jpg 510w, http:\/\/caballitotequiero.com.ar\/portal\/wp-content\/uploads\/2011\/04\/12-300x225.jpg 300w, http:\/\/caballitotequiero.com.ar\/portal\/wp-content\/uploads\/2011\/04\/12-80x60.jpg 80w\" sizes=\"auto, (max-width: 510px) 100vw, 510px\" \/><\/p>\n","protected":false},"excerpt":{"rendered":"<p>El lunes 25 de abril a las 18.30, se inaugur\u00f3 un local del PRO en la calle Senillosa 415. Los due\u00f1os de casa, Marcelo Iambrich, Fabi\u00e1n Bullotta, Estela Salazar, Silvia Molina y Alicia Besada, recibieron a las casi cien personas que concurrieron a la inauguraci\u00f3n. De hecho, la capacidad del local fue colmada, debiendo gran [&hellip;]<\/p>\n","protected":false},"author":1,"featured_media":1603,"comment_status":"open","ping_status":"open","sticky":false,"template":"","format":"standard","meta":{"footnotes":""},"categories":[5],"tags":[],"class_list":["post-1584","post","type-post","status-publish","format-standard","has-post-thumbnail","hentry","category-noticias"],"_links":{"self":[{"href":"http:\/\/caballitotequiero.com.ar\/portal\/wp-json\/wp\/v2\/posts\/1584","targetHints":{"allow":["GET"]}}],"collection":[{"href":"http:\/\/caballitotequiero.com.ar\/portal\/wp-json\/wp\/v2\/posts"}],"about":[{"href":"http:\/\/caballitotequiero.com.ar\/portal\/wp-json\/wp\/v2\/types\/post"}],"author":[{"embeddable":true,"href":"http:\/\/caballitotequiero.com.ar\/portal\/wp-json\/wp\/v2\/users\/1"}],"replies":[{"embeddable":true,"href":"http:\/\/caballitotequiero.com.ar\/portal\/wp-json\/wp\/v2\/comments?post=1584"}],"version-history":[{"count":7,"href":"http:\/\/caballitotequiero.com.ar\/portal\/wp-json\/wp\/v2\/posts\/1584\/revisions"}],"predecessor-version":[{"id":1605,"href":"http:\/\/caballitotequiero.com.ar\/portal\/wp-json\/wp\/v2\/posts\/1584\/revisions\/1605"}],"wp:featuredmedia":[{"embeddable":true,"href":"http:\/\/caballitotequiero.com.ar\/portal\/wp-json\/wp\/v2\/media\/1603"}],"wp:attachment":[{"href":"http:\/\/caballitotequiero.com.ar\/portal\/wp-json\/wp\/v2\/media?parent=1584"}],"wp:term":[{"taxonomy":"category","embeddable":true,"href":"http:\/\/caballitotequiero.com.ar\/portal\/wp-json\/wp\/v2\/categories?post=1584"},{"taxonomy":"post_tag","embeddable":true,"href":"http:\/\/caballitotequiero.com.ar\/portal\/wp-json\/wp\/v2\/tags?post=1584"}],"curies":[{"name":"wp","href":"https:\/\/api.w.org\/{rel}","templated":true}]}}