{"id":15968,"date":"2014-07-02T17:31:44","date_gmt":"2014-07-02T20:31:44","guid":{"rendered":"http:\/\/caballitotequiero.com.ar\/portal\/?p=15968"},"modified":"2014-07-02T17:31:44","modified_gmt":"2014-07-02T20:31:44","slug":"se-trasladara-provisoriamente-un-anden-de-la-estacion-caballito","status":"publish","type":"post","link":"http:\/\/caballitotequiero.com.ar\/portal\/2014\/07\/02\/se-trasladara-provisoriamente-un-anden-de-la-estacion-caballito\/","title":{"rendered":"SE TRASLADAR\u00c1 PROVISORIAMENTE UN AND\u00c9N DE LA ESTACI\u00d3N CABALLITO"},"content":{"rendered":"<p>Comenz\u00f3 esta semana la construcci\u00f3n de un nuevo and\u00e9n de la estaci\u00f3n Caballito del Ferrocarril Sarmiento que funcionar\u00e1 en forma provisoria.<\/p>\n<p>Se trata del and\u00e9n sur, donde para la formaci\u00f3n que sale de Once y se dirige a Moreno. Seg\u00fan inform\u00f3 el personal que est\u00e1 trabajando en la obra, la estaci\u00f3n debe ser remodelada ya que los nuevos coches adquiridos no se adaptan al and\u00e9n actual.<\/p>\n<p>Esto hace que la actual estaci\u00f3n ubicada entre las calles Rojas y Federico Garc\u00eda Lorca, se traslade provisoriamente una cuadra y tenga su nueva estructura entre las calles Federico Garc\u00eda Lorca y Mart\u00edn de Gainza.<\/p>\n<p>Estas obras chocar\u00edan con el anuncio realizado la semana pasada por el Jefe de Gabinete de ministros, Jorge Capitanich, cuando anunci\u00f3 el pr\u00f3ximo soterramiento del ferrocarril Sarmiento.<\/p>\n<p>Todo parece indicar que Capitanich y el Ministro Randazzo no coinciden con la informaci\u00f3n que suministran a los vecinos, o alguno de los dos falta a la verdad, o los dos.<\/p>\n<div id=\"attachment_15969\" style=\"width: 565px\" class=\"wp-caption alignleft\"><img loading=\"lazy\" decoding=\"async\" aria-describedby=\"caption-attachment-15969\" class=\"size-full wp-image-15969\" src=\"http:\/\/caballitotequiero.com.ar\/portal\/wp-content\/uploads\/2014\/07\/17.jpg\" alt=\"\" width=\"555\" height=\"416\" srcset=\"http:\/\/caballitotequiero.com.ar\/portal\/wp-content\/uploads\/2014\/07\/17.jpg 555w, http:\/\/caballitotequiero.com.ar\/portal\/wp-content\/uploads\/2014\/07\/17-300x224.jpg 300w, http:\/\/caballitotequiero.com.ar\/portal\/wp-content\/uploads\/2014\/07\/17-80x60.jpg 80w\" sizes=\"auto, (max-width: 555px) 100vw, 555px\" \/><p id=\"caption-attachment-15969\" class=\"wp-caption-text\">Construcci\u00f3n del nuevo and\u00e9n sur de la Estaci\u00f3n Caballito entre Garc\u00eda Lorca y Mart\u00edn de Gainza.<\/p><\/div>\n<p><img loading=\"lazy\" decoding=\"async\" class=\"alignleft size-full wp-image-15970\" src=\"http:\/\/caballitotequiero.com.ar\/portal\/wp-content\/uploads\/2014\/07\/21.jpg\" alt=\"\" width=\"555\" height=\"416\" srcset=\"http:\/\/caballitotequiero.com.ar\/portal\/wp-content\/uploads\/2014\/07\/21.jpg 555w, http:\/\/caballitotequiero.com.ar\/portal\/wp-content\/uploads\/2014\/07\/21-300x224.jpg 300w, http:\/\/caballitotequiero.com.ar\/portal\/wp-content\/uploads\/2014\/07\/21-80x60.jpg 80w\" sizes=\"auto, (max-width: 555px) 100vw, 555px\" \/><img loading=\"lazy\" decoding=\"async\" class=\"alignleft size-full wp-image-15971\" src=\"http:\/\/caballitotequiero.com.ar\/portal\/wp-content\/uploads\/2014\/07\/31.jpg\" alt=\"\" width=\"555\" height=\"416\" srcset=\"http:\/\/caballitotequiero.com.ar\/portal\/wp-content\/uploads\/2014\/07\/31.jpg 555w, http:\/\/caballitotequiero.com.ar\/portal\/wp-content\/uploads\/2014\/07\/31-300x224.jpg 300w, http:\/\/caballitotequiero.com.ar\/portal\/wp-content\/uploads\/2014\/07\/31-80x60.jpg 80w\" sizes=\"auto, (max-width: 555px) 100vw, 555px\" \/><img loading=\"lazy\" decoding=\"async\" class=\"alignleft size-full wp-image-15972\" src=\"http:\/\/caballitotequiero.com.ar\/portal\/wp-content\/uploads\/2014\/07\/41.jpg\" alt=\"\" width=\"555\" height=\"416\" srcset=\"http:\/\/caballitotequiero.com.ar\/portal\/wp-content\/uploads\/2014\/07\/41.jpg 555w, http:\/\/caballitotequiero.com.ar\/portal\/wp-content\/uploads\/2014\/07\/41-300x224.jpg 300w, http:\/\/caballitotequiero.com.ar\/portal\/wp-content\/uploads\/2014\/07\/41-80x60.jpg 80w\" sizes=\"auto, (max-width: 555px) 100vw, 555px\" \/><img loading=\"lazy\" decoding=\"async\" class=\"alignleft size-full wp-image-15973\" src=\"http:\/\/caballitotequiero.com.ar\/portal\/wp-content\/uploads\/2014\/07\/51.jpg\" alt=\"\" width=\"555\" height=\"416\" srcset=\"http:\/\/caballitotequiero.com.ar\/portal\/wp-content\/uploads\/2014\/07\/51.jpg 555w, http:\/\/caballitotequiero.com.ar\/portal\/wp-content\/uploads\/2014\/07\/51-300x224.jpg 300w, http:\/\/caballitotequiero.com.ar\/portal\/wp-content\/uploads\/2014\/07\/51-80x60.jpg 80w\" sizes=\"auto, (max-width: 555px) 100vw, 555px\" \/><\/p>\n<div id=\"attachment_15974\" style=\"width: 565px\" class=\"wp-caption alignleft\"><img loading=\"lazy\" decoding=\"async\" aria-describedby=\"caption-attachment-15974\" class=\"size-full wp-image-15974\" src=\"http:\/\/caballitotequiero.com.ar\/portal\/wp-content\/uploads\/2014\/07\/61.jpg\" alt=\"\" width=\"555\" height=\"416\" srcset=\"http:\/\/caballitotequiero.com.ar\/portal\/wp-content\/uploads\/2014\/07\/61.jpg 555w, http:\/\/caballitotequiero.com.ar\/portal\/wp-content\/uploads\/2014\/07\/61-300x224.jpg 300w, http:\/\/caballitotequiero.com.ar\/portal\/wp-content\/uploads\/2014\/07\/61-80x60.jpg 80w\" sizes=\"auto, (max-width: 555px) 100vw, 555px\" \/><p id=\"caption-attachment-15974\" class=\"wp-caption-text\">Colocando el obrador en la Plaza del Caballito<\/p><\/div>\n","protected":false},"excerpt":{"rendered":"<p>Comenz\u00f3 esta semana la construcci\u00f3n de un nuevo and\u00e9n de la estaci\u00f3n Caballito del Ferrocarril Sarmiento que funcionar\u00e1 en forma provisoria. Se trata del and\u00e9n sur, donde para la formaci\u00f3n que sale de Once y se dirige a Moreno. Seg\u00fan inform\u00f3 el personal que est\u00e1 trabajando en la obra, la estaci\u00f3n debe ser remodelada ya [&hellip;]<\/p>\n","protected":false},"author":1,"featured_media":15975,"comment_status":"open","ping_status":"open","sticky":false,"template":"","format":"standard","meta":{"footnotes":""},"categories":[5],"tags":[],"class_list":["post-15968","post","type-post","status-publish","format-standard","has-post-thumbnail","hentry","category-noticias"],"_links":{"self":[{"href":"http:\/\/caballitotequiero.com.ar\/portal\/wp-json\/wp\/v2\/posts\/15968","targetHints":{"allow":["GET"]}}],"collection":[{"href":"http:\/\/caballitotequiero.com.ar\/portal\/wp-json\/wp\/v2\/posts"}],"about":[{"href":"http:\/\/caballitotequiero.com.ar\/portal\/wp-json\/wp\/v2\/types\/post"}],"author":[{"embeddable":true,"href":"http:\/\/caballitotequiero.com.ar\/portal\/wp-json\/wp\/v2\/users\/1"}],"replies":[{"embeddable":true,"href":"http:\/\/caballitotequiero.com.ar\/portal\/wp-json\/wp\/v2\/comments?post=15968"}],"version-history":[{"count":2,"href":"http:\/\/caballitotequiero.com.ar\/portal\/wp-json\/wp\/v2\/posts\/15968\/revisions"}],"predecessor-version":[{"id":15977,"href":"http:\/\/caballitotequiero.com.ar\/portal\/wp-json\/wp\/v2\/posts\/15968\/revisions\/15977"}],"wp:featuredmedia":[{"embeddable":true,"href":"http:\/\/caballitotequiero.com.ar\/portal\/wp-json\/wp\/v2\/media\/15975"}],"wp:attachment":[{"href":"http:\/\/caballitotequiero.com.ar\/portal\/wp-json\/wp\/v2\/media?parent=15968"}],"wp:term":[{"taxonomy":"category","embeddable":true,"href":"http:\/\/caballitotequiero.com.ar\/portal\/wp-json\/wp\/v2\/categories?post=15968"},{"taxonomy":"post_tag","embeddable":true,"href":"http:\/\/caballitotequiero.com.ar\/portal\/wp-json\/wp\/v2\/tags?post=15968"}],"curies":[{"name":"wp","href":"https:\/\/api.w.org\/{rel}","templated":true}]}}