{"id":1609,"date":"2011-04-26T14:26:20","date_gmt":"2011-04-26T17:26:20","guid":{"rendered":"http:\/\/caballitotequiero.com.ar\/portal\/?p=1609"},"modified":"2011-04-27T13:51:33","modified_gmt":"2011-04-27T16:51:33","slug":"dialogo-con-el-dr-gustavo-lopez-subsecretario-general-de-la-presidencia-de-la-nacion-sobre-cultura-ciudad-y-comunas","status":"publish","type":"post","link":"http:\/\/caballitotequiero.com.ar\/portal\/2011\/04\/26\/dialogo-con-el-dr-gustavo-lopez-subsecretario-general-de-la-presidencia-de-la-nacion-sobre-cultura-ciudad-y-comunas\/","title":{"rendered":"DI\u00c1LOGO CON EL DR. GUSTAVO L\u00d3PEZ, SUBSECRETARIO GENERAL DE LA PRESIDENCIA DE LA NACI\u00d3N, SOBRE CULTURA, CIUDAD Y COMUNAS"},"content":{"rendered":"<p>El viernes 15 de abril, \u00abHorizonte, La Revista de Caballito\u00bb, concurri\u00f3 a la Casa de Gobierno para realizar una entrevista con el <strong>Subsecretario General de la Presidencia de la Naci\u00f3n, Dr. Gustavo L\u00f3pez<\/strong>.<br \/>\nEl actual funcionario nacional, fue Secretario de Cultura del Gobierno de la Ciudad de Buenos Aires, durante la \u00faltima gesti\u00f3n de An\u00edbal Ibarra.<br \/>\nEl Dr. L\u00f3pez respondi\u00f3 a un amplio cuestionario que, incluy\u00f3 el tema de las futuras Comunas.<\/p>\n<p><strong>Usted, ha declarado que en las pr\u00f3ximas elecciones de la Ciudad de Buenos Aires, la batalla pol\u00edtica ser\u00e1 fundamentalmente una batalla cultural. \u00bfPuede desarrollar este concepto?<\/strong><br \/>\nSe trata de una batalla que venimos librando en todo el pa\u00eds y ahora necesitamos que nuestra ciudad se una al proyecto de desarrollo nacional. Por eso entendemos a la cultura como un factor de cambio, identitario y de desarrollo econ\u00f3mico.<br \/>\nEl la d\u00e9cada de los \u201990, el progresismo perdi\u00f3 la batalla cultural. Hab\u00eda una escala de valores que se rompe en el 2001. \u00bfY qu\u00e9 ocurre cu\u00e1ndo llegamos al 2003? Cambian los paradigmas, hay una batalla de ideas y el planteo es \u00abVamos a probar con otra cosa\u00bb.<br \/>\nSe rompe con el FMI., nos dijeron: Se van a caer del mundo, y nosotros respondimos. Ya nos ca\u00edmos del mundo, ahora, vamos a aplicar nuestras recetas. Tenemos 52% de pobres, si seguimos as\u00ed, vamos a tener el 70% de pobres.<br \/>\nAll\u00ed comienza una batalla cultural. Esta situaci\u00f3n  cobra su punto m\u00e1ximo de enfrentamiento en el momento de la discusi\u00f3n de la Ley de Medios. En realidad es una gran batalla por el poder en la Argentina, por la apropiaci\u00f3n del discurso.<\/p>\n<p><strong>\u00bfLa Ley de Medios, marca el comienzo el comienzo de una etapa?<\/strong><br \/>\nLa Ley de Medios forma parte del comienzo de otra etapa porque, ese debate permiti\u00f3 discutir realmente el poder en la Argentina.<br \/>\nLos grupos de medios no solo difunden noticias, sino que en realidad discuten poder. Ellos mismos son poder, por ejemplo instalan agendas. Eso que, lo conoc\u00edamos algunos, hoy sali\u00f3 a flote y, todo el mundo sabe que es as\u00ed. Esa fue una gran batalla cultural que, es desnudar al poder.<br \/>\nEsto ocurri\u00f3 a nivel nacional y mostr\u00f3 claramente dos modelos. O se est\u00e1 con un modelo progresista, desarrollista, de mercado interno; o se est\u00e1 con un modelo neoliberal, especulativo, etc. Hay matices, pero b\u00e1sicamente hay dos corrientes de pensamiento.<br \/>\nEn la ciudad de Buenos Aires, todav\u00eda estamos prolongando la ideolog\u00eda neoliberal. Lo que, a nivel nacional, se dio antes, todav\u00eda no se manifest\u00f3 en la ciudad de Buenos Aires.<br \/>\nPor eso, nosotros decimos que en la ciudad hay una batalla cultural. Discutamos ideas, discutamos filosof\u00edas y, tambi\u00e9n vamos a discutir gesti\u00f3n.<br \/>\nQueremos discutir el sentido de lo p\u00fablico como un lugar de todos, un lugar de encuentros. Lo p\u00fablico son los hospitales, las escuelas, las plazas, y queremos que sean de todos y para todos. No pensamos lo p\u00fablico como orden y represi\u00f3n.<br \/>\nEntonces, queremos dar en la ciudad esa gran batalla de ideas. Discutir el sentido de lo p\u00fablico de Macri que es distinto al que pensamos nosotros.<\/p>\n<p><strong>\u00bfLa Cultura es una herramienta?<\/strong><br \/>\nTambi\u00e9n discutiremos la cultura como herramienta, pero en un sentido m\u00e1s amplio. El concepto de la construcci\u00f3n cultural como la construcci\u00f3n de algo simb\u00f3lico.<br \/>\nCuando Macri dice y, este me parece un buen ejemplo: \u00abEste es el peor momento de la democracia\u00bb, uno se pregunta: \u00bfCon qu\u00e9 escala de valores se maneja?<br \/>\nPara nosotros es un buen momento de la democracia. Porque funcionan las instituciones, a la gente le va mejor. Pero, independientemente de eso, uno se pregunta: \u00bfLos tres levantamientos cara pintada, la toma de La Tablada, la crisis del 2001, las hiperinflaciones del \u201989 y del \u201990, no pusieron en riesgo el sistema?<br \/>\nSi todos esos no fueron momentos p\u00e9simos y, ahora es peor; discutamos las escalas de valores.<br \/>\nLa batalla cultural es discutir eso. \u00bfCon qu\u00e9 par\u00e1metro creen que este es el peor momento?<br \/>\nPorque, con nuestros par\u00e1metros hemos pasado muy malos momentos.<br \/>\n\u00bfCu\u00e1l es su escala de valores? \u00bfLe parece bien que haya un levantamiento militar? \u00bfO los 35 muertos en una semana, durante la crisis del  2001? O, lo que signific\u00f3 la gente sin trabajo en las calles.<br \/>\nEso es lo que llamamos la batalla cultural, discutir esos conceptos.<\/p>\n<p><strong>El espacio que usted representa, FORJA, integra una Alianza. Estos conceptos \u00bfSon compartidos por ese espacio?<\/strong><br \/>\nEsta alianza la conformamos Socialistas, Humanistas y FORJA y la llamamos \u00abHacia un gran Frente Amplio\u00bb. Y estos conceptos, planteados por FORJA, lo compartimos todos.<br \/>\nEsto que yo refer\u00ed, sale de FORJA, pero los dem\u00e1s integrantes de esta alianza, lo comparten. Pero, tambi\u00e9n lo comparte el Frente para la Victoria y, dice: Para nosotros tambi\u00e9n es una batalla cultural, pensada en t\u00e9rminos de valores, de escala de valores.<\/p>\n<p><strong>\u00bfEsta alianza, apoya la figura de Boudou para Jefe de Gobierno porte\u00f1o?<\/strong><br \/>\nApoyamos a Boudou, pero, si el candidato fuera Filmus o Tomada, nosotros apoyaremos al candidato que sea.<br \/>\nHoy apoyamos a Boudou porque creemos que es el que mejor representante y, puede pelear la elecci\u00f3n. Pero, como finalmente el candidato va a surgir por acuerdo de todos, apoyaremos al que surja<\/p>\n<p><strong>\u00bfVolviendo a esa batalla cultural, c\u00f3mo piensan involucrar al vecino?<\/strong><br \/>\nImagino que cuando empiece la campa\u00f1a se confrontar\u00e1 qu\u00e9 hizo uno y qu\u00e9 hizo otro.<br \/>\nComo se hizo con la Ley de Medios, se tratar\u00e1 de no mostrar s\u00f3lo la superficie, sino el trasfondo. Mostrar que filosof\u00eda subyace en cada acci\u00f3n.<br \/>\nComo ejemplo puedo citar a Macri cuando dice: \u00abHagamos un documento en defensa de la democracia\u00bb \u00bfQu\u00e9 est\u00e1n defendiendo?<br \/>\nLo que en realidad est\u00e1n defendiendo es el inter\u00e9s de un par de empresas period\u00edsticas que, toman a la democracia como reh\u00e9n. Para ellos, la democracia es, lo que ellos dicen que es.<br \/>\nSi el gobierno acepta las recomendaciones del FMI, es democr\u00e1tico, si el gobierno tiene una pol\u00edtica econ\u00f3mica aut\u00f3noma, es populismo o chavismo.<br \/>\nSi los fondos de los jubilados lo manejaban las empresas privadas, es generaci\u00f3n de mercado, si los administra el estado, es una pol\u00edtica chavista.<br \/>\nAhora bien, hoy los jubilados cobran diez veces m\u00e1s, tienen movilidad jubilatoria y, los fondos adem\u00e1s, se multiplicaron por dos.<br \/>\nEsto es lo que hay que discutir, lo filos\u00f3fico.<\/p>\n<p><strong>Sobre el tema de las futuras Comunas, \u00bfCree usted que, estos foros pol\u00edticos filos\u00f3ficos puedan instrumentarse en las comunas?<\/strong><br \/>\nLo vamos a intentar. Vamos a intentar llegar a todos.<br \/>\nUno baja a los barrios, por ejemplo yo he ido a Mataderos a dar una charla. All\u00ed hab\u00eda tan s\u00f3lo 200 personas, sobre los m\u00e1s de 120 mil vecinos que tiene el barrio. De todas formas, salimos muy satisfechos con el acto.<br \/>\nHablando de Comunas, nosotros en la campa\u00f1a vamos a plantear: No todos los vecinos tienen los mismos problemas, ni requisen la misma soluci\u00f3n.<br \/>\nMientras la zona Sur necesita construcci\u00f3n de viviendas e infraestructura, otras zonas deben limitar las construcciones.<br \/>\nAnte estos reclamos y necesidades distintas, hay que tener respuestas diferentes.<br \/>\nSe supone que, la Comuna, tiene que ayudar a dar estas respuestas diferentes. El vecino va a tener la posibilidad de ir a ver a los comuneros, en el propio barrio, para que le solucionen el problema.<br \/>\nTambi\u00e9n corresponde al pr\u00f3ximo gobierno, aplicar una verdadera pol\u00edtica de descentralizaci\u00f3n, para que el problema concreto se pueda resolver de inmediato.<br \/>\nHay cuestiones que tienen que ver con la ciudad en general, pero hay otras que le competen a la Comuna en particular y, que se pueden resolver mejor desde all\u00ed.<br \/>\nEs todo un ejercicio nuevo que, va a haber que aprender.<br \/>\nCuando surge la idea del Presupuesto Participativo, a principios del 2000, hubo todo un desarrollo que, hizo crecer la participaci\u00f3n vecinal. Esto, a partir del 2007, se cort\u00f3. Se cort\u00f3 porque al gobierno de Macri, nunca le interes\u00f3 la participaci\u00f3n.<br \/>\nLas Comunas, pueden ser y, deben ser un gran instrumento de descentralizaci\u00f3n.<br \/>\nYo, no creo que, al macrismo, le interese demasiado. Lo que hay que ver es, como hacer para que los vecinos participen m\u00e1s y, que el resto de las fuerzas pol\u00edticas lo impongan.<br \/>\nA la larga, se va a imponer el sistema de Comunas, aunque podr\u00e1 tardar cuatro a\u00f1os m\u00e1s en mejorarse. Es una experiencia muy importante, y como en todo ejercicio democr\u00e1tico, va a perfeccionarse.<\/p>\n<p><strong>\u00bfHay gente de FORJA en los Pre Consejos Consultivos, que experiencia pueden aportar?<\/strong><br \/>\nS\u00ed. Como experiencia, refieren que cuando los directores de los CGPCs, no tienen la mayor\u00eda, terminan abruptamente con las reuniones.<\/p>\n<p><strong>\u00bfQu\u00e9 reflexi\u00f3n le merecen las elecciones comunales?<\/strong><br \/>\nCada partido pol\u00edtico va a tener que hacer el esfuerzo de elegir comuneros representativos.<br \/>\nOjal\u00e1 los partidos pol\u00edticos pongan a militantes que trabajan en el barrio. No se si va a ocurrir, pero ser\u00eda bueno que as\u00ed fuera.<br \/>\nSucede que, al unirse la elecci\u00f3n con la de Jefe de Gobierno, va a arrastrar el voto. Nadie va a cortar boleta para la Comuna.<br \/>\nDe hecho, como el partido que salga primero se lleva al jefe comunal, puede que haya m\u00e1s ofertas a legisladores que a comuneros.<br \/>\nPuede ocurrir que, los candidatos a Jefe de Gobierno lleven dos o tres listas de Legisladores pero, una sola de comuneros.<\/p>\n<p><strong>\u00bfC\u00f3mo se vincula personalmente con el tema de Comunas?<\/strong><br \/>\nHe recorrido: Mataderos, Chacarita, La Boca, San Telmo, Palermo y Lugano. La idea es recorrer todas la Comunas. All\u00ed se abordan, con los vecinos, todos los temas. Eso nos permite conocer determinadas problem\u00e1ticas que, uno no conoce, y que sirven para elaborar plataformas y programas de gobierno.<\/p>\n<p><strong>\u00bfCu\u00e1ndo visita los barrios, lo hace desde la Subsecretar\u00eda como funcionario de gobierno o, desde FORJA?<\/strong><br \/>\nDesde ambas partes, yo voy como representante de FORJA, pero soy, a la vez, funcionario del Gobierno. Se tratan los temas nacionales pero, si uno puede encontrar la soluci\u00f3n a alg\u00fan problema puntual, lo hacemos. Como en general los problemas son de Ciudad, no podemos hacer mucho desde Naci\u00f3n.<\/p>\n<p><strong>Teniendo en cuenta que la alianza de FORJA apoya a Boudou como Jefe de Gobierno, si triunfara; \u00bfUsted volver\u00eda a Cultura de ciudad?<\/strong><br \/>\nS\u00ed.<\/p>\n<p><strong>\u00bfEl balance de su gesti\u00f3n en Cultura de ciudad, fue positivo?<\/strong><br \/>\nSi, muy positivo. Creo que se pueden hacer muchas m\u00e1s cosas. Realmente ir\u00eda donde me indique el Jefe de Gobierno, pero, me encantar\u00eda volver a ese lugar porque la experiencia acumulada sirve y, mucho.<\/p>\n<p><strong>\u00bfCabe la posibilidad de que acompa\u00f1e a Bodou en la f\u00f3rmula para Jefe de Gobierno?<\/strong><br \/>\nSi, es una posibilidad.<\/p>\n<p><img loading=\"lazy\" decoding=\"async\" class=\"alignleft size-full wp-image-1610\" title=\"Dr. Gustavo L\u00f3pez\" src=\"http:\/\/caballitotequiero.com.ar\/portal\/wp-content\/uploads\/2011\/04\/Dr.-Gustavo-L\u00f3pez.jpg\" alt=\"\" width=\"510\" height=\"380\" srcset=\"http:\/\/caballitotequiero.com.ar\/portal\/wp-content\/uploads\/2011\/04\/Dr.-Gustavo-L\u00f3pez.jpg 510w, http:\/\/caballitotequiero.com.ar\/portal\/wp-content\/uploads\/2011\/04\/Dr.-Gustavo-L\u00f3pez-300x223.jpg 300w, http:\/\/caballitotequiero.com.ar\/portal\/wp-content\/uploads\/2011\/04\/Dr.-Gustavo-L\u00f3pez-80x60.jpg 80w\" sizes=\"auto, (max-width: 510px) 100vw, 510px\" \/><\/p>\n<div id=\"attachment_1611\" style=\"width: 520px\" class=\"wp-caption alignleft\"><img loading=\"lazy\" decoding=\"async\" aria-describedby=\"caption-attachment-1611\" class=\"size-full wp-image-1611\" title=\"Dr. Gustavo L\u00f3pez con Marina Bussio\" src=\"http:\/\/caballitotequiero.com.ar\/portal\/wp-content\/uploads\/2011\/04\/Dr.-Gustavo-L\u00f3pez-con-Marina-Bussio.jpg\" alt=\"\" width=\"510\" height=\"383\" srcset=\"http:\/\/caballitotequiero.com.ar\/portal\/wp-content\/uploads\/2011\/04\/Dr.-Gustavo-L\u00f3pez-con-Marina-Bussio.jpg 510w, http:\/\/caballitotequiero.com.ar\/portal\/wp-content\/uploads\/2011\/04\/Dr.-Gustavo-L\u00f3pez-con-Marina-Bussio-300x225.jpg 300w, http:\/\/caballitotequiero.com.ar\/portal\/wp-content\/uploads\/2011\/04\/Dr.-Gustavo-L\u00f3pez-con-Marina-Bussio-80x60.jpg 80w\" sizes=\"auto, (max-width: 510px) 100vw, 510px\" \/><p id=\"caption-attachment-1611\" class=\"wp-caption-text\">Horizonte en di\u00e1logo con el Dr. Gustavo L\u00f3pez en su despacho de la Casa de Gobierno.<\/p><\/div>\n<div id=\"attachment_1612\" style=\"width: 520px\" class=\"wp-caption alignleft\"><a href=\"http:\/\/caballitotequiero.com.ar\/portal\/wp-content\/uploads\/2011\/04\/Dr.-Gustavo-L\u00f3pez-con-H\u00e9ctor-Nu\u00f1ez-Castro.jpg\"><img loading=\"lazy\" decoding=\"async\" aria-describedby=\"caption-attachment-1612\" class=\"size-full wp-image-1612\" title=\"Dr. Gustavo L\u00f3pez con H\u00e9ctor Nu\u00f1ez Castro\" src=\"http:\/\/caballitotequiero.com.ar\/portal\/wp-content\/uploads\/2011\/04\/Dr.-Gustavo-L\u00f3pez-con-H\u00e9ctor-Nu\u00f1ez-Castro.jpg\" alt=\"\" width=\"510\" height=\"383\" srcset=\"http:\/\/caballitotequiero.com.ar\/portal\/wp-content\/uploads\/2011\/04\/Dr.-Gustavo-L\u00f3pez-con-H\u00e9ctor-Nu\u00f1ez-Castro.jpg 510w, http:\/\/caballitotequiero.com.ar\/portal\/wp-content\/uploads\/2011\/04\/Dr.-Gustavo-L\u00f3pez-con-H\u00e9ctor-Nu\u00f1ez-Castro-300x225.jpg 300w, http:\/\/caballitotequiero.com.ar\/portal\/wp-content\/uploads\/2011\/04\/Dr.-Gustavo-L\u00f3pez-con-H\u00e9ctor-Nu\u00f1ez-Castro-80x60.jpg 80w\" sizes=\"auto, (max-width: 510px) 100vw, 510px\" \/><\/a><p id=\"caption-attachment-1612\" class=\"wp-caption-text\">El subsecretario generall de la Presidencia de la Naci\u00f3n con H\u00e9ctor Nu\u00f1ez Castro de Horizonte. Durante la entrevista, el Dr. Gustavo L\u00f3pez coment\u00f3 que pronto visitar\u00e1 el barrio de Caballito para dialogar con los vecinos.<\/p><\/div>\n","protected":false},"excerpt":{"rendered":"<p>El viernes 15 de abril, \u00abHorizonte, La Revista de Caballito\u00bb, concurri\u00f3 a la Casa de Gobierno para realizar una entrevista con el Subsecretario General de la Presidencia de la Naci\u00f3n, Dr. Gustavo L\u00f3pez. El actual funcionario nacional, fue Secretario de Cultura del Gobierno de la Ciudad de Buenos Aires, durante la \u00faltima gesti\u00f3n de An\u00edbal [&hellip;]<\/p>\n","protected":false},"author":1,"featured_media":1613,"comment_status":"open","ping_status":"open","sticky":false,"template":"","format":"standard","meta":{"footnotes":""},"categories":[5],"tags":[],"class_list":["post-1609","post","type-post","status-publish","format-standard","has-post-thumbnail","hentry","category-noticias"],"_links":{"self":[{"href":"http:\/\/caballitotequiero.com.ar\/portal\/wp-json\/wp\/v2\/posts\/1609","targetHints":{"allow":["GET"]}}],"collection":[{"href":"http:\/\/caballitotequiero.com.ar\/portal\/wp-json\/wp\/v2\/posts"}],"about":[{"href":"http:\/\/caballitotequiero.com.ar\/portal\/wp-json\/wp\/v2\/types\/post"}],"author":[{"embeddable":true,"href":"http:\/\/caballitotequiero.com.ar\/portal\/wp-json\/wp\/v2\/users\/1"}],"replies":[{"embeddable":true,"href":"http:\/\/caballitotequiero.com.ar\/portal\/wp-json\/wp\/v2\/comments?post=1609"}],"version-history":[{"count":3,"href":"http:\/\/caballitotequiero.com.ar\/portal\/wp-json\/wp\/v2\/posts\/1609\/revisions"}],"predecessor-version":[{"id":1615,"href":"http:\/\/caballitotequiero.com.ar\/portal\/wp-json\/wp\/v2\/posts\/1609\/revisions\/1615"}],"wp:featuredmedia":[{"embeddable":true,"href":"http:\/\/caballitotequiero.com.ar\/portal\/wp-json\/wp\/v2\/media\/1613"}],"wp:attachment":[{"href":"http:\/\/caballitotequiero.com.ar\/portal\/wp-json\/wp\/v2\/media?parent=1609"}],"wp:term":[{"taxonomy":"category","embeddable":true,"href":"http:\/\/caballitotequiero.com.ar\/portal\/wp-json\/wp\/v2\/categories?post=1609"},{"taxonomy":"post_tag","embeddable":true,"href":"http:\/\/caballitotequiero.com.ar\/portal\/wp-json\/wp\/v2\/tags?post=1609"}],"curies":[{"name":"wp","href":"https:\/\/api.w.org\/{rel}","templated":true}]}}