{"id":1626,"date":"2011-04-27T13:48:57","date_gmt":"2011-04-27T16:48:57","guid":{"rendered":"http:\/\/caballitotequiero.com.ar\/portal\/?p=1626"},"modified":"2011-04-27T14:03:09","modified_gmt":"2011-04-27T17:03:09","slug":"union-por-todos-presento-sus-candidatos-a-las-comunas","status":"publish","type":"post","link":"http:\/\/caballitotequiero.com.ar\/portal\/2011\/04\/27\/union-por-todos-presento-sus-candidatos-a-las-comunas\/","title":{"rendered":"UNION POR TODOS PRESENT\u00d3 SUS CANDIDATOS A LAS COMUNAS"},"content":{"rendered":"<div id=\"_mcePaste\">\n<p class=\"MsoNormal\" style=\"line-height: 14.25pt;\"><span style=\"font-size: 10.0pt; font-family: Georgia; color: black;\">Uni\u00f3n por Todos, partido que preside la Candidata a Diputada Nacional Patricia Bullrich, present\u00f3 sus candidatos a Comunas, este martes 26 de abril, a las 18.00, en el Sal\u00f3n Vedra, ubicado en la calle Jos\u00e9 M\u00e1rmol al 700.<\/span><\/p>\n<p class=\"MsoNormal\" style=\"line-height: 14.25pt;\"><span style=\"font-size: 10.0pt; font-family: Georgia; color: black;\"> <\/span><\/p>\n<p class=\"MsoNormal\" style=\"line-height: 14.25pt;\"><span style=\"font-size: 10.0pt; font-family: Georgia; color: black;\">El acto tuvo como oradores a<span> <\/span><span><strong><strong style=\"font-weight: bold;\">Ethel Morandi<\/strong><\/strong><\/span><span> <\/span>(Secretaria de Comunas de Uni\u00f3n Por Todos), el legislador de la CABA.,<span> <\/span><span><strong><strong style=\"font-weight: bold;\">Juan Pablo Arenaza<\/strong><\/strong><\/span>, por el mismo espacio pol\u00edtico, la candidata a Jefa de Gobierno<span><strong><strong style=\"font-weight: bold;\"> <\/strong><\/strong><\/span><span><strong>Mar\u00eda Eugenia Estenssoro<\/strong><\/span><\/span><span> <\/span>y finalizando habl\u00f3 la Presidenta de Uni\u00f3n Por Todos, Diputada Nacional<span> <\/span><span><strong><strong style=\"font-weight: bold;\">Patricia Bullrich<\/strong><\/strong><\/span>.<\/p>\n<p class=\"MsoNormal\" style=\"line-height: 14.25pt;\"><span style=\"font-size: 10.0pt; font-family: Georgia; color: black;\">Adem\u00e1s asistieron la legisladora de la C.A.B.A., Adriana Montes (Coalici\u00f3n C\u00edvica),  Gustavo Guti\u00e9rrez, Presidente de la Junta Promotora de Mendoza de Uni\u00f3n Por Todos, Marcelo Iambrich, Director del CGPC 6 y Facundo Carrillo, Director del CGPC 2.<\/span><\/p>\n<p class=\"MsoNormal\" style=\"line-height: 14.25pt;\"><span style=\"font-size: 10.0pt; font-family: Georgia; color: black;\"> <\/span><\/p>\n<p class=\"MsoNormal\" style=\"line-height: 14.25pt;\"><span style=\"font-size: 10.0pt; font-family: Georgia; color: black;\">Comenzando con los discursos, la dirigente de Uni\u00f3n Por Todos \/ Coalici\u00f3n C\u00edvica, Ethel Morandi dijo que: \u201cEn el a\u00f1o 2006, la Junta de Gobierno cre\u00f3 la Secretar\u00eda de Comunas y adecu\u00f3 su carta org\u00e1nica para responder a la iniciativa legislativa de avanzar hacia una Democracia Participativa a trav\u00e9s de las Comunas. En el 2007 fueron elegidos nuestros primeros representantes partidarios en las Comunas, quienes recibieron cursos de formaci\u00f3n sobre las mismas y sus actividades. Ahora, en el 2011 los candidatos se encuentran trabajando junto a los vecinos en el relevamiento y diagn\u00f3stico con el que realizar\u00e1n las propuestas y acciones necesarias a partir del funcionamiento pleno de las comunas.\u201d<\/span><\/p>\n<p class=\"MsoNormal\" style=\"line-height: 14.25pt;\"><span style=\"font-size: 10.0pt; font-family: Georgia; color: black;\"> <\/span><\/p>\n<p class=\"MsoNormal\" style=\"line-height: 14.25pt;\"><span style=\"font-size: 10.0pt; font-family: Georgia; color: black;\">A continuaci\u00f3n se presentaron los candidatos para cada una de las Comunas Porte\u00f1as. Los postulantes para la Comuna 6 Caballito son:<span> <\/span><span><strong><strong style=\"font-weight: bold;\">Arnaldo Sokol<\/strong><\/strong><\/span><span> <\/span>y<span><strong><strong style=\"font-weight: bold;\">Dora Rosebaum<\/strong><\/strong><\/span>.<\/span><\/p>\n<p class=\"MsoNormal\" style=\"line-height: 14.25pt;\"><span style=\"font-size: 10.0pt; font-family: Georgia; color: black;\">Lluego de la presentaci\u00f3n de los candidatos, el legislador de la Ciudad, Juan Pablo Arenaza afirm\u00f3 que: \u201cEs muy importante el desarrollo que tuvo Uni\u00f3n Por Todos, en referencia a las Comunas. Estamos trabajando desde hace a\u00f1os para ocuparnos, preparados para gestionar y  tenemos las personas mejor capacitadas para enfrentar este nuevo desaf\u00edo que empieza el 10 de diciembre.\u201d.<\/span><\/p>\n<p class=\"MsoNormal\" style=\"line-height: 14.25pt;\"><span style=\"font-size: 10.0pt; font-family: Georgia; color: black;\"> <\/span><\/p>\n<p class=\"MsoNormal\" style=\"line-height: 14.25pt;\"><span style=\"font-size: 10.0pt; font-family: Georgia; color: black;\">Por otra parte, la Candidata a Jefa de Gobierno Mar\u00eda Eugenia Estenssoro declar\u00f3 que:\u201dEste es un momento hist\u00f3rico que vamos a vivir, pero con dificultades; debemos garantizar que sea exitoso y que se construya en Buenos Aires una democracia confiable. Los vecinos deben ver a los problemas y las soluciones m\u00e1s cercanos. Nuestro desaf\u00edo es alentarlos y abrirnos para que los vecinos sean parte de los cambios. Debemos trabajar en conjunto y estar constantemente en contacto con los ciudadanos.\u201d<\/span><\/p>\n<p class=\"MsoNormal\" style=\"line-height: 14.25pt;\"><span style=\"font-size: 10.0pt; font-family: Georgia; color: black;\"> <\/span><\/p>\n<p class=\"MsoNormal\" style=\"line-height: 14.25pt;\"><span style=\"font-size: 10.0pt; font-family: Georgia; color: black;\">Finalizando, la 1\u00aa Candidata a Diputada Nacional y Presidenta de Uni\u00f3n Por Todos, Patricia Bullrich dirigi\u00e9ndose a la concurrencia expres\u00f3: \u201cEn primer lugar quiero felicitar a todos y cada uno de los candidatos de Uni\u00f3n Por Todos en la Coalici\u00f3n C\u00edvica, por haber tomado la responsabilidad del cargo y haberse preparado apropiadamente. Venimos hoy aqu\u00ed a presentar hombres y mujeres que est\u00e1n preparados, comprometidos y con valores para que desde los ciudadanos logremos el cambio.<\/span><\/p>\n<p class=\"MsoNormal\" style=\"line-height: 14.25pt;\"><span style=\"font-size: 10.0pt; font-family: Georgia; color: black;\">Nosotros vamos a ponerle la mirada de los vecinos, porque descentralizar el poder es ampliar la democracia, es generar muchas miradas que controlan. El compromiso de los nuevos representantes debe ser trabajar para la gente y desde la gente, debemos construir una Ciudad m\u00e1s humana, porque nosotros queremos aportar este sentido a la ciudad de Buenos Aires.<\/span><\/p>\n<p class=\"MsoNormal\" style=\"line-height: 14.25pt;\"><span style=\"font-size: 10.0pt; font-family: Georgia; color: black;\">En los \u00e1mbitos de las comunas es muy importante que nuestros representantes miren y piensen en la tarea concreta de la gente. Va a haber una batalla para que las columnas fracasen, pero daremos la lucha junto a los vecinos para que as\u00ed no sea. Desde la Coalici\u00f3n C\u00edvica debemos representar principios f\u00e9rreos y gesti\u00f3n concreta para que Buenos Aires sea un ejemplo\u201d.<\/span><\/p>\n<p class=\"MsoNormal\" style=\"line-height: 14.25pt;\"><span style=\"font-size: 10.0pt; font-family: Georgia; color: black;\"> <\/span><\/p>\n<p class=\"MsoNormal\" style=\"line-height: 14.25pt;\"><span style=\"font-size: 10.0pt; font-family: Georgia; color: black;\">M\u00e1s de 180 personas colmaron el sal\u00f3n. Entre los vecinos, militantes e  invitados pudo verse al Maestro Mario Valdez, autor y compositor de tango,  Pablo Wisznienski y Nora Botta, participantes en diversos foros comunales; Sergio Mosquera, Ana Paulino y Beatr\u00edz Oller, pertenecientes a la Asociaci\u00f3n Vecinos del Parque del Centenario, entre otros.<\/span><\/p>\n<p class=\"MsoNormal\" style=\"line-height: 14.25pt;\"><span style=\"font-size: 10.0pt; font-family: Georgia; color: black;\">Una vez m\u00e1s, la pol\u00edtica barrial demostr\u00f3 un claro esp\u00edritu democr\u00e1tico y de respeto. Esto mereci\u00f3 el agradecimiento personal de Arnaldo Sokol a los amigos, vecinos y militantes de otros partidos, que estuvieron presentes, gran parte de los cuales lo acompa\u00f1an en las reuniones del Preconsejo Consultivo Comunal.<\/span><\/p>\n<p class=\"MsoNormal\" style=\"line-height: 14.25pt;\"><span style=\"font-size: 10.0pt; font-family: Georgia; color: black;\">Pasadas las 21.00, la reuni\u00f3n se dio por finalizada. As\u00ed quedaron designados oficialmente los candidatos de Uni\u00f3n por Todos para integrar las futuras Juntas Comunales.<\/span><\/p>\n<\/div>\n<div>\n<div id=\"attachment_1627\" style=\"width: 520px\" class=\"wp-caption alignleft\"><img loading=\"lazy\" decoding=\"async\" aria-describedby=\"caption-attachment-1627\" class=\"size-full wp-image-1627\" title=\"CC 1\" src=\"http:\/\/caballitotequiero.com.ar\/portal\/wp-content\/uploads\/2011\/04\/CC-1.jpg\" alt=\"\" width=\"510\" height=\"339\" srcset=\"http:\/\/caballitotequiero.com.ar\/portal\/wp-content\/uploads\/2011\/04\/CC-1.jpg 510w, http:\/\/caballitotequiero.com.ar\/portal\/wp-content\/uploads\/2011\/04\/CC-1-300x199.jpg 300w\" sizes=\"auto, (max-width: 510px) 100vw, 510px\" \/><p id=\"caption-attachment-1627\" class=\"wp-caption-text\">Juan Pablo Arenaza, Mar\u00eda Eugenia Estenssoro, Patricia Bullrich y Ethel Morandi durante la presentaci\u00f3n de los candidatos a las comunas.<\/p><\/div>\n<div id=\"attachment_1628\" style=\"width: 520px\" class=\"wp-caption alignleft\"><img loading=\"lazy\" decoding=\"async\" aria-describedby=\"caption-attachment-1628\" class=\"size-full wp-image-1628\" title=\"CC 2\" src=\"http:\/\/caballitotequiero.com.ar\/portal\/wp-content\/uploads\/2011\/04\/CC-2.jpg\" alt=\"\" width=\"510\" height=\"383\" srcset=\"http:\/\/caballitotequiero.com.ar\/portal\/wp-content\/uploads\/2011\/04\/CC-2.jpg 510w, http:\/\/caballitotequiero.com.ar\/portal\/wp-content\/uploads\/2011\/04\/CC-2-300x225.jpg 300w, http:\/\/caballitotequiero.com.ar\/portal\/wp-content\/uploads\/2011\/04\/CC-2-80x60.jpg 80w\" sizes=\"auto, (max-width: 510px) 100vw, 510px\" \/><p id=\"caption-attachment-1628\" class=\"wp-caption-text\">Marcelo Iambrich, director del CGPC6 y Facundo Carrillo, director del CGPC2 junto a Arnaldo Sokol.<\/p><\/div>\n<div id=\"attachment_1629\" style=\"width: 520px\" class=\"wp-caption alignleft\"><img loading=\"lazy\" decoding=\"async\" aria-describedby=\"caption-attachment-1629\" class=\"size-full wp-image-1629\" title=\"CC 3\" src=\"http:\/\/caballitotequiero.com.ar\/portal\/wp-content\/uploads\/2011\/04\/CC-3.jpg\" alt=\"\" width=\"510\" height=\"369\" srcset=\"http:\/\/caballitotequiero.com.ar\/portal\/wp-content\/uploads\/2011\/04\/CC-3.jpg 510w, http:\/\/caballitotequiero.com.ar\/portal\/wp-content\/uploads\/2011\/04\/CC-3-300x217.jpg 300w\" sizes=\"auto, (max-width: 510px) 100vw, 510px\" \/><p id=\"caption-attachment-1629\" class=\"wp-caption-text\">Ethel Morandi, Secretaria de Comunas de Uni\u00f3n por Todos.<\/p><\/div>\n<div id=\"attachment_1630\" style=\"width: 520px\" class=\"wp-caption alignleft\"><img loading=\"lazy\" decoding=\"async\" aria-describedby=\"caption-attachment-1630\" class=\"size-full wp-image-1630\" title=\"CC 4\" src=\"http:\/\/caballitotequiero.com.ar\/portal\/wp-content\/uploads\/2011\/04\/CC-4.jpg\" alt=\"\" width=\"510\" height=\"383\" srcset=\"http:\/\/caballitotequiero.com.ar\/portal\/wp-content\/uploads\/2011\/04\/CC-4.jpg 510w, http:\/\/caballitotequiero.com.ar\/portal\/wp-content\/uploads\/2011\/04\/CC-4-300x225.jpg 300w, http:\/\/caballitotequiero.com.ar\/portal\/wp-content\/uploads\/2011\/04\/CC-4-80x60.jpg 80w\" sizes=\"auto, (max-width: 510px) 100vw, 510px\" \/><p id=\"caption-attachment-1630\" class=\"wp-caption-text\">Juan Pablo Arenaza, legislador porte\u00f1o<\/p><\/div>\n<div id=\"attachment_1632\" style=\"width: 520px\" class=\"wp-caption alignleft\"><img loading=\"lazy\" decoding=\"async\" aria-describedby=\"caption-attachment-1632\" class=\"size-full wp-image-1632\" title=\"CC 5\" src=\"http:\/\/caballitotequiero.com.ar\/portal\/wp-content\/uploads\/2011\/04\/CC-5.jpg\" alt=\"\" width=\"510\" height=\"397\" srcset=\"http:\/\/caballitotequiero.com.ar\/portal\/wp-content\/uploads\/2011\/04\/CC-5.jpg 510w, http:\/\/caballitotequiero.com.ar\/portal\/wp-content\/uploads\/2011\/04\/CC-5-300x233.jpg 300w\" sizes=\"auto, (max-width: 510px) 100vw, 510px\" \/><p id=\"caption-attachment-1632\" class=\"wp-caption-text\">Patricia Bullrich, Candidata a Diputada Nacional <\/p><\/div>\n<p><img loading=\"lazy\" decoding=\"async\" class=\"alignleft size-full wp-image-1633\" title=\"CC 6\" src=\"http:\/\/caballitotequiero.com.ar\/portal\/wp-content\/uploads\/2011\/04\/CC-6.jpg\" alt=\"\" width=\"510\" height=\"383\" srcset=\"http:\/\/caballitotequiero.com.ar\/portal\/wp-content\/uploads\/2011\/04\/CC-6.jpg 510w, http:\/\/caballitotequiero.com.ar\/portal\/wp-content\/uploads\/2011\/04\/CC-6-300x225.jpg 300w, http:\/\/caballitotequiero.com.ar\/portal\/wp-content\/uploads\/2011\/04\/CC-6-80x60.jpg 80w\" sizes=\"auto, (max-width: 510px) 100vw, 510px\" \/><\/p>\n<\/div>\n","protected":false},"excerpt":{"rendered":"<p>Uni\u00f3n por Todos, partido que preside la Candidata a Diputada Nacional Patricia Bullrich, present\u00f3 sus candidatos a Comunas, este martes 26 de abril, a las 18.00, en el Sal\u00f3n Vedra, ubicado en la calle Jos\u00e9 M\u00e1rmol al 700. El acto tuvo como oradores a Ethel Morandi (Secretaria de Comunas de Uni\u00f3n Por Todos), el legislador [&hellip;]<\/p>\n","protected":false},"author":1,"featured_media":1634,"comment_status":"open","ping_status":"open","sticky":false,"template":"","format":"standard","meta":{"footnotes":""},"categories":[5],"tags":[],"class_list":["post-1626","post","type-post","status-publish","format-standard","has-post-thumbnail","hentry","category-noticias"],"_links":{"self":[{"href":"http:\/\/caballitotequiero.com.ar\/portal\/wp-json\/wp\/v2\/posts\/1626","targetHints":{"allow":["GET"]}}],"collection":[{"href":"http:\/\/caballitotequiero.com.ar\/portal\/wp-json\/wp\/v2\/posts"}],"about":[{"href":"http:\/\/caballitotequiero.com.ar\/portal\/wp-json\/wp\/v2\/types\/post"}],"author":[{"embeddable":true,"href":"http:\/\/caballitotequiero.com.ar\/portal\/wp-json\/wp\/v2\/users\/1"}],"replies":[{"embeddable":true,"href":"http:\/\/caballitotequiero.com.ar\/portal\/wp-json\/wp\/v2\/comments?post=1626"}],"version-history":[{"count":4,"href":"http:\/\/caballitotequiero.com.ar\/portal\/wp-json\/wp\/v2\/posts\/1626\/revisions"}],"predecessor-version":[{"id":1639,"href":"http:\/\/caballitotequiero.com.ar\/portal\/wp-json\/wp\/v2\/posts\/1626\/revisions\/1639"}],"wp:featuredmedia":[{"embeddable":true,"href":"http:\/\/caballitotequiero.com.ar\/portal\/wp-json\/wp\/v2\/media\/1634"}],"wp:attachment":[{"href":"http:\/\/caballitotequiero.com.ar\/portal\/wp-json\/wp\/v2\/media?parent=1626"}],"wp:term":[{"taxonomy":"category","embeddable":true,"href":"http:\/\/caballitotequiero.com.ar\/portal\/wp-json\/wp\/v2\/categories?post=1626"},{"taxonomy":"post_tag","embeddable":true,"href":"http:\/\/caballitotequiero.com.ar\/portal\/wp-json\/wp\/v2\/tags?post=1626"}],"curies":[{"name":"wp","href":"https:\/\/api.w.org\/{rel}","templated":true}]}}