{"id":1644,"date":"2011-04-27T22:42:15","date_gmt":"2011-04-28T01:42:15","guid":{"rendered":"http:\/\/caballitotequiero.com.ar\/portal\/?p=1644"},"modified":"2011-04-27T22:47:19","modified_gmt":"2011-04-28T01:47:19","slug":"se-limpio-la-fuente-catalana-del-parque-rivadavia","status":"publish","type":"post","link":"http:\/\/caballitotequiero.com.ar\/portal\/2011\/04\/27\/se-limpio-la-fuente-catalana-del-parque-rivadavia\/","title":{"rendered":"SE LIMPI\u00d3 LA FUENTE CATALANA DEL PARQUE RIVADAVIA"},"content":{"rendered":"<p>El martes 26 de abril, personal del CGPC 6 procedi\u00f3 a la limpieza de la Fuente La Doncella, tambi\u00e9n conocida como la Fuente Catalana.<\/p>\n<p>La escultura, obra del catal\u00e1n Josep Llimona, se encuentra ubicada en el Parque Rivadavia, sobre la entrada de la calle Rosario.<\/p>\n<p>La misma hab\u00eda sufrido la acci\u00f3n de v\u00e1ndalos que, escribieron sendos graffittis en los gl\u00fateos de la obra de arte.<\/p>\n<p>El CGPC 6, con la autorizaci\u00f3n y asesoramiento t\u00e9cnico del MOA (Monumentos y Obras de Arte), dependiente de la Direcci\u00f3n General de Espacios Verdes del GCABA, realiz\u00f3 la limpieza de la escultura.<\/p>\n<p>As\u00ed, mediante una r\u00e1pida intervenci\u00f3n de las autoridades, se pudo recuperar el estado original de la Fuente Catalana.<\/p>\n<p>Solo queda esperar que, la escultura, no sufra m\u00e1s vand\u00e1licos ataques. La repetici\u00f3n de los mismos, sumado a sucesivas limpiezas, terminar\u00edan da\u00f1ando el m\u00e1rmol con el que est\u00e1 confeccionada la obra.<\/p>\n<div id=\"attachment_1651\" style=\"width: 520px\" class=\"wp-caption alignleft\"><img loading=\"lazy\" decoding=\"async\" aria-describedby=\"caption-attachment-1651\" class=\"size-full wp-image-1651\" title=\"0 fuente catalana 1\" src=\"http:\/\/caballitotequiero.com.ar\/portal\/wp-content\/uploads\/2011\/04\/0-fuente-catalana-13.jpg\" alt=\"\" width=\"510\" height=\"383\" srcset=\"http:\/\/caballitotequiero.com.ar\/portal\/wp-content\/uploads\/2011\/04\/0-fuente-catalana-13.jpg 510w, http:\/\/caballitotequiero.com.ar\/portal\/wp-content\/uploads\/2011\/04\/0-fuente-catalana-13-300x225.jpg 300w, http:\/\/caballitotequiero.com.ar\/portal\/wp-content\/uploads\/2011\/04\/0-fuente-catalana-13-80x60.jpg 80w\" sizes=\"auto, (max-width: 510px) 100vw, 510px\" \/><p id=\"caption-attachment-1651\" class=\"wp-caption-text\">La Fuente Catalana luce nuevamente limpia y radiante.<\/p><\/div>\n<p><img loading=\"lazy\" decoding=\"async\" class=\"alignleft size-full wp-image-1652\" title=\"0 fuente catalana 2\" src=\"http:\/\/caballitotequiero.com.ar\/portal\/wp-content\/uploads\/2011\/04\/0-fuente-catalana-23.jpg\" alt=\"\" width=\"510\" height=\"383\" srcset=\"http:\/\/caballitotequiero.com.ar\/portal\/wp-content\/uploads\/2011\/04\/0-fuente-catalana-23.jpg 510w, http:\/\/caballitotequiero.com.ar\/portal\/wp-content\/uploads\/2011\/04\/0-fuente-catalana-23-300x225.jpg 300w, http:\/\/caballitotequiero.com.ar\/portal\/wp-content\/uploads\/2011\/04\/0-fuente-catalana-23-80x60.jpg 80w\" sizes=\"auto, (max-width: 510px) 100vw, 510px\" \/><\/p>\n<div id=\"attachment_1653\" style=\"width: 520px\" class=\"wp-caption alignleft\"><img loading=\"lazy\" decoding=\"async\" aria-describedby=\"caption-attachment-1653\" class=\"size-full wp-image-1653\" title=\"0 fuente catalana 3\" src=\"http:\/\/caballitotequiero.com.ar\/portal\/wp-content\/uploads\/2011\/04\/0-fuente-catalana-32.jpg\" alt=\"\" width=\"510\" height=\"383\" srcset=\"http:\/\/caballitotequiero.com.ar\/portal\/wp-content\/uploads\/2011\/04\/0-fuente-catalana-32.jpg 510w, http:\/\/caballitotequiero.com.ar\/portal\/wp-content\/uploads\/2011\/04\/0-fuente-catalana-32-300x225.jpg 300w, http:\/\/caballitotequiero.com.ar\/portal\/wp-content\/uploads\/2011\/04\/0-fuente-catalana-32-80x60.jpg 80w\" sizes=\"auto, (max-width: 510px) 100vw, 510px\" \/><p id=\"caption-attachment-1653\" class=\"wp-caption-text\">La Fuente con graffittis, antes de ser limpiada.<\/p><\/div>\n<p><br id=\"__mce\" \/><\/p>\n","protected":false},"excerpt":{"rendered":"<p>El martes 26 de abril, personal del CGPC 6 procedi\u00f3 a la limpieza de la Fuente La Doncella, tambi\u00e9n conocida como la Fuente Catalana. La escultura, obra del catal\u00e1n Josep Llimona, se encuentra ubicada en el Parque Rivadavia, sobre la entrada de la calle Rosario. La misma hab\u00eda sufrido la acci\u00f3n de v\u00e1ndalos que, escribieron [&hellip;]<\/p>\n","protected":false},"author":1,"featured_media":1654,"comment_status":"open","ping_status":"open","sticky":false,"template":"","format":"standard","meta":{"footnotes":""},"categories":[5],"tags":[],"class_list":["post-1644","post","type-post","status-publish","format-standard","has-post-thumbnail","hentry","category-noticias"],"_links":{"self":[{"href":"http:\/\/caballitotequiero.com.ar\/portal\/wp-json\/wp\/v2\/posts\/1644","targetHints":{"allow":["GET"]}}],"collection":[{"href":"http:\/\/caballitotequiero.com.ar\/portal\/wp-json\/wp\/v2\/posts"}],"about":[{"href":"http:\/\/caballitotequiero.com.ar\/portal\/wp-json\/wp\/v2\/types\/post"}],"author":[{"embeddable":true,"href":"http:\/\/caballitotequiero.com.ar\/portal\/wp-json\/wp\/v2\/users\/1"}],"replies":[{"embeddable":true,"href":"http:\/\/caballitotequiero.com.ar\/portal\/wp-json\/wp\/v2\/comments?post=1644"}],"version-history":[{"count":3,"href":"http:\/\/caballitotequiero.com.ar\/portal\/wp-json\/wp\/v2\/posts\/1644\/revisions"}],"predecessor-version":[{"id":1650,"href":"http:\/\/caballitotequiero.com.ar\/portal\/wp-json\/wp\/v2\/posts\/1644\/revisions\/1650"}],"wp:featuredmedia":[{"embeddable":true,"href":"http:\/\/caballitotequiero.com.ar\/portal\/wp-json\/wp\/v2\/media\/1654"}],"wp:attachment":[{"href":"http:\/\/caballitotequiero.com.ar\/portal\/wp-json\/wp\/v2\/media?parent=1644"}],"wp:term":[{"taxonomy":"category","embeddable":true,"href":"http:\/\/caballitotequiero.com.ar\/portal\/wp-json\/wp\/v2\/categories?post=1644"},{"taxonomy":"post_tag","embeddable":true,"href":"http:\/\/caballitotequiero.com.ar\/portal\/wp-json\/wp\/v2\/tags?post=1644"}],"curies":[{"name":"wp","href":"https:\/\/api.w.org\/{rel}","templated":true}]}}